{"id":656085,"date":"2026-01-11T12:14:09","date_gmt":"2026-01-11T12:14:09","guid":{"rendered":"https:\/\/www.europesays.com\/fr\/656085\/"},"modified":"2026-01-11T12:14:09","modified_gmt":"2026-01-11T12:14:09","slug":"sony-aurait-annule-un-spin-off-prometteur-de-spider-man-realise-par-un-grand-cineaste","status":"publish","type":"post","link":"https:\/\/www.europesays.com\/fr\/656085\/","title":{"rendered":"Sony aurait annul\u00e9 un spin-off prometteur de Spider-Man r\u00e9alis\u00e9 par un grand cin\u00e9aste"},"content":{"rendered":"<p class=\"chapo\">Sony aurait finalement renonc\u00e9 \u00e0 d\u00e9velopper un spin-off de Spider-Man pourtant jug\u00e9 prometteur, malgr\u00e9 l\u2019implication d\u2019un r\u00e9alisateur reconnu. Ce projet, attendu par les fans et l\u2019industrie, ne verra donc pas le jour selon plusieurs sources concordantes.<\/p>\n<p>Tl;dr<\/p>\n<ul>\n<li>Le film <strong>Spider-Woman<\/strong> par Olivia Wilde est annul\u00e9.<\/li>\n<li><strong>Sony<\/strong> ouvre son univers \u00e0 plus de collaborations MCU.<\/li>\n<li>Aucune actrice ou intrigue officielle d\u00e9voil\u00e9e pour Spider-Woman.<\/li>\n<\/ul>\n<p>Des ambitions contrari\u00e9es autour de Spider-Woman<\/p>\n<p>L\u2019avenir du <a href=\"https:\/\/www.begeek.fr\/spider-punk-un-spin-off-tres-attendu-du-spider-verse-425227\" target=\"_blank\" rel=\"noopener\"><strong>Spider-Verse<\/strong><\/a> chez Sony semblait se dessiner avec de nouveaux horizons, mais le projet d\u2019un film consacr\u00e9 \u00e0 <strong>Spider-Woman<\/strong>, dirig\u00e9 par la r\u00e9alisatrice acclam\u00e9e Olivia Wilde, n\u2019ira finalement pas plus loin. La rumeur persistait depuis plusieurs ann\u00e9es, aliment\u00e9e par des d\u00e9clarations \u00e9nigmatiques et quelques confidences lors d\u2019interviews, mais l\u2019information a \u00e9t\u00e9 confirm\u00e9e aujourd\u2019hui par le bien inform\u00e9 @DanielRPK : \u00ab Le film Spider-Woman d\u2019Olivia Wilde est mort \u00bb. Un coup dur pour celles et ceux qui esp\u00e9raient voir ce personnage embl\u00e9matique s\u2019imposer sur grand \u00e9cran.<\/p>\n<p>Lumi\u00e8re sur un projet myst\u00e9rieux<\/p>\n<p>Avant que <strong>Madame Web<\/strong> et <strong>Kraven<\/strong> ne referment un chapitre r\u00e9cent de l\u2019univers cin\u00e9matographique de Sony, le studio travaillait discr\u00e8tement sur un projet tenu secret avec la r\u00e9alisatrice de \u00ab\u00a0Booksmart\u00a0\u00bb. Si rien n\u2019a jamais \u00e9t\u00e9 officiellement confirm\u00e9 sur l\u2019identit\u00e9 exacte de la version de <strong>Spider-Woman<\/strong> vis\u00e9e, deux noms circulaient : Jessica Drew et Julia Carpenter. Beaucoup penchaient toutefois pour Jessica Drew, dont le temp\u00e9rament ironique semblait parfaitement correspondre au style d\u2019Olivia Wilde. Les sp\u00e9culations allaient bon train, mais aucun d\u00e9tail de casting ou sc\u00e9nario n\u2019a filtr\u00e9 publiquement.<\/p>\n<p>Sony revoit sa strat\u00e9gie autour du MCU<\/p>\n<p>Dans le m\u00eame temps, une \u00e9volution notable se dessine du c\u00f4t\u00e9 des relations entre Sony Pictures et les studios Marvel. Plusieurs signaux indiquent que Sony pourrait d\u00e9sormais assouplir ses conditions sur l\u2019exploitation de ses personnages dans le tr\u00e8s lucratif univers du <strong>MCU<\/strong>. Cette ouverture pourrait permettre, \u00e0 terme, \u00e0 des figures comme Spider-Woman d\u2019int\u00e9grer plus facilement les r\u00e9cits port\u00e9s par Marvel Studios.<\/p>\n<p>Voici ce qu\u2019on retiendra des coulisses de ce projet avort\u00e9 :<\/p>\n<ul>\n<li>Aucune annonce officielle n\u2019a pr\u00e9cis\u00e9 l\u2019actrice ou l\u2019arc narratif retenus.<\/li>\n<li>Olivia Wilde, malgr\u00e9 son enthousiasme affich\u00e9, gardait toujours le secret lors des interviews.<\/li>\n<li>L\u2019int\u00e9r\u00eat renouvel\u00e9 pour de nouvelles collaborations laisse ouverte la porte \u00e0 un retour \u00e9ventuel du personnage sous une autre forme.<\/li>\n<\/ul>\n<p>L\u2019horizon du Spider-Verse reste en mouvement<\/p>\n<p>Alors que les regards se tournent d\u00e9j\u00e0 vers la sortie pr\u00e9vue de \u00ab\u00a0<a href=\"https:\/\/www.begeek.fr\/tout-ce-que-lon-sait-deja-sur-spider-man-brand-new-day-426056\" target=\"_blank\" rel=\"noopener\">Spider-Man: Brand New Day<\/a>\u00a0\u00bb le 31 juillet 2026, difficile de savoir si le r\u00eave d\u2019un long-m\u00e9trage centr\u00e9 sur Spider-Woman rena\u00eetra ailleurs ou sous une autre direction. Entre attentes d\u00e9\u00e7ues et signaux encourageants pour une ouverture accrue au sein du MCU, l\u2019univers tiss\u00e9 autour de Spider-Man continue d\u00e9cid\u00e9ment d\u2019\u00e9voluer au gr\u00e9 des strat\u00e9gies industrielles et des passions cin\u00e9philes.<\/p>\n","protected":false},"excerpt":{"rendered":"Sony aurait finalement renonc\u00e9 \u00e0 d\u00e9velopper un spin-off de Spider-Man pourtant jug\u00e9 prometteur, malgr\u00e9 l\u2019implication d\u2019un r\u00e9alisateur reconnu.&hellip;\n","protected":false},"author":2,"featured_media":656086,"comment_status":"","ping_status":"","sticky":false,"template":"","format":"standard","meta":{"footnotes":""},"categories":[1354],"tags":[58,59,1346,1011,27,1360],"class_list":{"0":"post-656085","1":"post","2":"type-post","3":"status-publish","4":"format-standard","5":"has-post-thumbnail","7":"category-films","8":"tag-divertissement","9":"tag-entertainment","10":"tag-films","11":"tag-fr","12":"tag-france","13":"tag-movies"},"share_on_mastodon":{"url":"https:\/\/pubeurope.com\/@fr\/115876414302378071","error":""},"_links":{"self":[{"href":"https:\/\/www.europesays.com\/fr\/wp-json\/wp\/v2\/posts\/656085","targetHints":{"allow":["GET"]}}],"collection":[{"href":"https:\/\/www.europesays.com\/fr\/wp-json\/wp\/v2\/posts"}],"about":[{"href":"https:\/\/www.europesays.com\/fr\/wp-json\/wp\/v2\/types\/post"}],"author":[{"embeddable":true,"href":"https:\/\/www.europesays.com\/fr\/wp-json\/wp\/v2\/users\/2"}],"replies":[{"embeddable":true,"href":"https:\/\/www.europesays.com\/fr\/wp-json\/wp\/v2\/comments?post=656085"}],"version-history":[{"count":0,"href":"https:\/\/www.europesays.com\/fr\/wp-json\/wp\/v2\/posts\/656085\/revisions"}],"wp:featuredmedia":[{"embeddable":true,"href":"https:\/\/www.europesays.com\/fr\/wp-json\/wp\/v2\/media\/656086"}],"wp:attachment":[{"href":"https:\/\/www.europesays.com\/fr\/wp-json\/wp\/v2\/media?parent=656085"}],"wp:term":[{"taxonomy":"category","embeddable":true,"href":"https:\/\/www.europesays.com\/fr\/wp-json\/wp\/v2\/categories?post=656085"},{"taxonomy":"post_tag","embeddable":true,"href":"https:\/\/www.europesays.com\/fr\/wp-json\/wp\/v2\/tags?post=656085"}],"curies":[{"name":"wp","href":"https:\/\/api.w.org\/{rel}","templated":true}]}}