{"id":656095,"date":"2026-01-11T12:19:17","date_gmt":"2026-01-11T12:19:17","guid":{"rendered":"https:\/\/www.europesays.com\/fr\/656095\/"},"modified":"2026-01-11T12:19:17","modified_gmt":"2026-01-11T12:19:17","slug":"profitez-dune-nuit-reparatrice-avec-cet-oreiller-elu-produit-d","status":"publish","type":"post","link":"https:\/\/www.europesays.com\/fr\/656095\/","title":{"rendered":"Profitez d&rsquo;une nuit r\u00e9paratrice avec cet oreiller, \u00e9lu \u00ab\u00a0Produit d &#8230;"},"content":{"rendered":"<p>Le sommeil est essentiel pour notre bien-\u00eatre, et l&rsquo;oreiller<br \/>\njoue un r\u00f4le crucial dans la qualit\u00e9 de nos nuits. Si vous avez<br \/>\nl&rsquo;habitude de vous r\u00e9veiller avec des douleurs au cou ou aux<br \/>\n\u00e9paules, il est peut-\u00eatre temps de changer votre oreiller. Bonne<br \/>\nnouvelle : l&rsquo;oreiller Nuage Elite d&rsquo;Emma, \u00e9lu \u00ab\u00a0Produit de l&rsquo;ann\u00e9e<br \/>\n2025\u00a0\u00bb, est en promotion pendant les soldes d&rsquo;hiver. Avec une<br \/>\nr\u00e9duction de 40 %, il devient un excellent investissement pour un<br \/>\nconfort optimal chaque nuit.<\/p>\n<p><strong>&gt;&gt; <a href=\"https:\/\/fliz.ly\/QzQpk_w\" target=\"_blank\" rel=\"nofollow noopener\">D\u00e9couvrez l&rsquo;oreiller Nuage Elite<br \/>\nd&rsquo;Emma \u00e0 prix r\u00e9duit<\/a><\/strong><\/p>\n<p>Pourquoi on aime l&rsquo;oreiller Nuage Elite ?<\/p>\n<p>L&rsquo;oreiller Nuage Elite d&rsquo;Emma se distingue avant tout par son<br \/>\ndesign ergonomique et sa technologie de pointe. Con\u00e7u pour soulager<br \/>\nles douleurs cervicales et offrir un soutien personnalis\u00e9, il est<br \/>\nbien plus qu&rsquo;un simple oreiller. Cet accessoire est pens\u00e9 pour<br \/>\n\u00e9pouser parfaitement la forme de votre nuque et de vos \u00e9paules, et<br \/>\nce, quelle que soit votre position de sommeil.<\/p>\n<p>Sa technologie AirGrid, qui repose sur un maillage alv\u00e9ol\u00e9<br \/>\nunique, permet de distribuer la pression de mani\u00e8re homog\u00e8ne,<br \/>\noffrant ainsi un soutien continu et un confort optimal pendant la<br \/>\nnuit. Ce syst\u00e8me r\u00e9duit consid\u00e9rablement les points de pression. En<br \/>\ns&rsquo;adaptant \u00e0 vos mouvements nocturnes, il offre une exp\u00e9rience de<br \/>\nsommeil fluide, comme sur un nuage.<\/p>\n<p>Cet oreiller Nuage Elite est aussi con\u00e7u pour maintenir une<br \/>\ntemp\u00e9rature agr\u00e9able pendant la nuit. La couche thermor\u00e9gulatrice<br \/>\nde sa housse permet d&rsquo;\u00e9vacuer la chaleur et d&rsquo;assurer un sommeil<br \/>\nplus frais, m\u00eame pour ceux qui ont tendance \u00e0 avoir chaud la nuit.<br \/>\nDe plus, son rembourrage en fibres creuses garantit une a\u00e9ration<br \/>\noptimale, offrant un confort sur-mesure.<\/p>\n<p>Un bon plan \u00e0 ne pas manquer<\/p>\n<p>Actuellement, l&rsquo;<a href=\"https:\/\/fliz.ly\/QzQpk_w\" target=\"_blank\" rel=\"nofollow noopener\">oreiller Nuage Elite d&rsquo;Emma<\/a><br \/>\nest propos\u00e9 avec une remise de 40 % pendant les soldes d&rsquo;hiver, ce<br \/>\nqui fait passer son prix de 164,99 euros \u00e0 98,99 euros. Cette<br \/>\nr\u00e9duction rend ce produit de qualit\u00e9 et pl\u00e9biscit\u00e9 par les<br \/>\nconsommateurs plus accessible que jamais. C\u2019est l\u2019occasion id\u00e9ale<br \/>\npour investir dans un oreiller ergonomique haut de gamme qui<br \/>\npourrait am\u00e9liorer consid\u00e9rablement la qualit\u00e9 de vos nuits.<\/p>\n<p>Non seulement cet oreiller est un alli\u00e9 pour soulager les<br \/>\ndouleurs au cou et aux \u00e9paules, mais il permet \u00e9galement<br \/>\nd&rsquo;am\u00e9liorer la qualit\u00e9 de votre sommeil sur le long terme. Son<br \/>\nconfort ajustable et sa capacit\u00e9 \u00e0 r\u00e9guler la temp\u00e9rature font de<br \/>\nlui un produit indispensable pour les personnes qui recherchent un<br \/>\nsoutien de qualit\u00e9 chaque nuit.<\/p>\n<p>Tous les produits mis en avant dans cet article ont \u00e9t\u00e9<br \/>\ns\u00e9lectionn\u00e9s par nos r\u00e9dacteurs. Ce contenu a \u00e9t\u00e9 r\u00e9dig\u00e9 par un<br \/>\nr\u00e9dacteur avec l&rsquo;aide d&rsquo;une intelligence artificielle.<br \/>Lorsque vous achetez via nos liens de vente, nous pouvons<br \/>\npercevoir une commission d\u2019affiliation. Les prix indiqu\u00e9s et les<br \/>\nstocks peuvent \u00eatre amen\u00e9s \u00e0 varier entre le moment o\u00f9 l\u2019article<br \/>\nest publi\u00e9 et votre lecture de la page.<\/p>\n","protected":false},"excerpt":{"rendered":"Le sommeil est essentiel pour notre bien-\u00eatre, et l&rsquo;oreiller joue un r\u00f4le crucial dans la qualit\u00e9 de nos&hellip;\n","protected":false},"author":2,"featured_media":656096,"comment_status":"","ping_status":"","sticky":false,"template":"","format":"standard","meta":{"footnotes":""},"categories":[6],"tags":[548,35,33,34,1011,27],"class_list":{"0":"post-656095","1":"post","2":"type-post","3":"status-publish","4":"format-standard","5":"has-post-thumbnail","7":"category-economie","8":"tag-article-simple","9":"tag-business","10":"tag-economie","11":"tag-economy","12":"tag-fr","13":"tag-france"},"share_on_mastodon":{"url":"https:\/\/pubeurope.com\/@fr\/115876434503453902","error":""},"_links":{"self":[{"href":"https:\/\/www.europesays.com\/fr\/wp-json\/wp\/v2\/posts\/656095","targetHints":{"allow":["GET"]}}],"collection":[{"href":"https:\/\/www.europesays.com\/fr\/wp-json\/wp\/v2\/posts"}],"about":[{"href":"https:\/\/www.europesays.com\/fr\/wp-json\/wp\/v2\/types\/post"}],"author":[{"embeddable":true,"href":"https:\/\/www.europesays.com\/fr\/wp-json\/wp\/v2\/users\/2"}],"replies":[{"embeddable":true,"href":"https:\/\/www.europesays.com\/fr\/wp-json\/wp\/v2\/comments?post=656095"}],"version-history":[{"count":0,"href":"https:\/\/www.europesays.com\/fr\/wp-json\/wp\/v2\/posts\/656095\/revisions"}],"wp:featuredmedia":[{"embeddable":true,"href":"https:\/\/www.europesays.com\/fr\/wp-json\/wp\/v2\/media\/656096"}],"wp:attachment":[{"href":"https:\/\/www.europesays.com\/fr\/wp-json\/wp\/v2\/media?parent=656095"}],"wp:term":[{"taxonomy":"category","embeddable":true,"href":"https:\/\/www.europesays.com\/fr\/wp-json\/wp\/v2\/categories?post=656095"},{"taxonomy":"post_tag","embeddable":true,"href":"https:\/\/www.europesays.com\/fr\/wp-json\/wp\/v2\/tags?post=656095"}],"curies":[{"name":"wp","href":"https:\/\/api.w.org\/{rel}","templated":true}]}}