{"id":656097,"date":"2026-01-11T12:20:14","date_gmt":"2026-01-11T12:20:14","guid":{"rendered":"https:\/\/www.europesays.com\/fr\/656097\/"},"modified":"2026-01-11T12:20:14","modified_gmt":"2026-01-11T12:20:14","slug":"on-est-en-train-de-devenir-aussi-con-que-vous-en-belgique-la-francisation-de-la-vie-politique","status":"publish","type":"post","link":"https:\/\/www.europesays.com\/fr\/656097\/","title":{"rendered":"\u00ab\u00a0On est en train de devenir aussi con que vous\u00a0\u00bb \u2026 En Belgique, la \u00ab\u00a0francisation\u00a0\u00bb de la vie politique"},"content":{"rendered":"<p>De notre envoy\u00e9 sp\u00e9cial \u00e0 Bruxelles,<\/p>\n<p>\u00ab\u00a0Tu sais comment on sauve un Fran\u00e7ais de la noyade\u00a0? Non\u00a0? Tant mieux\u00a0!\u00a0\u00bb Soyons beaux joueurs, les <a href=\"https:\/\/www.20minutes.fr\/dossier\/belgique\" class=\"c-link c-link--is-underlined\" target=\"_blank\" rel=\"noopener\">Belges<\/a> aussi ont leurs blagues sur les Fran\u00e7ais. La plaisanterie ci-dessus est un classique du genre, qui fonctionne \u00e0 chaque d\u00e9boire fran\u00e7ais, notamment <a href=\"https:\/\/www.20minutes.fr\/politique\/\" class=\"c-link c-link--is-underlined\" target=\"_blank\" rel=\"noopener\">politique<\/a>. La <a href=\"https:\/\/www.20minutes.fr\/dossier\/dissolution\" class=\"c-link c-link--is-underlined\" target=\"_blank\" rel=\"noopener\">dissolution<\/a>, un gouvernement fran\u00e7ais infoutu de tenir plus de trois mois, <a href=\"https:\/\/www.20minutes.fr\/politique\/emmanuel-macron\/\" class=\"c-link c-link--is-underlined\" target=\"_blank\" rel=\"noopener\">Emmanuel Macron<\/a> cherchant d\u00e9sesp\u00e9r\u00e9ment une majorit\u00e9\u2026 Il y a toujours eu, \u00e0 <a href=\"https:\/\/www.20minutes.fr\/dossier\/bruxelles\" class=\"c-link c-link--is-underlined\" target=\"_blank\" rel=\"noopener\">Bruxelles<\/a>, un plaisir gentillet \u00e0 regarder notre Ve\u00a0R\u00e9publique boire la tasse.<\/p>\n<\/p>\n<p>\u00ab\u00a0On s\u2019\u00e9tonne que vous soyez \u00e9tonn\u00e9s du chaos\u00a0\u00bb, sourit Romain, qui rappelle que son pays \u00ab\u00a0est celui du compromis\u00a0\u00bb. Derni\u00e8re preuve en date, la nomination d\u2019un <a href=\"https:\/\/www.20minutes.fr\/dossier\/premier_ministre\" class=\"c-link c-link--is-underlined\" target=\"_blank\" rel=\"noopener\">Premier ministre<\/a> nationaliste flamand, \u00ab\u00a0qui pourtant d\u00e9fend tr\u00e8s bien la Belgique \u00e0 l\u2019international, et s\u2019est alli\u00e9 avec le parti <a href=\"https:\/\/www.20minutes.fr\/dossier\/socialiste\" class=\"c-link c-link--is-underlined\" target=\"_blank\" rel=\"noopener\">socialiste<\/a>\u00a0\u00bb, explique le trentenaire. Culture du compromis, priorit\u00e9 \u00e0 l\u2019int\u00e9r\u00eat g\u00e9n\u00e9ral, non-culte du chef, cordon sanitaire contre l\u2019extr\u00eame droite\u2026 Pendant longtemps, le plat pays a pu se draper de toute sa vertu politique pour se moquer de son voisin d\u2019outre-Qui\u00e9vrain. Le Belge, moins pr\u00e9tentieux que le Fran\u00e7ais, s\u2019est toutefois bien gard\u00e9 de dire que nos politiciens auraient d\u00fb s\u2019inspirer des leurs, pr\u00e9f\u00e9rant la blague \u00e0 la le\u00e7on de morale. Bien lui en a pris, car, contre toute attente, c\u2019est l\u2019inverse qui est en train de se produire. \u00ab\u00a0Nos politiques se \u00ab\u00a0francisent\u00a0\u00bb, d\u00e9plore Marc, 43 ans. C\u2019est terrible, on est en train de devenir aussi con que vous.\u00a0\u00bb<\/p>\n<p>Plus de 500 jours sans gouvernement belge<\/p>\n<p>Vivant dans la capitale, le pauvre homme se trouve en plein c\u0153ur du ph\u00e9nom\u00e8ne. Depuis plus de 500 jours, la r\u00e9gion bruxelloise doit faire sans gouvernement, record mondial. Plus que quiconque, le Belge sait que les meilleures blagues sont les plus courtes, et il commence \u00e0 trouver le temps long. \u00ab\u00a0O\u00f9 est la prime \u00e0 l\u2019int\u00e9r\u00eat g\u00e9n\u00e9ral\u00a0?\u00a0\u00bb, rousp\u00e8te Marc, en train de pousser sa voiture enlis\u00e9e dans la neige. Certes, un gouvernement n\u2019aurait pas pu faire grand-chose contre la <a href=\"https:\/\/www.20minutes.fr\/dossier\/meteo\" class=\"c-link c-link--is-underlined\" target=\"_blank\" rel=\"noopener\">m\u00e9t\u00e9o<\/a> hivernale, mais son absence se fait durement ressentir sur tous le reste. \u00ab\u00a0Des entreprises quittent Bruxelles, beaucoup de montants associatifs sont bloqu\u00e9s, les banques ont arr\u00eat\u00e9 leur cr\u00e9dit \u00e0 court terme, la dette explose\u00a0\u00bb, ressasse l\u2019\u00e9conomiste Bernard Keppenne, pour qui \u00ab\u00a0un blocage r\u00e9gional est tr\u00e8s p\u00e9nalisant\u00a0\u00bb. Une dette qui explose, pas de budget ni de gouvernement\u2026 \u00c7a ne vous rappelle rien\u00a0?<\/p>\n<p>Une amie de Marc, travaillant dans l\u2019associatif, a \u00e9t\u00e9 licenci\u00e9e, faute de budget, et lui se demande bien comment va s\u2019en sortir la <a href=\"https:\/\/www.20minutes.fr\/dossier\/ville\" class=\"c-link c-link--is-underlined\" target=\"_blank\" rel=\"noopener\">ville<\/a>. Les 89 d\u00e9put\u00e9s bruxellois, issus de 14 partis diff\u00e9rents, se disputent toujours le pouvoir. Pascal Dewitt, politologue le plus m\u00e9diatique de la ville, pointait entre autres raisons \u00ab\u00a0une nouvelle g\u00e9n\u00e9ration\u00a0\u00bb de politiques, moins dispos\u00e9s \u00e0 faire des concessions. \u00ab\u00a0Il faut apprendre \u00e0 vivre avec, c\u2019est une nouvelle fa\u00e7on de faire la politique d\u00e9sormais\u00a0\u00bb, regrette un Marc aussi nostalgique de l\u2019ancien temps que de ses pneus neiges.<\/p>\n<p>Pol\u00e9mique sur les cr\u00e8ches de No\u00ebl et les p\u00e2tes<\/p>\n<p>D\u2019autres signaux t\u00e9moignent de ce changement. En d\u00e9cembre, une pol\u00e9mique explosive a concern\u00e9 la cr\u00e8che de la ville, retrace Romain. Les diff\u00e9rents personnages ont \u00e9t\u00e9 con\u00e7us de tissus recycl\u00e9s et de r\u00e9cup\u00e9ration, avec des \u00ab\u00a0visages\u00a0\u00bb sans traits humains. Un choix vu par certains comme \u00e9pousant l\u2019id\u00e9ologie salafiste, avec l\u2019interdiction islamique de repr\u00e9senter les visages.<\/p>\n<p><img decoding=\"async\" alt=\"La cr\u00e8che de No\u00eal de Bruxelles, qui a enflamm\u00e9 le d\u00e9bat politique belge.\" class=\"c-img\" loading=\"lazy\" fetchpriority=\"auto\" width=\"718\"  src=\"https:\/\/img.20mn.fr\/jZ52ONxAR_2Z4KWrj7ji8ik\/718x0\" \/>La cr\u00e8che de No\u00eal de Bruxelles, qui a enflamm\u00e9 le d\u00e9bat politique belge.\u2002-\u00a0NICOLAS MAETERLINCK\/BELGA\/SIPA<\/p>\n<p>Une p\u00e9tition du Mouvement R\u00e9formateur (droite), \u00ab\u00a0Rendez nous notre march\u00e9 de No\u00ebl\u00a0\u00bb a r\u00e9colt\u00e9 25.000 signatures en vingt-quatre heures. Emma, 29 ans, qui s\u2019est longtemps moqu\u00e9e de la <a href=\"https:\/\/www.20minutes.fr\/politique\/4192777-20251223-plus-plus-creches-noel-mairies-detriment-principe-laicite\" class=\"c-link c-link--is-underlined\" target=\"_blank\" rel=\"noopener\">pol\u00e9mique annuelle des cr\u00e8ches bien made in France<\/a>, ne peut que constater que le ph\u00e9nom\u00e8ne s\u2019est export\u00e9 chez elle.<\/p>\n<p>L\u2019un des hommes forts de la pol\u00e9mique de la cr\u00e8che, Georges-Louis Bouchez, pr\u00e9sident de MR, est coutumier du fait. Il y a deux ans, il rentrait en croisade contre Barilla, qui avait propos\u00e9 une version des carbonaras inclusives, avec possibilit\u00e9 d\u2019en consommer halal, casher, vegan. \u00ab\u00a0Une culture de la petite phrase et de la pol\u00e9mique st\u00e9rile\u00a0\u00bb, qui \u00e9tait loin d\u2019\u00eatre la norme habituellement, d\u00e9plore Romain. \u00ab\u00a0C\u2019\u00e9tait un fervent <a href=\"https:\/\/www.20minutes.fr\/justice\/4180577-20251021-incarceration-sarkozy-france-met-genoux-estiment-soutiens-venus-manifester\" class=\"c-link c-link--is-underlined\" target=\"_blank\" rel=\"noopener\">admirateur de Nicolas Sarkozy<\/a>, notamment dans sa communication politique\u00a0\u00bb, renseigne Emilie van Haute, politologue \u00e0 l\u2019universit\u00e9 libre de Bruxelles.<\/p>\n<p>R\u00e9seaux sociaux et d\u00e9bats st\u00e9riles<\/p>\n<p>Depuis sa nomination \u00e0 la t\u00eate du parti, les politologues du pays d\u00e9battent sur la possible \u00ab\u00a0fascisation\u00a0\u00bb de MR, anciennement de centre droit. Le probl\u00e8me, c\u2019est que son statut, loin d\u2019\u00eatre officiellement d\u2019extr\u00eame droite, lui permet de d\u00e9blat\u00e9rer ses histoires de p\u00e2tes trop halal ou de cr\u00e8che islamique en contournant le cordon sanitaire. \u00ab\u00a0Il y a un appel d\u2019air avec l\u2019absence m\u00e9diatique de l\u2019extr\u00eame droite\u00a0\u00bb, poursuit Emilie van Haute. \u00ab\u00a0Et Georges-Louis Bouchez reprend certaines de leurs th\u00e9matiques en esp\u00e9rant rallier plus d\u2019\u00e9lecteurs.\u00a0\u00bb (On vous a d\u00e9j\u00e0 dit qu\u2019il \u00e9tait fan de <a href=\"https:\/\/www.20minutes.fr\/politique\/nicolas_sarkozy\/\" class=\"c-link c-link--is-underlined\" target=\"_blank\" rel=\"noopener\">Nicolas Sarkozy<\/a>\u00a0?).<\/p>\n<p>Le cordon sanitaire se montre \u00e9galement bien poreux sur les r\u00e9seaux sociaux, participant \u00e0 la polarisation de la politique belge. \u00ab\u00a0Des id\u00e9es politiques extr\u00eames, notamment venant de France, inondent les r\u00e9seaux belges et formatent une partie de l\u2019opinion.\u00a0\u00bb Preuve de cette porosit\u00e9, des jeunes Wallons se sont interrog\u00e9s sur l\u2019absence de\u2026 <a href=\"https:\/\/www.20minutes.fr\/politique\/jordan-bardella\/\" class=\"c-link c-link--is-underlined\" target=\"_blank\" rel=\"noopener\">Jordan Bardella<\/a> des listes \u00e9lectorales belges, rapporte la sp\u00e9cialiste. Une nouveaut\u00e9\u00a0: \u00ab\u00a0Avant, les Belges s\u2019emparaient peu de la politique, la laissant aux professionnels. Il y a historiquement peu de manifestations ou de gr\u00e8ves comme en France.\u00a0Aujourd\u2019hui, la politique est plus passionnelle, m\u00eame dans un cadre familial priv\u00e9\u00a0\u00bb Initialement, le Belge lambda ne parle pas trop de politique, et s\u2019\u00e9charpe encore moins dessus entre amis, d\u00e9veloppe Romain. \u00ab\u00a0M\u00eame dans nos d\u00e9bats, l\u2019id\u00e9e est plus de trouver un accord que de gagner.\u00a0\u00bb Emma confirme\u00a0:<\/p>\n<blockquote class=\"mx-m@xs mx-xxl@md color-ultramarine c-citation\">\n<p class=\"font-weight-regular@xs text-italic font-source-serif-pro text-l@xs c-citation__content\">\u00ab\u00a0Avoir pass\u00e9 le pire No\u00ebl de sa vie \u00e0 s\u2019engueuler dans la famille sur la cr\u00e8che, l\u2019immigration\u2026\u00a0\u00bb<\/p>\n<\/blockquote>\n<p>Marc voit la politique \u00ab\u00a0comme un poison qui pourrit tout. On avait raison de s\u2019en tenir \u00e9loign\u00e9, \u00e0 l\u2019\u00e9poque\u00a0\u00bb. Moins solennel, Jules rigole autour d\u2019une bi\u00e8re\u00a0: \u00ab\u00a0Votre arrogance ne s\u2019arr\u00eate jamais. Vous vous pensez si inspirant les Fran\u00e7ais, jusque dans vos d\u00e9fauts\u00a0?\u00a0\u00bb<\/p>\n<p><a href=\"https:\/\/www.20minutes.fr\/dossier\/belgique\" class=\"c-link c-btn c-btn--primary\" target=\"_blank\" rel=\"noopener\">Tous nos articles sur la Belgique<\/a><\/p>\n<p>Emilie Van Haute l\u2019admet, le ph\u00e9nom\u00e8ne de polarisation politique concerne toute l\u2019Europe, et doit sans doute plus \u00e0 Donald Trump qu\u2019\u00e0 notre patrie. Et encore, la politique Belge sait tirer son \u00e9pingle du jeu. Elle cite en preuve le regain du parti d\u00e9mocrate chr\u00e9tien qui regagne des \u00e9lecteurs pour sa position justement pro-consensus. \u00ab\u00a0On sera toujours meilleur que vous l\u00e0-dessus\u00a0\u00bb, poursuit Jules en finissant sa pinte. Les blagues vont continuer.<\/p>\n","protected":false},"excerpt":{"rendered":"De notre envoy\u00e9 sp\u00e9cial \u00e0 Bruxelles, \u00ab\u00a0Tu sais comment on sauve un Fran\u00e7ais de la noyade\u00a0? Non\u00a0? Tant&hellip;\n","protected":false},"author":2,"featured_media":656098,"comment_status":"","ping_status":"","sticky":false,"template":"","format":"standard","meta":{"footnotes":""},"categories":[5],"tags":[11,33553,828,2360,674,1076,1011,27,14,74,12,316,28],"class_list":{"0":"post-656097","1":"post","2":"type-post","3":"status-publish","4":"format-standard","5":"has-post-thumbnail","7":"category-international","8":"tag-actualites","9":"tag-belge","10":"tag-belgique","11":"tag-bruxelles","12":"tag-europe","13":"tag-extreme-droite","14":"tag-fr","15":"tag-france","16":"tag-international","17":"tag-monde","18":"tag-news","19":"tag-politique","20":"tag-world"},"share_on_mastodon":{"url":"https:\/\/pubeurope.com\/@fr\/115876438211204945","error":""},"_links":{"self":[{"href":"https:\/\/www.europesays.com\/fr\/wp-json\/wp\/v2\/posts\/656097","targetHints":{"allow":["GET"]}}],"collection":[{"href":"https:\/\/www.europesays.com\/fr\/wp-json\/wp\/v2\/posts"}],"about":[{"href":"https:\/\/www.europesays.com\/fr\/wp-json\/wp\/v2\/types\/post"}],"author":[{"embeddable":true,"href":"https:\/\/www.europesays.com\/fr\/wp-json\/wp\/v2\/users\/2"}],"replies":[{"embeddable":true,"href":"https:\/\/www.europesays.com\/fr\/wp-json\/wp\/v2\/comments?post=656097"}],"version-history":[{"count":0,"href":"https:\/\/www.europesays.com\/fr\/wp-json\/wp\/v2\/posts\/656097\/revisions"}],"wp:featuredmedia":[{"embeddable":true,"href":"https:\/\/www.europesays.com\/fr\/wp-json\/wp\/v2\/media\/656098"}],"wp:attachment":[{"href":"https:\/\/www.europesays.com\/fr\/wp-json\/wp\/v2\/media?parent=656097"}],"wp:term":[{"taxonomy":"category","embeddable":true,"href":"https:\/\/www.europesays.com\/fr\/wp-json\/wp\/v2\/categories?post=656097"},{"taxonomy":"post_tag","embeddable":true,"href":"https:\/\/www.europesays.com\/fr\/wp-json\/wp\/v2\/tags?post=656097"}],"curies":[{"name":"wp","href":"https:\/\/api.w.org\/{rel}","templated":true}]}}