{"id":656117,"date":"2026-01-11T12:33:34","date_gmt":"2026-01-11T12:33:34","guid":{"rendered":"https:\/\/www.europesays.com\/fr\/656117\/"},"modified":"2026-01-11T12:33:34","modified_gmt":"2026-01-11T12:33:34","slug":"les-supporters-du-fc-rouen-ne-feront-pas-le-deplacement-a-versailles","status":"publish","type":"post","link":"https:\/\/www.europesays.com\/fr\/656117\/","title":{"rendered":"les supporters du FC Rouen ne feront pas le d\u00e9placement \u00e0 Versailles"},"content":{"rendered":"<p data-start=\"140\" data-end=\"541\">Les supporters du FC Rouen ne vont pas \u00eatre \u00e0 la f\u00eate vendredi prochain. Bien que le club occupe la 1re place de National avec deux points d\u2019avance sur son dauphin Dijon et six sur Orl\u00e9ans, troisi\u00e8me, les fans des Diables Rouges ne pourront pas faire le d\u00e9placement le vendredi 16 janvier (19h30) sur la pelouse de Versailles. Le club normand l\u2019a annonc\u00e9 ce vendredi 9 janvier sur ses r\u00e9seaux sociaux.<\/p>\n<blockquote class=\"twitter-tweet\">\n<p dir=\"ltr\" lang=\"fr\">Chers supporters,<\/p>\n<p>Vendredi prochain, \u00e0 19h30, le FC Rouen disputera la 17e journ\u00e9e de National face au FC Versailles, au stade Georges-Lef\u00e8vre de Saint-Germain-en-Laye.<\/p>\n<p>La capacit\u00e9 de l\u2019enceinte versaillaise \u00e9tant limit\u00e9e \u00e0 1 000 spectateurs, le secteur visiteurs ne propose\u2026 <a href=\"https:\/\/t.co\/SEb00uy7Yt\">pic.twitter.com\/SEb00uy7Yt<\/a><\/p>\n<p>\u2014 FC Rouen 1899 (@fcr1899) <a href=\"https:\/\/twitter.com\/fcr1899\/status\/2009701881010958401?ref_src=twsrc%5Etfw\" target=\"_blank\" rel=\"noopener\">January 9, 2026<\/a><\/p>\n<\/blockquote>\n<p data-start=\"893\" data-end=\"1171\">Les supporters rouennais ne pourront pas se rendre au stade Georges-Lef\u00e8vre de Saint-Germain-en-Laye, car l\u2019enceinte versaillaise \u00e9tant limit\u00e9e \u00e0 1 000 spectateurs, le parcage visiteurs ne propose que 100 places. Une situation qui a pouss\u00e9 le FCR \u00e0 refuser les places allou\u00e9es :<\/p>\n<blockquote>\n<p data-start=\"1173\" data-end=\"1584\">\u00ab\u00a0Compte tenu du d\u00e9calage entre ce nombre tr\u00e8s restreint de billets et la demande, compte tenu des mesures de s\u00e9curit\u00e9 particuli\u00e8rement strictes li\u00e9es au classement \u00e0 risque de cette rencontre, compte tenu des contraintes d\u2019acc\u00e8s au stade et des conditions d\u2019accueil dans le parcage \u2013 un arr\u00eat\u00e9 pr\u00e9fectoral d\u2019encadrement a \u00e9t\u00e9 pris\u2026 le club a donc d\u00e9cid\u00e9 de refuser les 100 places allou\u00e9es par le FC Versailles.\u00a0\u00bb<\/p>\n<\/blockquote>\n<p data-start=\"1586\" data-end=\"1847\">Face au 6e du championnat, les co\u00e9quipiers de Kenny Rocha Santos ne pourront donc pas compter sur le soutien de leurs fans. Mais heureusement pour les Normands, la journ\u00e9e d\u2019apr\u00e8s, le 24 janvier, Rouen aura son public derri\u00e8re lui \u00e0 Robert-Diochon face au DFCO.<\/p>\n<p>Partagez cette info avec vos amis et vos proches en cliquant ici<br \/>National : les supporters du FC Rouen ne feront pas le d\u00e9placement \u00e0 Versailles<\/p>\n<p>Les supporters du FC Rouen ne se rendront pas \u00e0 Versailles pour la 17e journ\u00e9e de National. Le club a refus\u00e9 les 100 places visiteurs propos\u00e9es, jug\u00e9es insuffisantes au regard de la demande et des contraintes de s\u00e9curit\u00e9 li\u00e9es \u00e0 la rencontre.<\/p>\n<p> <img decoding=\"async\" width=\"76\" height=\"76\" loading=\"lazy\" src=\"https:\/\/static.wui.fr\/images_v3\/avatar-footnational.png\" alt=\"Clement Fradique\"\/><script async src=\"https:\/\/platform.twitter.com\/widgets.js\" charset=\"utf-8\"><\/script><\/p>\n","protected":false},"excerpt":{"rendered":"Les supporters du FC Rouen ne vont pas \u00eatre \u00e0 la f\u00eate vendredi prochain. Bien que le club&hellip;\n","protected":false},"author":2,"featured_media":656118,"comment_status":"","ping_status":"","sticky":false,"template":"","format":"standard","meta":{"footnotes":""},"categories":[9587],"tags":[1111,11,1777,674,1011,27,59645,12,5161,25,9590],"class_list":{"0":"post-656117","1":"post","2":"type-post","3":"status-publish","4":"format-standard","5":"has-post-thumbnail","7":"category-rouen","8":"tag-actu","9":"tag-actualites","10":"tag-eu","11":"tag-europe","12":"tag-fr","13":"tag-france","14":"tag-national-actus","15":"tag-news","16":"tag-normandie","17":"tag-republique-francaise","18":"tag-rouen"},"share_on_mastodon":{"url":"https:\/\/pubeurope.com\/@fr\/115876488999419549","error":""},"_links":{"self":[{"href":"https:\/\/www.europesays.com\/fr\/wp-json\/wp\/v2\/posts\/656117","targetHints":{"allow":["GET"]}}],"collection":[{"href":"https:\/\/www.europesays.com\/fr\/wp-json\/wp\/v2\/posts"}],"about":[{"href":"https:\/\/www.europesays.com\/fr\/wp-json\/wp\/v2\/types\/post"}],"author":[{"embeddable":true,"href":"https:\/\/www.europesays.com\/fr\/wp-json\/wp\/v2\/users\/2"}],"replies":[{"embeddable":true,"href":"https:\/\/www.europesays.com\/fr\/wp-json\/wp\/v2\/comments?post=656117"}],"version-history":[{"count":0,"href":"https:\/\/www.europesays.com\/fr\/wp-json\/wp\/v2\/posts\/656117\/revisions"}],"wp:featuredmedia":[{"embeddable":true,"href":"https:\/\/www.europesays.com\/fr\/wp-json\/wp\/v2\/media\/656118"}],"wp:attachment":[{"href":"https:\/\/www.europesays.com\/fr\/wp-json\/wp\/v2\/media?parent=656117"}],"wp:term":[{"taxonomy":"category","embeddable":true,"href":"https:\/\/www.europesays.com\/fr\/wp-json\/wp\/v2\/categories?post=656117"},{"taxonomy":"post_tag","embeddable":true,"href":"https:\/\/www.europesays.com\/fr\/wp-json\/wp\/v2\/tags?post=656117"}],"curies":[{"name":"wp","href":"https:\/\/api.w.org\/{rel}","templated":true}]}}