{"id":656187,"date":"2026-01-11T13:19:10","date_gmt":"2026-01-11T13:19:10","guid":{"rendered":"https:\/\/www.europesays.com\/fr\/656187\/"},"modified":"2026-01-11T13:19:10","modified_gmt":"2026-01-11T13:19:10","slug":"victor-devos-a-su-changer-ses-plans-actualite","status":"publish","type":"post","link":"https:\/\/www.europesays.com\/fr\/656187\/","title":{"rendered":"Victor Devos a su changer ses plans &#8211; Actualit\u00e9"},"content":{"rendered":"<p>En passant des Cadets aux Juniors, <strong><a href=\"https:\/\/www.directvelo.com\/coureur\/58581\/victor-devos\" target=\"_blank\" rel=\"noopener\">Victor Devos<\/a><\/strong> a gagn\u00e9 une place au Championnat de France. 4e \u00e0 Pontch\u00e2teau l&rsquo;an dernier, le Nordiste d\u00e9croche <a href=\"https:\/\/www.directvelo.com\/actualite\/126357\/cc-championnat-de-france-u19-hommes-soren-bruyere-joumard-1er\" target=\"_blank\" rel=\"noopener\"><strong>la m\u00e9daille de bronze du Championnat de France Juniors<\/strong><\/a>, ce dimanche matin, \u00e0 Troyes.<\/p>\n<p>\u00ab\u00a0Je suis tr\u00e8s content d\u2019\u00eatre \u00e0 nouveau sur un podium national apr\u00e8s celui sur route \u00e0 la Tour-du-Pin. C\u2019est toujours bien de se dire qu\u2019on fait partie des meilleurs de France\u00a0\u00bb, appr\u00e9cie le vice-Champion de France Cadets sur route \u00e0 DirectVelo. Pourtant le Junior 1 n&rsquo;a pas connu la pr\u00e9paration qu&rsquo;il avait imagin\u00e9e. \u00ab\u00a0Je suis tomb\u00e9 malade apr\u00e8s Ouistreham\u00a0\u00bb, indique celui qui avait gagn\u00e9 la derni\u00e8re manche de la Coupe de France sur les Plages du d\u00e9barquement. \u00ab\u00a0Il y a 3 semaines, si on m&rsquo;avait dit que je faisais le podium, je n&rsquo;y aurais pas cru\u00a0\u00bb.<\/p>\n<p><strong>BIEN ENTOUR\u00c9<\/strong><\/p>\n<p>Avec son entra\u00eeneur Arnaud Molmy,\u00a0qui l&rsquo;encadre depuis deux ans et demi, il a d\u00fb changer son plan. \u00ab\u00a0J\u2019avais initialement pr\u00e9vu de courir \u00e0 Termonde puis de ne pas courir pendant une semaine et demi avant Troyes mais j\u2019ai d\u00fb changer mon programme. Avec la maladie, j&rsquo;avais gard\u00e9 un peu de fra\u00eecheur et j&rsquo;ai rajout\u00e9 des courses \u00e0 mon calendrier pour revenir \u00e0 mon meilleur niveau\u00a0\u00bb.<\/p>\n<p>Pour la fin de saison, Victor Devos veut \u00ab\u00a0tout faire pour rentrer dans le Top 16 de la Coupe du Monde\u00a0\u00bb. Il reste encore deux manches pour les Juniors, Benidorm et Hoogerheide. Ce Top 16 lui ouvrirait la porte de la 2e ligne au Championnat du Monde o\u00f9 il ira avec l&rsquo;envie de \u00ab\u00a0tout donner et de mouiller le maillot une nouvelle fois\u00a0\u00bb.<\/p>\n","protected":false},"excerpt":{"rendered":"En passant des Cadets aux Juniors, Victor Devos a gagn\u00e9 une place au Championnat de France. 4e \u00e0&hellip;\n","protected":false},"author":2,"featured_media":656188,"comment_status":"","ping_status":"","sticky":false,"template":"","format":"standard","meta":{"footnotes":""},"categories":[1411],"tags":[834,828,836,829,837,827,83,826,824,823,1154,207,814,817,815,816,822,821,832,211,839,1011,27,820,818,819,835,831,830,833,838,60,212,208,825],"class_list":{"0":"post-656187","1":"post","2":"type-post","3":"status-publish","4":"format-standard","5":"has-post-thumbnail","7":"category-cyclisme","8":"tag-attaque","9":"tag-belgique","10":"tag-braquet","11":"tag-bretagne","12":"tag-chute","13":"tag-competition","14":"tag-coupe-de-france","15":"tag-coureur","16":"tag-course-cyclisme","17":"tag-course-cycliste","18":"tag-cycling","19":"tag-cyclisme","20":"tag-direct","21":"tag-direct-velo","22":"tag-directvelo","23":"tag-directvelo-com","24":"tag-epreuve","25":"tag-epreuve-cycliste","26":"tag-federation-francaise-de-cyclisme","27":"tag-ffc","28":"tag-flandres","29":"tag-fr","30":"tag-france","31":"tag-live","32":"tag-live-course","33":"tag-live-epreuve","34":"tag-peloton","35":"tag-radio-peloton","36":"tag-radio-tour","37":"tag-ravitaillement","38":"tag-relance","39":"tag-sports","40":"tag-uci","41":"tag-velo","42":"tag-velos"},"share_on_mastodon":{"url":"https:\/\/pubeurope.com\/@fr\/115876669961666094","error":""},"_links":{"self":[{"href":"https:\/\/www.europesays.com\/fr\/wp-json\/wp\/v2\/posts\/656187","targetHints":{"allow":["GET"]}}],"collection":[{"href":"https:\/\/www.europesays.com\/fr\/wp-json\/wp\/v2\/posts"}],"about":[{"href":"https:\/\/www.europesays.com\/fr\/wp-json\/wp\/v2\/types\/post"}],"author":[{"embeddable":true,"href":"https:\/\/www.europesays.com\/fr\/wp-json\/wp\/v2\/users\/2"}],"replies":[{"embeddable":true,"href":"https:\/\/www.europesays.com\/fr\/wp-json\/wp\/v2\/comments?post=656187"}],"version-history":[{"count":0,"href":"https:\/\/www.europesays.com\/fr\/wp-json\/wp\/v2\/posts\/656187\/revisions"}],"wp:featuredmedia":[{"embeddable":true,"href":"https:\/\/www.europesays.com\/fr\/wp-json\/wp\/v2\/media\/656188"}],"wp:attachment":[{"href":"https:\/\/www.europesays.com\/fr\/wp-json\/wp\/v2\/media?parent=656187"}],"wp:term":[{"taxonomy":"category","embeddable":true,"href":"https:\/\/www.europesays.com\/fr\/wp-json\/wp\/v2\/categories?post=656187"},{"taxonomy":"post_tag","embeddable":true,"href":"https:\/\/www.europesays.com\/fr\/wp-json\/wp\/v2\/tags?post=656187"}],"curies":[{"name":"wp","href":"https:\/\/api.w.org\/{rel}","templated":true}]}}