{"id":656195,"date":"2026-01-11T13:24:10","date_gmt":"2026-01-11T13:24:10","guid":{"rendered":"https:\/\/www.europesays.com\/fr\/656195\/"},"modified":"2026-01-11T13:24:10","modified_gmt":"2026-01-11T13:24:10","slug":"les-12-coups-de-midi-cyprien-au-niveau-demilien-sa-reponse-cash","status":"publish","type":"post","link":"https:\/\/www.europesays.com\/fr\/656195\/","title":{"rendered":"Les 12 coups de midi\u00a0: Cyprien au niveau d\u2019\u00c9milien\u00a0? Sa r\u00e9ponse cash"},"content":{"rendered":"<p>\n\t\t\t\t\t\tPubli\u00e9 le 11\/01\/2026 \u00e0 11:55<\/p>\n<p><strong>Cyprien<\/strong>, toujours ind\u00e9tr\u00f4nable dans <strong> Les 12 coups de midi <\/strong>, s\u2019est confi\u00e9 sur son niveau face \u00e0 celui d\u2019<strong> \u00c9milien <\/strong>. Le jeune champion a alors donn\u00e9 une r\u00e9ponse cash \u00e0 ce sujet.<\/p>\n<p><strong>Cyprien<\/strong> continue son petit bonhomme de chemin dans <a href=\"https:\/\/toutelatele.ouest-france.fr\/les-12-coups-de-midi-690\" target=\"_blank\" rel=\"noopener\"><strong> Les 12 coups de midi <\/strong><\/a> sur TF1. Chaque jour, le jeune ma\u00eetre de midi, pr\u00e9sent depuis le 19 septembre 2025 dans le jeu de la mi-journ\u00e9e anim\u00e9 par <strong>Jean-Luc Reichmann<\/strong>, poursuit sa longue aventure.<\/p>\n<p>Le candidat est, d\u00e9j\u00e0, parvenu \u00e0 se hisser parmi les plus grands champions du jeu. Il a m\u00eame particip\u00e9 \u00e0 son premier <a href=\"https:\/\/toutelatele.ouest-france.fr\/audiences-tv-prime-mercredi-24-decembre-2025-les-12-coups-de-noel-ecrasent-tout-avec-la-victoire-d-eric-sur-tf1-n-oubliez-pas-les-enfants-boude-face-aux-betisiers-182196\" class=\"spip_in\" target=\"_blank\" rel=\"noopener\">prime sp\u00e9cial avec <strong> Les 12 coups de No\u00ebl <\/strong><\/a> le 24 d\u00e9cembre dernier, bien qu\u2019il ne soit pas parvenu \u00e0 prendre le dessus sur les autres grands champions des <strong> 12 coups de midi <\/strong>.<\/p>\n<p>Les 12 coups de midi\u00a0: Cyprien honor\u00e9 par la confiance de la production<\/p>\n<p>Dans les colonnes de T\u00e9l\u00e9 Loisirs, le candidat s\u2019est d\u2019ailleurs exprim\u00e9 sur cette invitation aux <strong> 12 coups de No\u00ebl <\/strong>. En effet, il a \u00e9t\u00e9 touch\u00e9 par ce choix de la production de l\u2019inviter lors de cette soir\u00e9e.<\/p>\n<p>\u00ab\u00a0Quand on me l\u2019a annonc\u00e9, j\u2019avais du mal \u00e0 y croire, parce que c\u2019est des gens que j\u2019ai appris \u00e0 conna\u00eetre de l\u2019autre c\u00f4t\u00e9 du t\u00e9l\u00e9viseur. J\u2019ai \u00e9t\u00e9 touch\u00e9 de la confiance qu\u2019on m\u2019a accord\u00e9e pour \u00eatre pr\u00e9sent sur ce programme\u00a0\u00bb, a-t-il r\u00e9v\u00e9l\u00e9.<\/p>\n<p>Cyprien sans d\u00e9tour sur son niveau face \u00e0 \u00c9milien<\/p>\n<p>Cyprien, qui n\u2019a donc pas pu s\u2019offrir un duel final avec \u00c9milien apr\u00e8s qu\u2019ils aient \u00e9t\u00e9, tous les deux, \u00e9limin\u00e9s en premier lors de ce prime sp\u00e9cial, a \u00e9voqu\u00e9 son niveau par rapport \u00e0 celui d\u2019\u00c9milien. En effet, selon lui, ses connaissances n\u2019ont rien \u00e0 voir avec celles du plus grand champion des <strong> 12 coups de midi <\/strong>.<\/p>\n<p>\u201cJe n\u2019ai pas du tout le niveau d\u2019\u00c9milien. J\u2019ai un grand respect pour lui. J\u2019ai la joie de l\u2019avoir rencontr\u00e9, mais je ne veux pas m\u2019imaginer avoir un niveau comme celui d\u2019\u00c9milien. Il est largement au-dessus de moi et je n\u2019ai aucun souci \u00e0 le dire\u201d, a-t-il confi\u00e9.<\/p>\n<p><strong> Les 12 coups de midi <\/strong> est \u00e0 retrouver quotidiennement \u00e0 11h55 sur TF1.<\/p>\n","protected":false},"excerpt":{"rendered":"Publi\u00e9 le 11\/01\/2026 \u00e0 11:55 Cyprien, toujours ind\u00e9tr\u00f4nable dans Les 12 coups de midi , s\u2019est confi\u00e9 sur&hellip;\n","protected":false},"author":2,"featured_media":656196,"comment_status":"","ping_status":"","sticky":false,"template":"","format":"standard","meta":{"footnotes":""},"categories":[1356],"tags":[58,59,1011,27,252,1364],"class_list":{"0":"post-656195","1":"post","2":"type-post","3":"status-publish","4":"format-standard","5":"has-post-thumbnail","7":"category-television","8":"tag-divertissement","9":"tag-entertainment","10":"tag-fr","11":"tag-france","12":"tag-television","13":"tag-tv"},"share_on_mastodon":{"url":"https:\/\/pubeurope.com\/@fr\/115876689809289232","error":""},"_links":{"self":[{"href":"https:\/\/www.europesays.com\/fr\/wp-json\/wp\/v2\/posts\/656195","targetHints":{"allow":["GET"]}}],"collection":[{"href":"https:\/\/www.europesays.com\/fr\/wp-json\/wp\/v2\/posts"}],"about":[{"href":"https:\/\/www.europesays.com\/fr\/wp-json\/wp\/v2\/types\/post"}],"author":[{"embeddable":true,"href":"https:\/\/www.europesays.com\/fr\/wp-json\/wp\/v2\/users\/2"}],"replies":[{"embeddable":true,"href":"https:\/\/www.europesays.com\/fr\/wp-json\/wp\/v2\/comments?post=656195"}],"version-history":[{"count":0,"href":"https:\/\/www.europesays.com\/fr\/wp-json\/wp\/v2\/posts\/656195\/revisions"}],"wp:featuredmedia":[{"embeddable":true,"href":"https:\/\/www.europesays.com\/fr\/wp-json\/wp\/v2\/media\/656196"}],"wp:attachment":[{"href":"https:\/\/www.europesays.com\/fr\/wp-json\/wp\/v2\/media?parent=656195"}],"wp:term":[{"taxonomy":"category","embeddable":true,"href":"https:\/\/www.europesays.com\/fr\/wp-json\/wp\/v2\/categories?post=656195"},{"taxonomy":"post_tag","embeddable":true,"href":"https:\/\/www.europesays.com\/fr\/wp-json\/wp\/v2\/tags?post=656195"}],"curies":[{"name":"wp","href":"https:\/\/api.w.org\/{rel}","templated":true}]}}