{"id":656210,"date":"2026-01-11T13:32:10","date_gmt":"2026-01-11T13:32:10","guid":{"rendered":"https:\/\/www.europesays.com\/fr\/656210\/"},"modified":"2026-01-11T13:32:10","modified_gmt":"2026-01-11T13:32:10","slug":"la-premonition-tragique-de-yeison-jimenez-chanteur-colombien-tue-dans-un-crash","status":"publish","type":"post","link":"https:\/\/www.europesays.com\/fr\/656210\/","title":{"rendered":"La pr\u00e9monition tragique de Yeison Jim\u00e9nez, chanteur colombien tu\u00e9 dans un crash"},"content":{"rendered":"<p>Yeison Jim\u00e9nez, chanteur de 34 ans, star en Colombie a p\u00e9ri dans le crash d\u2019un avion priv\u00e9 samedi. <\/p>\n<p>Sur son compte Instagram, ses derni\u00e8res stories le montrent sur sc\u00e8ne, face \u00e0 son public. Sa derni\u00e8re publication officielle, elle, rappelle \u00e0 quel point le destin peut \u00eatre cruel. Dans un communiqu\u00e9, son \u00e9quipe a annonc\u00e9 ce dimanche la mort de Yeison Jim\u00e9nez, chanteur <a href=\"https:\/\/www.parismatch.com\/dossiers\/colombie\" target=\"_blank\" rel=\"noopener\">colombien<\/a> de 34\u00a0ans.<\/p>\n<p>Le jeune homme qui a sorti 8 albums au cours de sa carri\u00e8re, est d\u00e9c\u00e9d\u00e9 samedi 10\u00a0janvier 2026 dans le crash de l\u2019avion priv\u00e9 dans lequel il se trouvait. Trois membres de son \u00e9quipe ainsi que le pilote et le copilote, ont eux aussi \u00e9t\u00e9 tu\u00e9s dans l\u2019accident survenu \u00e0 Paipa. \u00ab\u00a0<a href=\"https:\/\/www.eltiempo.com\/colombia\/otras-ciudades\/atencion-en-accidente-esta-tarde-en-paipa-habria-muerto-el-cantante-yeison-jimenez-y-sus-musicos-3523385\" target=\"_blank\" rel=\"noopener\">El Tiempo<\/a>\u00a0\u00bb explique que l\u2019artiste venait de donner un concert\u00a0et avait lou\u00e9 un avion pour le conduire \u00e0 l\u2019a\u00e9roport de Medell\u00edn, afin de se rendre \u00e0 Marinilla, o\u00f9 il devait donner un nouveau spectacle. L\u2019accident s\u2019est produit dans le village de Romita, une zone rurale de la municipalit\u00e9, peu apr\u00e8s le d\u00e9collage de l\u2019avion de l\u2019a\u00e9roport de Paipa. Selon \u00ab\u00a0<a href=\"https:\/\/www.eluniversal.com.mx\/espectaculos\/muere-el-cantante-yeison-jimenez-en-accidente-aereo-el-colombiano-de-34-anos-sono-que-asi-seria-su-partida\/\" target=\"_blank\" rel=\"noopener\">El Universal<\/a>\u00a0\u00bb, l\u2019appareil n\u2019a pas r\u00e9ussi \u00e0 prendre de l\u2019altitude et a fini par s\u2019\u00e9craser dans un champ tout pr\u00e8s de l\u2019extr\u00e9mit\u00e9 de la piste.<\/p>\n<p>    La suite apr\u00e8s cette publicit\u00e9<\/p>\n<p>Les cauchemars du chanteur<\/p>\n<p>Dans un communiqu\u00e9, l\u2019administration d\u00e9partementale, dirig\u00e9e par le gouverneur Carlos Amaya, a exprim\u00e9 sa solidarit\u00e9 avec les familles, les proches et les fans des victimes, et a soulign\u00e9 que les habitants de Boyac\u00e1 partagent le deuil caus\u00e9 par l\u2019accident. De m\u00eame, le gouvernement de Boyac\u00e1 a annonc\u00e9 la d\u00e9claration d\u2019un deuil d\u00e9partemental en signe de respect et d\u2019hommage aux personnes tu\u00e9es dans le drame.<\/p>\n<p>    La suite apr\u00e8s cette publicit\u00e9<\/p>\n<p>Dans son communiqu\u00e9, l\u2019\u00e9quipe de Yeison Jim\u00e9nez a de son c\u00f4t\u00e9 d\u00e9clar\u00e9\u00a0: \u00ab\u00a0C\u2019est avec une immense tristesse que l\u2019organisation et l\u2019\u00e9quipe de Yeison Jim\u00e9nez annoncent son d\u00e9c\u00e8s. Aujourd\u2019hui, nous disons adieu non seulement \u00e0 un artiste, mais aussi \u00e0 un fils, un fr\u00e8re, un ami, un \u00eatre humain plein de r\u00eaves et de courage, qui a transform\u00e9 son histoire en source d\u2019espoir pour des milliers de personnes. Yeison incarnait la pers\u00e9v\u00e9rance, la discipline et l\u2019amour de son peuple. Sa voix et son exemple, fruits d\u2019un travail acharn\u00e9, ont marqu\u00e9 \u00e0 jamais la vie de ceux qui l\u2019ont suivi et aim\u00e9.\u00a0\u00bb<\/p>\n<p>Selon \u00ab\u00a0El Universal\u00a0\u00bb, le chanteur avait \u00e9voqu\u00e9 sa mort dans une interview aupr\u00e8s du podcast \u00ab\u00a0Men Do Cry\u00a0\u00bb. Il expliquait \u00eatre certain qu\u2019il succomberait un jour \u00e0 un accident d\u2019avion, cauchemar qui lui aurait provoqu\u00e9 de l\u2019anxi\u00e9t\u00e9 et m\u00eame caus\u00e9 sa d\u00e9pression. \u00ab\u00a0J\u2019ai r\u00eav\u00e9 trois fois que nous allions avoir un accident d\u2019avion et que je devais dire au pilote de faire demi-tour. \u00c0 son arriv\u00e9e, il me disait\u00a0: \u201cChef, heureusement que vous me l\u2019avez dit, car il y a eu un probl\u00e8me, mais je l\u2019ai d\u00e9j\u00e0 r\u00e9gl\u00e9\u201d\u00a0\u00bb, avait \u00e9galement racont\u00e9 l\u2019artiste dans l\u2019\u00e9mission \u00ab\u00a0Se dice de m\u00ed\u00a0\u00bb sur Caracol Television, le 20\u00a0d\u00e9cembre dernier.<\/p>\n<p>    La suite apr\u00e8s cette publicit\u00e9<\/p>\n<p>    La suite apr\u00e8s cette publicit\u00e9<\/p>\n<p>Yeison Jim\u00e9nez \u00e9tait p\u00e8re de trois jeunes enfants\u00a0; en d\u00e9cembre\u00a02025, il avait partag\u00e9 une photo touchante avec eux et avait \u00e9crit\u00a0: \u00ab\u00a0La gloire de Dieu\u00a0! Il a veill\u00e9 sur nous pendant une ann\u00e9e de plus, et sa gr\u00e2ce nous a accompagn\u00e9s \u00e0 chaque instant.\u00a0\u00bb<\/p>\n","protected":false},"excerpt":{"rendered":"Yeison Jim\u00e9nez, chanteur de 34 ans, star en Colombie a p\u00e9ri dans le crash d\u2019un avion priv\u00e9 samedi.&hellip;\n","protected":false},"author":2,"featured_media":656211,"comment_status":"","ping_status":"","sticky":false,"template":"","format":"standard","meta":{"footnotes":""},"categories":[5],"tags":[11,1011,27,14,12,28],"class_list":{"0":"post-656210","1":"post","2":"type-post","3":"status-publish","4":"format-standard","5":"has-post-thumbnail","7":"category-international","8":"tag-actualites","9":"tag-fr","10":"tag-france","11":"tag-international","12":"tag-news","13":"tag-world"},"share_on_mastodon":{"url":"https:\/\/pubeurope.com\/@fr\/115876721083717449","error":""},"_links":{"self":[{"href":"https:\/\/www.europesays.com\/fr\/wp-json\/wp\/v2\/posts\/656210","targetHints":{"allow":["GET"]}}],"collection":[{"href":"https:\/\/www.europesays.com\/fr\/wp-json\/wp\/v2\/posts"}],"about":[{"href":"https:\/\/www.europesays.com\/fr\/wp-json\/wp\/v2\/types\/post"}],"author":[{"embeddable":true,"href":"https:\/\/www.europesays.com\/fr\/wp-json\/wp\/v2\/users\/2"}],"replies":[{"embeddable":true,"href":"https:\/\/www.europesays.com\/fr\/wp-json\/wp\/v2\/comments?post=656210"}],"version-history":[{"count":0,"href":"https:\/\/www.europesays.com\/fr\/wp-json\/wp\/v2\/posts\/656210\/revisions"}],"wp:featuredmedia":[{"embeddable":true,"href":"https:\/\/www.europesays.com\/fr\/wp-json\/wp\/v2\/media\/656211"}],"wp:attachment":[{"href":"https:\/\/www.europesays.com\/fr\/wp-json\/wp\/v2\/media?parent=656210"}],"wp:term":[{"taxonomy":"category","embeddable":true,"href":"https:\/\/www.europesays.com\/fr\/wp-json\/wp\/v2\/categories?post=656210"},{"taxonomy":"post_tag","embeddable":true,"href":"https:\/\/www.europesays.com\/fr\/wp-json\/wp\/v2\/tags?post=656210"}],"curies":[{"name":"wp","href":"https:\/\/api.w.org\/{rel}","templated":true}]}}