{"id":656212,"date":"2026-01-11T13:33:16","date_gmt":"2026-01-11T13:33:16","guid":{"rendered":"https:\/\/www.europesays.com\/fr\/656212\/"},"modified":"2026-01-11T13:33:16","modified_gmt":"2026-01-11T13:33:16","slug":"les-tenants-de-lagriculture-intensive-veulent-sanctuariser-le-droit-a-pomper-sans-limites-et-a-polluer-les-ressources-deau-potable","status":"publish","type":"post","link":"https:\/\/www.europesays.com\/fr\/656212\/","title":{"rendered":"\u00ab\u00a0Les tenants de l\u2019agriculture intensive veulent sanctuariser le droit \u00e0 pomper sans limites et \u00e0 polluer les ressources d\u2019eau potable\u00a0\u00bb"},"content":{"rendered":"\n<p class=\"article__paragraph  \">Le 12\u00a0d\u00e9cembre\u00a02025, des centaines de tracteurs aux couleurs des Jeunes Agriculteurs, de la F\u00e9d\u00e9ration nationale des syndicats d\u2019exploitants agricoles (FNSEA) et de la Coordination rurale convergeaient de toute l\u2019Ille-et-Vilaine, du Morbihan, de la Mayenne et de la Loire-Atlantique vers un endroit minuscule\u00a0: la salle communale la Cl\u00e9 des champs, dans la petite ville de Ch\u00e2teaubourg (Ille-et-Vilaine). Cette grande procession a re\u00e7u bien moins d\u2019attention que celle qui s\u2019est achev\u00e9e, jeudi 8\u00a0janvier, sous la tour Eiffel, \u00e0 Paris, marquant l\u2019opposition du monde agricole \u00e0 l\u2019accord de libre-\u00e9change avec le Mercosur.<\/p>\n<p class=\"article__paragraph  \">Que se passait-il \u00e0 Ch\u00e2teaubourg, ce fameux 12\u00a0d\u00e9cembre\u00a0? La commission locale de l\u2019eau devait se r\u00e9unir pour parachever ses travaux visant \u00e0 \u00e9tablir un nouveau sch\u00e9ma d\u2019am\u00e9nagement et de gestion de l\u2019eau du bassin de la Vilaine. Bloqu\u00e9e par les tracteurs, la r\u00e9union n\u2019a pu se tenir. Bien qu\u2019issu de trois ann\u00e9es de travail et de concertations au sein d\u2019une commission r\u00e9unissant toutes les parties prenantes, le sch\u00e9ma n\u2019a pu \u00eatre adopt\u00e9\u00a0: victoire pour les syndicats productivistes, \u00ab\u00a0d\u00e9ni de d\u00e9mocratie\u00a0\u00bb pour les autres acteurs \u2013 Conf\u00e9d\u00e9ration paysanne, soci\u00e9t\u00e9 civile, collectivit\u00e9s,\u00a0etc.<\/p>\n<p class=\"article__paragraph  \">Les agriculteurs protestataires mettaient notamment en cause l\u2019une des mesures du sch\u00e9ma d\u2019am\u00e9nagement et de gestion de l\u2019eau, \u00e0 savoir l\u2019interdiction, d\u2019ici \u00e0 2029, de traiter les surfaces de ma\u00efs en forte pente et proches des points de captage d\u2019eau potable. Cette restriction ne concernerait gu\u00e8re que 160 des quelque 11\u00a0000 kilom\u00e8tres carr\u00e9s du bassin-versant, soit 1,4\u00a0% de ce territoire et <a href=\"https:\/\/www.appcb.fr\/wp-content\/uploads\/2021\/06\/4_Presentation-eptb-vilaine_intervenante_absente.pdf\" target=\"_blank\" rel=\"noopener\" title=\"Nouvelle fen\u00eatre\">environ 1,8\u00a0% de sa superficie agricole utile<\/a>. Mais pour les syndicats productivistes, c\u2019est d\u00e9j\u00e0 trop.<\/p>\n<p>                              Lire aussi |  Article r\u00e9serv\u00e9 \u00e0 nos abonn\u00e9s  <a href=\"https:\/\/www.lemonde.fr\/planete\/article\/2025\/09\/08\/les-pluies-apportent-un-repit-apres-un-ete-sec-en-france-mais-les-ressources-en-eau-restent-fragiles_6639996_3244.html\" class=\"js-article-read-also catcher--favoris__link\" data-premium=\"1\" id=\"article-title-3436498\" target=\"_blank\" rel=\"noopener\">Les pluies apportent un r\u00e9pit apr\u00e8s un \u00e9t\u00e9 sec en France, mais les ressources en eau restent fragiles<\/a>    <\/p>\n<p>   Lire plus tard  <\/p>\n<p class=\"article__paragraph  \">L\u2019escarmouche de Ch\u00e2teaubourg n\u2019est que l\u2019une des pi\u00e8ces d\u2019un puzzle qui s\u2019assemble ces jours-ci discr\u00e8tement. A l\u2019\u00e9chelle nationale, les discussions du groupe national captage, tenues sous la tutelle du minist\u00e8re de la transition \u00e9cologique, ont \u00e9t\u00e9 interrompues brutalement\u00a0: les repr\u00e9sentants des chambres d\u2019agriculture, de la FNSEA et de la Coordination rurale ont claqu\u00e9 la porte de la r\u00e9union du 16\u00a0d\u00e9cembre. L\u00e0 encore, les discussions visent \u00e0 d\u00e9finir le seuil de pollution d\u2019un captage au-del\u00e0 duquel des mesures de restriction d\u2019usage des pesticides sur son aire d\u2019alimentation seraient \u00e9dict\u00e9es. Eviter de polluer l\u2019eau que l\u2019on consommera in fine\u00a0: il est difficile d\u2019imaginer objectif plus consensuel pour tout humain qui a pris conscience des imp\u00e9ratifs biologiques de son esp\u00e8ce, \u00e0 savoir qu\u2019il est n\u00e9cessaire de boire de l\u2019eau \u00e0 peu pr\u00e8s chaque jour de sa vie.<\/p>\n<p class=\"reading-mode-only \"><strong>Il vous reste 55.54% de cet article \u00e0 lire. La suite est r\u00e9serv\u00e9e aux abonn\u00e9s.<\/strong><\/p>\n","protected":false},"excerpt":{"rendered":"Le 12\u00a0d\u00e9cembre\u00a02025, des centaines de tracteurs aux couleurs des Jeunes Agriculteurs, de la F\u00e9d\u00e9ration nationale des syndicats d\u2019exploitants&hellip;\n","protected":false},"author":2,"featured_media":656213,"comment_status":"","ping_status":"","sticky":false,"template":"","format":"standard","meta":{"footnotes":""},"categories":[4],"tags":[11,1011,27,12,25],"class_list":{"0":"post-656212","1":"post","2":"type-post","3":"status-publish","4":"format-standard","5":"has-post-thumbnail","7":"category-france","8":"tag-actualites","9":"tag-fr","10":"tag-france","11":"tag-news","12":"tag-republique-francaise"},"share_on_mastodon":{"url":"https:\/\/pubeurope.com\/@fr\/115876725030268147","error":""},"_links":{"self":[{"href":"https:\/\/www.europesays.com\/fr\/wp-json\/wp\/v2\/posts\/656212","targetHints":{"allow":["GET"]}}],"collection":[{"href":"https:\/\/www.europesays.com\/fr\/wp-json\/wp\/v2\/posts"}],"about":[{"href":"https:\/\/www.europesays.com\/fr\/wp-json\/wp\/v2\/types\/post"}],"author":[{"embeddable":true,"href":"https:\/\/www.europesays.com\/fr\/wp-json\/wp\/v2\/users\/2"}],"replies":[{"embeddable":true,"href":"https:\/\/www.europesays.com\/fr\/wp-json\/wp\/v2\/comments?post=656212"}],"version-history":[{"count":0,"href":"https:\/\/www.europesays.com\/fr\/wp-json\/wp\/v2\/posts\/656212\/revisions"}],"wp:featuredmedia":[{"embeddable":true,"href":"https:\/\/www.europesays.com\/fr\/wp-json\/wp\/v2\/media\/656213"}],"wp:attachment":[{"href":"https:\/\/www.europesays.com\/fr\/wp-json\/wp\/v2\/media?parent=656212"}],"wp:term":[{"taxonomy":"category","embeddable":true,"href":"https:\/\/www.europesays.com\/fr\/wp-json\/wp\/v2\/categories?post=656212"},{"taxonomy":"post_tag","embeddable":true,"href":"https:\/\/www.europesays.com\/fr\/wp-json\/wp\/v2\/tags?post=656212"}],"curies":[{"name":"wp","href":"https:\/\/api.w.org\/{rel}","templated":true}]}}