{"id":656216,"date":"2026-01-11T13:35:13","date_gmt":"2026-01-11T13:35:13","guid":{"rendered":"https:\/\/www.europesays.com\/fr\/656216\/"},"modified":"2026-01-11T13:35:13","modified_gmt":"2026-01-11T13:35:13","slug":"loire-travaux-amiante-des-voies-neutralisees-cette-semaine-sur-la47-et-la-rn88","status":"publish","type":"post","link":"https:\/\/www.europesays.com\/fr\/656216\/","title":{"rendered":"Loire. Travaux, amiante&#8230; Des voies neutralis\u00e9es cette semaine sur l&rsquo;A47 et la RN88"},"content":{"rendered":"<p>  Sur la RN88 \u00e0 La Ricamarie<\/p>\n<p>En raison d&rsquo;am\u00e9nagements acoustiques, dans le sens Saint-\u00c9tienne\/Le Puy, la voie de droite sera neutralis\u00e9e la journ\u00e9e du mercredi 14 janvier de 9 heures \u00e0 15 h 30.<\/p>\n<p>Sur l&rsquo;A47 \u00e0 Lorette<\/p>\n<p>En raison de travaux li\u00e9s \u00e0 la pr\u00e9sence d&rsquo;amiante, dans le sens Lyon\/Saint-\u00c9tienne, la voie de gauche sera neutralis\u00e9e la journ\u00e9e du jeudi 15 janvier de 14 heures \u00e0 16 heures.<\/p>\n<p>  Sur la RN88 \u00e0 Saint-Chamond et La Varizelle<\/p>\n<p>En raison des travaux du nouvel \u00e9changeur, dans le sens Lyon\/Saint-\u00c9tienne, la voie de gauche sera neutralis\u00e9e la nuit du lundi 12 janvier de 21 heures \u00e0 5 heures, puis de mani\u00e8re permanente du 15 janvier au 4 f\u00e9vrier.<\/p>\n<p>Dans le sens Saint-\u00c9tienne\/Lyon, la RN88 sera ferm\u00e9e \u00e0 la circulation entre les \u00e9changeurs n\u00b017 (La Varizelle) et n\u00b016 (Saint-Chamond-centre) les nuits du lundi 12, du mardi 13, du mercredi 14 et du jeudi 15 janvier, de 21 heures \u00e0 5 heures. Une d\u00e9viation sera mise en place via la sortie n\u00b017 \u00ab Saint-Chamond\/La Varizelle \u00bb.<\/p>\n<p>Dans le sens Lyon\/Saint-\u00c9tienne, la RN88 sera ferm\u00e9e \u00e0 la circulation entre les \u00e9changeurs n\u00b016 (Saint-Chamond-centre) et n\u00b017 (La Varizelle) les nuits du mardi 13, du mercredi 14 et du jeudi 15 janvier de 21 heures \u00e0 5 heures. Une d\u00e9viation sera mise en place via la sortie n\u00b016 \u00ab Saint-Chamond-centre \u00bb.<\/p>\n<p>Sur l&rsquo;A47 \u00e0 Lorette<\/p>\n<p>En raison de travaux sur l&rsquo;\u00e9changeur du Sardon, les voies de droite et\/ou de gauche seront neutralis\u00e9es, alternativement dans les deux sens de circulation, les nuits du lundi 12, du mardi 13, du mercredi 14 et du jeudi 15 janvier de 21 heures \u00e0 5 heures.<\/p>\n","protected":false},"excerpt":{"rendered":"Sur la RN88 \u00e0 La Ricamarie En raison d&rsquo;am\u00e9nagements acoustiques, dans le sens Saint-\u00c9tienne\/Le Puy, la voie de&hellip;\n","protected":false},"author":2,"featured_media":656217,"comment_status":"","ping_status":"","sticky":false,"template":"","format":"standard","meta":{"footnotes":""},"categories":[9653],"tags":[1111,11,2430,4749,3542,7539,1777,674,1011,27,3367,12,25,9669,4001,104,2803],"class_list":{"0":"post-656216","1":"post","2":"type-post","3":"status-publish","4":"format-standard","5":"has-post-thumbnail","7":"category-saint-etienne","8":"tag-actu","9":"tag-actualites","10":"tag-auvergne-rhone-alpes","11":"tag-btp-et-chantiers","12":"tag-circulation","13":"tag-edition-loire-sud","14":"tag-eu","15":"tag-europe","16":"tag-fr","17":"tag-france","18":"tag-loire","19":"tag-news","20":"tag-republique-francaise","21":"tag-saint-chamond","22":"tag-saint-etienne","23":"tag-societe","24":"tag-transport"},"share_on_mastodon":{"url":"https:\/\/pubeurope.com\/@fr\/115876732864176702","error":""},"_links":{"self":[{"href":"https:\/\/www.europesays.com\/fr\/wp-json\/wp\/v2\/posts\/656216","targetHints":{"allow":["GET"]}}],"collection":[{"href":"https:\/\/www.europesays.com\/fr\/wp-json\/wp\/v2\/posts"}],"about":[{"href":"https:\/\/www.europesays.com\/fr\/wp-json\/wp\/v2\/types\/post"}],"author":[{"embeddable":true,"href":"https:\/\/www.europesays.com\/fr\/wp-json\/wp\/v2\/users\/2"}],"replies":[{"embeddable":true,"href":"https:\/\/www.europesays.com\/fr\/wp-json\/wp\/v2\/comments?post=656216"}],"version-history":[{"count":0,"href":"https:\/\/www.europesays.com\/fr\/wp-json\/wp\/v2\/posts\/656216\/revisions"}],"wp:featuredmedia":[{"embeddable":true,"href":"https:\/\/www.europesays.com\/fr\/wp-json\/wp\/v2\/media\/656217"}],"wp:attachment":[{"href":"https:\/\/www.europesays.com\/fr\/wp-json\/wp\/v2\/media?parent=656216"}],"wp:term":[{"taxonomy":"category","embeddable":true,"href":"https:\/\/www.europesays.com\/fr\/wp-json\/wp\/v2\/categories?post=656216"},{"taxonomy":"post_tag","embeddable":true,"href":"https:\/\/www.europesays.com\/fr\/wp-json\/wp\/v2\/tags?post=656216"}],"curies":[{"name":"wp","href":"https:\/\/api.w.org\/{rel}","templated":true}]}}