{"id":656230,"date":"2026-01-11T13:45:54","date_gmt":"2026-01-11T13:45:54","guid":{"rendered":"https:\/\/www.europesays.com\/fr\/656230\/"},"modified":"2026-01-11T13:45:54","modified_gmt":"2026-01-11T13:45:54","slug":"pres-dyvetot-un-jeune-automobiliste-de-17-ans-heliporte-au-chu-de-rouen-apres-un-grave-accident","status":"publish","type":"post","link":"https:\/\/www.europesays.com\/fr\/656230\/","title":{"rendered":"Pr\u00e8s d&rsquo;Yvetot. Un jeune automobiliste de 17 ans h\u00e9liport\u00e9 au CHU de Rouen apr\u00e8s un grave accident"},"content":{"rendered":"<p melodystyle=\"texte\">Les secours ont \u00e9t\u00e9 appel\u00e9s vers 18h40 \u00e0 Thiouville, samedi 10\u00a0janvier, entre Yvetot et F\u00e9camp, apr\u00e8s un grave accident de la route survenu sur la d\u00e9partementale 5. Un jeune homme de 17 ans, seul en cause et seul \u00e0 bord de sa voiture, a fait une sortie de route et s&rsquo;est gri\u00e8vement bless\u00e9.<\/p>\n<p>Le conducteur a d\u00fb \u00eatre d\u00e9sincarc\u00e9r\u00e9 de son v\u00e9hicule<\/p>\n<p melodystyle=\"texte\">Arriv\u00e9 sur place, les pompiers, \u00e9paul\u00e9s par le m\u00e9decin du Smur, ont d\u00fb d\u00e9sincarc\u00e9rer la victime rest\u00e9e dans son v\u00e9hicule. Le jeune homme, consid\u00e9r\u00e9 en \u00e9tat d&rsquo;urgence absolue, a \u00e9t\u00e9 h\u00e9liport\u00e9 vers le CHU de Rouen. Une dizaine de pompiers ont \u00e9t\u00e9 mobilis\u00e9s au c\u00f4t\u00e9 de la gendarmerie et de l&rsquo;autorit\u00e9 municipale. L&rsquo;op\u00e9ration s&rsquo;est achev\u00e9e vers 21h30.<\/p>\n","protected":false},"excerpt":{"rendered":"Les secours ont \u00e9t\u00e9 appel\u00e9s vers 18h40 \u00e0 Thiouville, samedi 10\u00a0janvier, entre Yvetot et F\u00e9camp, apr\u00e8s un grave&hellip;\n","protected":false},"author":2,"featured_media":656231,"comment_status":"","ping_status":"","sticky":false,"template":"","format":"standard","meta":{"footnotes":""},"categories":[9587],"tags":[1111,11,1777,674,1011,27,12,5161,25,9590],"class_list":{"0":"post-656230","1":"post","2":"type-post","3":"status-publish","4":"format-standard","5":"has-post-thumbnail","7":"category-rouen","8":"tag-actu","9":"tag-actualites","10":"tag-eu","11":"tag-europe","12":"tag-fr","13":"tag-france","14":"tag-news","15":"tag-normandie","16":"tag-republique-francaise","17":"tag-rouen"},"share_on_mastodon":{"url":"https:\/\/pubeurope.com\/@fr\/115876776020643347","error":""},"_links":{"self":[{"href":"https:\/\/www.europesays.com\/fr\/wp-json\/wp\/v2\/posts\/656230","targetHints":{"allow":["GET"]}}],"collection":[{"href":"https:\/\/www.europesays.com\/fr\/wp-json\/wp\/v2\/posts"}],"about":[{"href":"https:\/\/www.europesays.com\/fr\/wp-json\/wp\/v2\/types\/post"}],"author":[{"embeddable":true,"href":"https:\/\/www.europesays.com\/fr\/wp-json\/wp\/v2\/users\/2"}],"replies":[{"embeddable":true,"href":"https:\/\/www.europesays.com\/fr\/wp-json\/wp\/v2\/comments?post=656230"}],"version-history":[{"count":0,"href":"https:\/\/www.europesays.com\/fr\/wp-json\/wp\/v2\/posts\/656230\/revisions"}],"wp:featuredmedia":[{"embeddable":true,"href":"https:\/\/www.europesays.com\/fr\/wp-json\/wp\/v2\/media\/656231"}],"wp:attachment":[{"href":"https:\/\/www.europesays.com\/fr\/wp-json\/wp\/v2\/media?parent=656230"}],"wp:term":[{"taxonomy":"category","embeddable":true,"href":"https:\/\/www.europesays.com\/fr\/wp-json\/wp\/v2\/categories?post=656230"},{"taxonomy":"post_tag","embeddable":true,"href":"https:\/\/www.europesays.com\/fr\/wp-json\/wp\/v2\/tags?post=656230"}],"curies":[{"name":"wp","href":"https:\/\/api.w.org\/{rel}","templated":true}]}}