{"id":656280,"date":"2026-01-11T14:18:11","date_gmt":"2026-01-11T14:18:11","guid":{"rendered":"https:\/\/www.europesays.com\/fr\/656280\/"},"modified":"2026-01-11T14:18:11","modified_gmt":"2026-01-11T14:18:11","slug":"le-royaume-uni-envisage-denvoyer-des-troupes-au-groenland","status":"publish","type":"post","link":"https:\/\/www.europesays.com\/fr\/656280\/","title":{"rendered":"le Royaume-Uni envisage d&rsquo;envoyer des troupes au Groenland"},"content":{"rendered":"<p>            <img decoding=\"async\" alt=\"Drapeau du Royaume-Uni.\" src=\"https:\/\/www.europesays.com\/fr\/wp-content\/uploads\/2026\/01\/capture-decran-2026-01-11-a-11.50.00.jpg\" width=\"375\" height=\"250\" loading=\"lazy\"\/><\/p>\n<p>\n    Drapeau du Royaume-Uni.<\/p>\n<p>                AFP<br \/>\n                                        \/<br \/>\n                                                    \u00a9 Chris Jackson<\/p>\n<p>Le <a href=\"https:\/\/www.lejdd.fr\/International\/face-aux-freres-musulmans-les-emirats-arabes-unis-restreignent-lacces-de-leurs-etudiants-au-royaume-uni-165710\" target=\"_blank\" rel=\"noopener\">Royaume-Uni<\/a> tape du poing sur la table. Face aux menaces r\u00e9p\u00e9t\u00e9es de <a href=\"https:\/\/www.lejdd.fr\/International\/trump-et-le-groenland-une-diplomatie-du-chequier-qui-pourrait-bien-fonctionner-165749\" target=\"_blank\" rel=\"noopener\">Donald Trump<\/a> de s\u2019emparer du <a href=\"https:\/\/www.lejdd.fr\/International\/terres-rares-route-commerciale-securite-pourquoi-trump-convoite-le-groenland-165693\" target=\"_blank\" rel=\"noopener\">Groenland<\/a> au nom de la lutte contre l\u2019expansionnisme russe et chinois, des troupes britanniques pourraient prochainement \u00eatre d\u00e9p\u00each\u00e9es sur l\u2019\u00eele, rapporte <a href=\"https:\/\/www.gbnews.com\/news\/greenland-britain-troops-donald-trump-arctic-denmark-nato\" target=\"_blank\" rel=\"noopener\">GB News<\/a>. Le gouvernement travailliste \u00e9labore des sc\u00e9narios pour une \u00e9ventuelle mission de l\u2019Otan sur ce territoire. Des responsables britanniques ont r\u00e9cemment rencontr\u00e9 ses homologues allemands et fran\u00e7ais afin de poser les premi\u00e8res pierres de ces pr\u00e9paratifs.<\/p>\n<p>Bien que ces projets en soient encore \u00e0 leurs d\u00e9buts, des troupes, des navires et des avions britanniques pourraient \u00eatre mobilis\u00e9s pour prot\u00e9ger le Groenland des menaces de la <a href=\"https:\/\/www.lejdd.fr\/International\/ukraine-toute-force-occidentale-deployee-sur-le-territoire-sera-une-cible-previent-la-russie-165692\" target=\"_blank\" rel=\"noopener\">Russie<\/a> et de la <a href=\"https:\/\/www.lejdd.fr\/International\/relations-chine-occident-pekin-prefere-la-sincerite-de-trump-a-lhypocrisie-des-europeens-164779\" target=\"_blank\" rel=\"noopener\">Chine<\/a> invoqu\u00e9es par le pr\u00e9sident am\u00e9ricain. \u00ab\u00a0Nous partageons l\u2019avis du pr\u00e9sident Trump\u00a0: l\u2019agression croissante de la Russie dans le Grand Nord doit \u00eatre dissuad\u00e9e et la s\u00e9curit\u00e9 euro-atlantique renforc\u00e9e\u00a0\u00bb, a d\u2019ailleurs d\u00e9clar\u00e9 une source gouvernementale au Telegraph.<\/p>\n<p>    La suite apr\u00e8s cette publicit\u00e9<\/p>\n<p>Trump n\u2019exclut pas le recours \u00e0 la force militaire<\/p>\n<p>Les nations europ\u00e9ennes esp\u00e8rent qu\u2019un renforcement de leur pr\u00e9sence dans l\u2019Arctique suffira \u00e0 convaincre Donald Trump d\u2019abandonner son projet. Le pr\u00e9sident am\u00e9ricain n\u2019a pas exclu le recours \u00e0 la force militaire pour s\u2019emparer de l\u2019\u00eele, jurant que son pays \u00ab\u00a0allait faire quelque chose au Groenland, qu\u2019il le veuille ou non\u00a0\u00bb. Il a \u00e9galement \u00e9voqu\u00e9 la possibilit\u00e9 de verser jusqu\u2019\u00e0 100\u00a0000\u00a0dollars \u00e0 chacun des 30\u00a0000 habitants pour qu\u2019ils pr\u00eatent all\u00e9geance au drapeau am\u00e9ricain.<\/p>\n<p>    La suite apr\u00e8s cette publicit\u00e9<\/p>\n<p>Les alli\u00e9s de l\u2019Otan ont discut\u00e9 de cette proposition lors d\u2019une r\u00e9union \u00e0 Bruxelles. Les membres de l\u2019organisation militaire ont demand\u00e9 aux puissances alli\u00e9es en Europe d\u2019\u00e9valuer quelles mesures pourraient s\u00e9curiser la r\u00e9gion arctique. L\u2019op\u00e9ration pourrait aller du d\u00e9ploiement de troupes compl\u00e8tes \u00e0 des exercices limit\u00e9s dans le temps, en passant par le partage de renseignements et la r\u00e9orientation des d\u00e9penses de d\u00e9fense. Toute mission s\u2019inscrirait vraisemblablement sous l\u2019\u00e9gide de l\u2019Otan.<\/p>\n<p>L\u2019Union europ\u00e9enne pr\u00e9parerait \u00e9galement des sanctions contre des entreprises am\u00e9ricaines si Donald Trump rejetait l\u2019offre de l\u2019Otan. Des g\u00e9ants technologiques comme Meta, Google, Microsoft ou X pourraient se retrouver soumis \u00e0 des restrictions au sein de l\u2019UE, tout comme les banques et institutions financi\u00e8res am\u00e9ricaines.<\/p>\n","protected":false},"excerpt":{"rendered":"Drapeau du Royaume-Uni. AFP \/ \u00a9 Chris Jackson Le Royaume-Uni tape du poing sur la table. Face aux&hellip;\n","protected":false},"author":2,"featured_media":656281,"comment_status":"","ping_status":"","sticky":false,"template":"","format":"standard","meta":{"footnotes":""},"categories":[1588],"tags":[11,1777,674,12,473,1853,1851,1850,1852],"class_list":{"0":"post-656280","1":"post","2":"type-post","3":"status-publish","4":"format-standard","5":"has-post-thumbnail","7":"category-royaume-uni","8":"tag-actualites","9":"tag-eu","10":"tag-europe","11":"tag-news","12":"tag-royaume-uni","13":"tag-royaume-uni-de-grande-bretagne-et-dirlande-du-nord","14":"tag-uk","15":"tag-united-kingdom","16":"tag-united-kingdom-of-great-britain-and-northern-ireland"},"share_on_mastodon":{"url":"https:\/\/pubeurope.com\/@fr\/115876902026430903","error":""},"_links":{"self":[{"href":"https:\/\/www.europesays.com\/fr\/wp-json\/wp\/v2\/posts\/656280","targetHints":{"allow":["GET"]}}],"collection":[{"href":"https:\/\/www.europesays.com\/fr\/wp-json\/wp\/v2\/posts"}],"about":[{"href":"https:\/\/www.europesays.com\/fr\/wp-json\/wp\/v2\/types\/post"}],"author":[{"embeddable":true,"href":"https:\/\/www.europesays.com\/fr\/wp-json\/wp\/v2\/users\/2"}],"replies":[{"embeddable":true,"href":"https:\/\/www.europesays.com\/fr\/wp-json\/wp\/v2\/comments?post=656280"}],"version-history":[{"count":0,"href":"https:\/\/www.europesays.com\/fr\/wp-json\/wp\/v2\/posts\/656280\/revisions"}],"wp:featuredmedia":[{"embeddable":true,"href":"https:\/\/www.europesays.com\/fr\/wp-json\/wp\/v2\/media\/656281"}],"wp:attachment":[{"href":"https:\/\/www.europesays.com\/fr\/wp-json\/wp\/v2\/media?parent=656280"}],"wp:term":[{"taxonomy":"category","embeddable":true,"href":"https:\/\/www.europesays.com\/fr\/wp-json\/wp\/v2\/categories?post=656280"},{"taxonomy":"post_tag","embeddable":true,"href":"https:\/\/www.europesays.com\/fr\/wp-json\/wp\/v2\/tags?post=656280"}],"curies":[{"name":"wp","href":"https:\/\/api.w.org\/{rel}","templated":true}]}}