{"id":656413,"date":"2026-01-11T15:50:11","date_gmt":"2026-01-11T15:50:11","guid":{"rendered":"https:\/\/www.europesays.com\/fr\/656413\/"},"modified":"2026-01-11T15:50:11","modified_gmt":"2026-01-11T15:50:11","slug":"miley-cyrus-est-ouverte-a-un-retour-a-lecran-mais-sous-certaines-conditions","status":"publish","type":"post","link":"https:\/\/www.europesays.com\/fr\/656413\/","title":{"rendered":"Miley Cyrus est ouverte \u00e0 un retour \u00e0 l\u2019\u00e9cran, mais sous certaines conditions"},"content":{"rendered":"<p>Miley Cyrus envisage s\u00e9rieusement un retour \u00e0 l\u2019\u00e9cran, plus de six ans apr\u00e8s son dernier r\u00f4le, dans <a href=\"https:\/\/www.20minutes.fr\/arts-stars\/culture\/2534899-20190607-black-mirror-saison-5-fiction-anticipation-devenue-serie-comme-autres\" target=\"_blank\" class=\"c-link c-link--is-underlined\" rel=\"noopener\">un \u00e9pisode de Black Mirror<\/a>. Interrog\u00e9e par <a href=\"https:\/\/www.youtube.com\/watch?v=eKnLbv5EZ8w\" rel=\"nofollow noopener\" target=\"_blank\" class=\"c-link c-link--is-underlined\">Entertainment Tonight<\/a> lors du Palm Springs International Film Festival, o\u00f9 elle recevait le prix Outstanding Artistic Achievement pour sa chanson Dream As One \u00e9crite pour <a href=\"https:\/\/www.20minutes.fr\/arts-stars\/cinema\/4194586-20260106-james-cameron-milliard-recettes-avatar-3-realisateur-entre-peu-plus-histoire\" target=\"_blank\" class=\"c-link c-link--is-underlined\" rel=\"noopener\">Avatar 3<\/a>, la star de 33 ans a clarifi\u00e9 ses intentions.<\/p>\n<p>\u00ab\u00a0Si l\u2019opportunit\u00e9, le script ou le personnage sont justes, ou con\u00e7us d\u2019une mani\u00e8re qui a du sens, je suis totalement partante\u00a0\u00bb, a-t-elle d\u00e9clar\u00e9.<\/p>\n<p>Hannah Montana a 20 ans<\/p>\n<p>En tout cas, l\u2019apparition de <a href=\"https:\/\/www.20minutes.fr\/arts-stars\/people\/miley_cyrus\/\" class=\"c-link c-link--is-underlined\" target=\"_blank\" rel=\"noopener\">Miley Cyrus<\/a> au Palm Springs International Film Festival n\u2019avait rien d\u2019anodin. En effet, l\u2019ex star de l\u2019\u00e9curie Disney arborait <a href=\"https:\/\/www.20minutes.fr\/tempo\/style\/4141997-20250307-micro-frange-miley-cyrus-tient-prochaine-tendance-rock-annee\" target=\"_blank\" class=\"c-link c-link--is-underlined\" rel=\"noopener\">une frange<\/a>, un clin d\u2019\u0153il possible au personnage de <a href=\"https:\/\/www.20minutes.fr\/arts-stars\/serie\/2843903-20200823-miley-cyrus-remettrait-bien-perruque-hannah-montana-nouvelle-saison\" target=\"_blank\" class=\"c-link c-link--is-underlined\" rel=\"noopener\">Hannah Montana<\/a> qui l\u2019a r\u00e9v\u00e9l\u00e9e et qui doit f\u00eater son 20e anniversaire en mars prochain.<\/p>\n<p>Un mill\u00e9sime qui sera \u00e9videmment c\u00e9l\u00e9br\u00e9 comme il se doit. \u00ab\u00a0Nous travaillons dur sur \u00e7a\u00a0\u00bb, a-t-elle affirm\u00e9 au micro de <a href=\"https:\/\/variety.com\/2025\/film\/features\/miley-cyrus-avatar-fire-ash-song-hannah-montana-anniversary-1236600247\/\" rel=\"nofollow noopener\" target=\"_blank\" class=\"c-link c-link--is-underlined\">Variety<\/a>, sans donner plus de d\u00e9tails.<\/p>\n","protected":false},"excerpt":{"rendered":"Miley Cyrus envisage s\u00e9rieusement un retour \u00e0 l\u2019\u00e9cran, plus de six ans apr\u00e8s son dernier r\u00f4le, dans un&hellip;\n","protected":false},"author":2,"featured_media":656414,"comment_status":"","ping_status":"","sticky":false,"template":"","format":"standard","meta":{"footnotes":""},"categories":[1359],"tags":[2594,641,520,58,59,1011,27,25476,973,521,133],"class_list":{"0":"post-656413","1":"post","2":"type-post","3":"status-publish","4":"format-standard","5":"has-post-thumbnail","7":"category-people","8":"tag-actrice","9":"tag-black-mirror","10":"tag-disney","11":"tag-divertissement","12":"tag-entertainment","13":"tag-fr","14":"tag-france","15":"tag-miley-cyrus","16":"tag-people","17":"tag-serie","18":"tag-video"},"share_on_mastodon":{"url":"https:\/\/pubeurope.com\/@fr\/115877263864071040","error":""},"_links":{"self":[{"href":"https:\/\/www.europesays.com\/fr\/wp-json\/wp\/v2\/posts\/656413","targetHints":{"allow":["GET"]}}],"collection":[{"href":"https:\/\/www.europesays.com\/fr\/wp-json\/wp\/v2\/posts"}],"about":[{"href":"https:\/\/www.europesays.com\/fr\/wp-json\/wp\/v2\/types\/post"}],"author":[{"embeddable":true,"href":"https:\/\/www.europesays.com\/fr\/wp-json\/wp\/v2\/users\/2"}],"replies":[{"embeddable":true,"href":"https:\/\/www.europesays.com\/fr\/wp-json\/wp\/v2\/comments?post=656413"}],"version-history":[{"count":0,"href":"https:\/\/www.europesays.com\/fr\/wp-json\/wp\/v2\/posts\/656413\/revisions"}],"wp:featuredmedia":[{"embeddable":true,"href":"https:\/\/www.europesays.com\/fr\/wp-json\/wp\/v2\/media\/656414"}],"wp:attachment":[{"href":"https:\/\/www.europesays.com\/fr\/wp-json\/wp\/v2\/media?parent=656413"}],"wp:term":[{"taxonomy":"category","embeddable":true,"href":"https:\/\/www.europesays.com\/fr\/wp-json\/wp\/v2\/categories?post=656413"},{"taxonomy":"post_tag","embeddable":true,"href":"https:\/\/www.europesays.com\/fr\/wp-json\/wp\/v2\/tags?post=656413"}],"curies":[{"name":"wp","href":"https:\/\/api.w.org\/{rel}","templated":true}]}}