{"id":656415,"date":"2026-01-11T15:51:15","date_gmt":"2026-01-11T15:51:15","guid":{"rendered":"https:\/\/www.europesays.com\/fr\/656415\/"},"modified":"2026-01-11T15:51:15","modified_gmt":"2026-01-11T15:51:15","slug":"moselle-entre-ombre-et-lumiere-loeuvre-vicoise-de-georges-de-la-tour-eblouit-les-parisiens","status":"publish","type":"post","link":"https:\/\/www.europesays.com\/fr\/656415\/","title":{"rendered":"Moselle. Entre ombre et lumi\u00e8re, l\u2019\u0153uvre vicoise de Georges de La Tour \u00e9blouit les Parisiens"},"content":{"rendered":"<p>\u00ab\u00a0C\u2019est le Caravage fran\u00e7ais.\u00a0\u00bb Voil\u00e0 en quels termes \u00e9logieux Pierre Curie, conservateur du mus\u00e9e Jacquemart-Andr\u00e9 et co-commissaire de l\u2019exposition Georges de La Tour, entre ombre et lumi\u00e8re, d\u00e9crit le ma\u00eetre de la peinture du XVIIe\u00a0si\u00e8cle originaire de Vic-sur-Seille. Depuis le mois de septembre, le mus\u00e9e parisien expose une trentaine d\u2019\u0153uvres de l\u2019artiste mosellan, dont le chef-d\u2019\u0153uvre conserv\u00e9 au mus\u00e9e de Vic-sur-Seille\u00a0: Saint Jean-Baptiste dans le d\u00e9sert. Cette toile, propri\u00e9t\u00e9 du D\u00e9partement de la Moselle, voyage peu. Sa derni\u00e8re escapade remonte \u00e0 2020, pour une exposition \u00e0 Milan.<\/p>\n<p>C\u2019est donc un \u00e9v\u00e9nement de pouvoir l\u2019admirer dans la capitale, aux c\u00f4t\u00e9s d\u2019autres tableaux pr\u00eat\u00e9s par des mus\u00e9es fran\u00e7ais et \u00e9trangers, ou issus de collections priv\u00e9es. Et le public ne s\u2019y est pas tromp\u00e9. Cette premi\u00e8re r\u00e9trospective consacr\u00e9e \u00e0 de La Tour depuis l\u2019exposition historique du Grand Palais en 1997 ne se visite que sur r\u00e9servation. Et elle conna\u00eet un tel succ\u00e8s qu\u2019elle est prolong\u00e9e jusqu\u2019au 22\u00a0f\u00e9vrier. \u00ab\u00a0On ne voulait pas lui dire au revoir tout de suite\u00a0!\u00a0\u00bb publie le mus\u00e9e Jacquemart-Andr\u00e9 sur ses r\u00e9seaux.<\/p>\n<p>Ce contenu est bloqu\u00e9 car vous n&rsquo;avez pas accept\u00e9 les cookies et autres traceurs.<\/p>\n<p>En cliquant sur \u00ab J\u2019accepte \u00bb, les cookies et autres traceurs seront d\u00e9pos\u00e9s et vous pourrez visualiser les contenus  (<a href=\"\" class=\"consentModule_policy\" target=\"_blank\" title=\"Consulter la politique de protection des donn\u00e9es du fournisseur\">plus d&rsquo;informations<\/a>).<\/p>\n<p>En cliquant sur \u00ab J\u2019accepte tous les cookies \u00bb, vous autorisez des d\u00e9p\u00f4ts de cookies et autres traceurs pour le stockage de vos donn\u00e9es sur nos sites et applications \u00e0 des fins de personnalisation et de ciblage publicitaire.<\/p>\n<p class=\"consentModule_secondaryText\">Vous gardez la possibilit\u00e9 de retirer votre consentement \u00e0 tout moment en consultant notre <a href=\"https:\/\/www.republicain-lorrain.fr\/protection-des-donnees\" target=\"_blank\" title=\"Consulter notre politique de protection des donn\u00e9es\" rel=\"noopener\">politique de protection des donn\u00e9es<\/a>. <br \/>&#13;<br \/>\n            <a href=\"https:\/\/www.republicain-lorrain.fr\/culture-loisirs\/2026\/01\/11\/javascript:Didomi.notice.show()\" class=\"consentModule_cmp\" target=\"_blank\" rel=\"noopener\">G\u00e9rer mes choix<\/a>&#13;\n        <\/p>\n<p>&#13;<br \/>\n                        J&rsquo;accepte&#13;<br \/>\n            J&rsquo;accepte tous les cookies&#13;\n        <\/p>\n<p>  Derni\u00e8re sortie avant restauration<\/p>\n<p>Saint Jean-Baptiste dans le d\u00e9sert est donc actuellement en pleine lumi\u00e8re. Illumin\u00e9 par les chandelles qui se r\u00e9p\u00e8tent dans l\u2019\u0153uvre de Georges de La Tour, qu\u2019il peigne des saints, des mendiants, des vieillards, des joueurs de vielle ou des jeunes filles\u2026 Et dans quelques semaines, il replongera dans l\u2019ombre. Car une autre aventure l\u2019attend. Destination l\u2019atelier de restauration, pour revenir plus magnifique encore sur les murs du mus\u00e9e d\u00e9partemental Georges-de-La-Tour qui, lui, rouvrira ses portes le 7\u00a0f\u00e9vrier.<\/p>\n<p>En attendant le retour du Saint Jean-Baptiste, les visiteurs pourront y admirer un autre bijou du ma\u00eetre du clair-obscur\u00a0: Profil de femme. Et <a href=\"https:\/\/www.republicain-lorrain.fr\/culture-loisirs\/2024\/10\/23\/une-copie-de-saint-sebastien-a-la-lanterne-exposee-au-musee-georges-de-la-tour\" target=\"_blank\" rel=\"noopener\">Saint S\u00e9bastien \u00e0 la lanterne<\/a> , une huile sur toile repr\u00e9sentant sainte Ir\u00e8ne de Rome s\u2019appr\u00eatant \u00e0 retirer la fl\u00e8che qui est log\u00e9e dans la cuisse de saint S\u00e9bastien, avec en arri\u00e8re-plan, une jeune femme tenant une lanterne, seul faisceau lumineux dans la p\u00e9nombre. Il s\u2019agit l\u00e0 d\u2019une copie, comme le rappelle la mention \u00ab\u00a0d\u2019apr\u00e8s Georges de La Tour\u00a0\u00bb. L\u2019original \u2013 une commande de Louis XIII sign\u00e9e directement de la main du peintre lorrain \u2013 ayant \u00e9t\u00e9 perdu.<\/p>\n<p>Ce contenu est bloqu\u00e9 car vous n&rsquo;avez pas accept\u00e9 les cookies et autres traceurs.<\/p>\n<p>En cliquant sur \u00ab J\u2019accepte \u00bb, les cookies et autres traceurs seront d\u00e9pos\u00e9s et vous pourrez visualiser les contenus  (<a href=\"\" class=\"consentModule_policy\" target=\"_blank\" title=\"Consulter la politique de protection des donn\u00e9es du fournisseur\">plus d&rsquo;informations<\/a>).<\/p>\n<p>En cliquant sur \u00ab J\u2019accepte tous les cookies \u00bb, vous autorisez des d\u00e9p\u00f4ts de cookies et autres traceurs pour le stockage de vos donn\u00e9es sur nos sites et applications \u00e0 des fins de personnalisation et de ciblage publicitaire.<\/p>\n<p class=\"consentModule_secondaryText\">Vous gardez la possibilit\u00e9 de retirer votre consentement \u00e0 tout moment en consultant notre <a href=\"https:\/\/www.republicain-lorrain.fr\/protection-des-donnees\" target=\"_blank\" title=\"Consulter notre politique de protection des donn\u00e9es\" rel=\"noopener\">politique de protection des donn\u00e9es<\/a>. <br \/>&#13;<br \/>\n            <a href=\"https:\/\/www.republicain-lorrain.fr\/culture-loisirs\/2026\/01\/11\/javascript:Didomi.notice.show()\" class=\"consentModule_cmp\" target=\"_blank\" rel=\"noopener\">G\u00e9rer mes choix<\/a>&#13;\n        <\/p>\n<p>&#13;<br \/>\n                        J&rsquo;accepte&#13;<br \/>\n            J&rsquo;accepte tous les cookies&#13;\n        <\/p>\n<p>Les 300\u00a0000 curieux de l\u2019exposition parisienne feront-ils le d\u00e9placement pour s\u2019immerger un peu plus dans <a href=\"https:\/\/www.estrepublicain.fr\/culture-loisirs\/2025\/10\/12\/exposition-georges-de-la-tour-a-paris-un-peintre-entre-ombre-et-lumiere\" target=\"_blank\" rel=\"noopener\">l\u2019univers de De La Tour<\/a> \u00a0? En tout cas, rarement le ma\u00eetre vicois, dont on ne conna\u00eet pas le visage et qui est un temps tomb\u00e9 dans l\u2019oubli, aura autant \u00e9t\u00e9 sous les feux des projecteurs.<\/p>\n","protected":false},"excerpt":{"rendered":"\u00ab\u00a0C\u2019est le Caravage fran\u00e7ais.\u00a0\u00bb Voil\u00e0 en quels termes \u00e9logieux Pierre Curie, conservateur du mus\u00e9e Jacquemart-Andr\u00e9 et co-commissaire de&hellip;\n","protected":false},"author":2,"featured_media":656416,"comment_status":"","ping_status":"","sticky":false,"template":"","format":"standard","meta":{"footnotes":""},"categories":[1358],"tags":[1348,1384,1385,33840,1687,1386,58,5327,59,2271,1011,27,75891],"class_list":{"0":"post-656415","1":"post","2":"type-post","3":"status-publish","4":"format-standard","5":"has-post-thumbnail","7":"category-arts-et-design","8":"tag-arts","9":"tag-arts-and-design","10":"tag-arts-et-design","11":"tag-cc-du-saulnois-57c","12":"tag-culture-loisirs","13":"tag-design","14":"tag-divertissement","15":"tag-edition-sarrebourg-chateau-salins","16":"tag-entertainment","17":"tag-exposition-arts-plastiques","18":"tag-fr","19":"tag-france","20":"tag-vic-sur-seille"},"share_on_mastodon":{"url":"https:\/\/pubeurope.com\/@fr\/115877267543330247","error":""},"_links":{"self":[{"href":"https:\/\/www.europesays.com\/fr\/wp-json\/wp\/v2\/posts\/656415","targetHints":{"allow":["GET"]}}],"collection":[{"href":"https:\/\/www.europesays.com\/fr\/wp-json\/wp\/v2\/posts"}],"about":[{"href":"https:\/\/www.europesays.com\/fr\/wp-json\/wp\/v2\/types\/post"}],"author":[{"embeddable":true,"href":"https:\/\/www.europesays.com\/fr\/wp-json\/wp\/v2\/users\/2"}],"replies":[{"embeddable":true,"href":"https:\/\/www.europesays.com\/fr\/wp-json\/wp\/v2\/comments?post=656415"}],"version-history":[{"count":0,"href":"https:\/\/www.europesays.com\/fr\/wp-json\/wp\/v2\/posts\/656415\/revisions"}],"wp:featuredmedia":[{"embeddable":true,"href":"https:\/\/www.europesays.com\/fr\/wp-json\/wp\/v2\/media\/656416"}],"wp:attachment":[{"href":"https:\/\/www.europesays.com\/fr\/wp-json\/wp\/v2\/media?parent=656415"}],"wp:term":[{"taxonomy":"category","embeddable":true,"href":"https:\/\/www.europesays.com\/fr\/wp-json\/wp\/v2\/categories?post=656415"},{"taxonomy":"post_tag","embeddable":true,"href":"https:\/\/www.europesays.com\/fr\/wp-json\/wp\/v2\/tags?post=656415"}],"curies":[{"name":"wp","href":"https:\/\/api.w.org\/{rel}","templated":true}]}}