{"id":656417,"date":"2026-01-11T15:53:11","date_gmt":"2026-01-11T15:53:11","guid":{"rendered":"https:\/\/www.europesays.com\/fr\/656417\/"},"modified":"2026-01-11T15:53:11","modified_gmt":"2026-01-11T15:53:11","slug":"star-academy-les-votes-des-quarts-de-finale-ne-fonctionnent-plus-les-internautes-sindignent","status":"publish","type":"post","link":"https:\/\/www.europesays.com\/fr\/656417\/","title":{"rendered":"Star Academy : les votes des quarts de finale ne fonctionnent plus, les internautes s\u2019indignent"},"content":{"rendered":"<p>\n<br \/>Publicit\u00e9<\/p>\n<p>Gros couac du c\u00f4t\u00e9 de la <a href=\"https:\/\/www.stars-actu.fr\/tag\/star-academy\/\" rel=\"noopener\" target=\"_blank\">Star Academy<\/a>. Alors que les votes des quarts de finale ont \u00e9t\u00e9 lanc\u00e9s hier soir, en fin de prime, apr\u00e8s l\u2019\u00e9limination d\u2019Anouk, ils ne fonctionnent plus depuis plusieurs heures ce dimanche.<\/p>\n<p><img fetchpriority=\"high\" decoding=\"async\" src=\"https:\/\/www.europesays.com\/fr\/wp-content\/uploads\/2026\/01\/starac-quartdefinale.jpg\" alt=\"Star Academy : les votes des quarts de finale ne fonctionnent plus, les internautes s\u2019indignent\" width=\"1200\" height=\"677\" class=\"size-full wp-image-187581\"  \/>Capture TF1<\/p>\n<p>\n<br \/>Publicit\u00e9<\/p>\n<p>D\u00e8s le d\u00e9but de la matin\u00e9e, de nombreux internautes ont commenc\u00e9 \u00e0 d\u00e9noncer sur les r\u00e9seaux sociaux un arr\u00eat total des votes, affirmant qu\u2019il leur \u00e9tait impossible de soutenir leur candidat favori. Une situation que nous avons nous-m\u00eames pu constater chez Stars-Actu en tentant de voter par SMS : \u00e0 chaque essai, le message de r\u00e9ponse suivant s\u2019affiche \u00ab TF1 : D\u00e9sol\u00e9, il n\u2019y a actuellement aucun service propos\u00e9 sur ce num\u00e9ro \u00bb.<\/p>\n<p>Pour rappel, Nikos Aliagas a lanc\u00e9 l\u2019appel aux votes pour les quarts de finale peu apr\u00e8s minuit, \u00e0 l\u2019issue du prime. Les t\u00e9l\u00e9spectateurs \u00e9taient alors invit\u00e9s \u00e0 d\u00e9partager Ambre, Bastiaan, Sarah et Victor, avec un objectif clair : qualifier l\u2019un d\u2019eux directement pour les demi-finales. Les trois autres acad\u00e9miciens encore en lice devront, eux, passer par une nouvelle \u00e9tape de s\u00e9lection lors du prime de samedi prochain.<\/p>\n<p>Mais depuis t\u00f4t ce dimanche, plus aucun vote ne semble possible, laissant les fans dans l\u2019incompr\u00e9hension la plus totale. Sur X (ex-Twitter), Instagram ou encore TikTok, les messages de col\u00e8re se multiplient, certains craignant m\u00eame que ce dysfonctionnement puisse fausser la comp\u00e9tition.<\/p>\n<p>\n<br \/>Publicit\u00e9<\/p>\n<p>Pour l\u2019heure, TF1 n\u2019a toujours pas r\u00e9agi \u00e0 ce probl\u00e8me technique, ni communiqu\u00e9 sur un \u00e9ventuel arr\u00eat des votes. Reste \u00e0 savoir ce qu\u2019il s\u2019est r\u00e9ellement pass\u00e9 et surtout si la cha\u00eene prendra des mesures pour garantir l\u2019\u00e9quit\u00e9 de ce quart de finale d\u00e9cisif.<br \/>Affaire \u00e0 suivre\u2026<\/p>\n<p><strong>EDIT 13h50 :<\/strong> apr\u00e8s de longues heures de panne, les votes ont finalement r\u00e9ouvert !<\/p>\n<p>Star Academy, quart de finale : qui doit aller en demi-finale ?<\/p>\n<p><strong>A LIRE AUSSI :<\/strong> <a href=\"https:\/\/www.stars-actu.fr\/2026\/01\/star-academy-qui-a-ete-elimine-lors-du-13eme-prime-resume-replay-du-10-janvier-2026\/\" rel=\"noopener\" target=\"_blank\">Star Academy : qui a \u00e9t\u00e9 \u00e9limin\u00e9 lors du 13\u00e8me prime ? (r\u00e9sum\u00e9 + replay du 10 janvier 2026)<\/a><\/p>\n","protected":false},"excerpt":{"rendered":"Publicit\u00e9 Gros couac du c\u00f4t\u00e9 de la Star Academy. Alors que les votes des quarts de finale ont&hellip;\n","protected":false},"author":2,"featured_media":656418,"comment_status":"","ping_status":"","sticky":false,"template":"","format":"standard","meta":{"footnotes":""},"categories":[1356],"tags":[58,59,1011,27,5095,67823,252,1364],"class_list":{"0":"post-656417","1":"post","2":"type-post","3":"status-publish","4":"format-standard","5":"has-post-thumbnail","7":"category-television","8":"tag-divertissement","9":"tag-entertainment","10":"tag-fr","11":"tag-france","12":"tag-star-academy","13":"tag-staracademylelive","14":"tag-television","15":"tag-tv"},"share_on_mastodon":{"url":"https:\/\/pubeurope.com\/@fr\/115877275689108659","error":""},"_links":{"self":[{"href":"https:\/\/www.europesays.com\/fr\/wp-json\/wp\/v2\/posts\/656417","targetHints":{"allow":["GET"]}}],"collection":[{"href":"https:\/\/www.europesays.com\/fr\/wp-json\/wp\/v2\/posts"}],"about":[{"href":"https:\/\/www.europesays.com\/fr\/wp-json\/wp\/v2\/types\/post"}],"author":[{"embeddable":true,"href":"https:\/\/www.europesays.com\/fr\/wp-json\/wp\/v2\/users\/2"}],"replies":[{"embeddable":true,"href":"https:\/\/www.europesays.com\/fr\/wp-json\/wp\/v2\/comments?post=656417"}],"version-history":[{"count":0,"href":"https:\/\/www.europesays.com\/fr\/wp-json\/wp\/v2\/posts\/656417\/revisions"}],"wp:featuredmedia":[{"embeddable":true,"href":"https:\/\/www.europesays.com\/fr\/wp-json\/wp\/v2\/media\/656418"}],"wp:attachment":[{"href":"https:\/\/www.europesays.com\/fr\/wp-json\/wp\/v2\/media?parent=656417"}],"wp:term":[{"taxonomy":"category","embeddable":true,"href":"https:\/\/www.europesays.com\/fr\/wp-json\/wp\/v2\/categories?post=656417"},{"taxonomy":"post_tag","embeddable":true,"href":"https:\/\/www.europesays.com\/fr\/wp-json\/wp\/v2\/tags?post=656417"}],"curies":[{"name":"wp","href":"https:\/\/api.w.org\/{rel}","templated":true}]}}