{"id":656421,"date":"2026-01-11T15:55:09","date_gmt":"2026-01-11T15:55:09","guid":{"rendered":"https:\/\/www.europesays.com\/fr\/656421\/"},"modified":"2026-01-11T15:55:09","modified_gmt":"2026-01-11T15:55:09","slug":"la-suite-de-godzilla-minus-one-annoncee-pour-2026-aux-etats-unis-avec-un-nouvel-apercu-devoile","status":"publish","type":"post","link":"https:\/\/www.europesays.com\/fr\/656421\/","title":{"rendered":"La suite de Godzilla Minus One annonc\u00e9e pour 2026 aux \u00c9tats-Unis, avec un nouvel aper\u00e7u d\u00e9voil\u00e9"},"content":{"rendered":"<p class=\"chapo\">Le prochain volet de la saga Godzilla Minus One a d\u00e9sormais une date de sortie officielle aux \u00c9tats-Unis, fix\u00e9e \u00e0 2026. Un nouvel aper\u00e7u du film vient \u00e9galement d\u2019\u00eatre d\u00e9voil\u00e9, attisant l\u2019attente des fans am\u00e9ricains.<\/p>\n<p>Tl;dr<\/p>\n<ul>\n<li>Sortie mondiale de <strong>Godzilla Minus Zero<\/strong> en novembre 2026.<\/li>\n<li>R\u00e9alisateur Takashi Yamazaki revient, intrigue gard\u00e9e secr\u00e8te.<\/li>\n<li>Nouveaux projets majeurs pour l\u2019univers <strong>Godzilla<\/strong>.<\/li>\n<\/ul>\n<p>Une sortie mondiale in\u00e9dite pour Godzilla<\/p>\n<p>Le g\u00e9ant du cin\u00e9ma japonais, TOHO, franchit une nouvelle \u00e9tape historique avec la sortie simultan\u00e9e, ou presque, de son prochain opus : <a href=\"https:\/\/www.begeek.fr\/le-teaser-tant-attendu-de-la-suite-de-godzilla-minus-one-devoile-accompagne-dun-titre-ideal-423571\" target=\"_blank\" rel=\"noopener\"><strong>Godzilla Minus Zero<\/strong><\/a>. Ce film, suite attendue du ph\u00e9nom\u00e8ne mondial Godzilla Minus One, sera projet\u00e9 au Japon d\u00e8s le 3 novembre et d\u00e9barquera en Am\u00e9rique du Nord le 6 novembre. Cette synchronisation marque un tournant pour la franchise, longtemps cantonn\u00e9e \u00e0 des sorties diff\u00e9r\u00e9es selon les continents.<\/p>\n<p>L\u2019apr\u00e8s Godzilla Minus One\u00a0: une dynamique relanc\u00e9e<\/p>\n<p>Port\u00e9 par le succ\u00e8s critique et commercial retentissant de Godzilla Minus One, sans doute l\u2019une des productions les plus marquantes de l\u2019histoire septuag\u00e9naire de la saga, TOHO capitalise sur cet \u00e9lan. L\u2019annonce rapide d\u2019une suite n\u2019aura surpris personne, tant le retour du monstre g\u00e9ant s\u2019inscrit dans une strat\u00e9gie assum\u00e9e d\u2019expansion \u00e0 grande \u00e9chelle. D\u2019ailleurs, apr\u00e8s avoir d\u00e9croch\u00e9 un Oscar \u2014 un fait rare pour ce type de franchise \u2014 le rayonnement international du personnage semble plus fort que jamais.<\/p>\n<p>Un r\u00e9alisateur fid\u00e8le et des d\u00e9tails sous silence<\/p>\n<p>\u00c0 la man\u0153uvre, on retrouve \u00e0 nouveau Takashi Yamazaki, qui officiera non seulement comme r\u00e9alisateur mais aussi en tant que sc\u00e9nariste et superviseur des effets sp\u00e9ciaux. Cependant, si l\u2019engouement monte d\u00e9j\u00e0 d\u2019un cran parmi les fans, il faut reconna\u00eetre que les informations sur l\u2019intrigue restent verrouill\u00e9es. Ni confirmation officielle d\u2019une suite directe, ni r\u00e9v\u00e9lation sur le contenu : tout est fait pour entretenir le myst\u00e8re autour de ce nouvel \u00e9pisode. Ce qui est certain, c\u2019est que la production mobilise une \u00e9quipe de renom avec ROBOT aux commandes et SHIROGUMI Inc. pour les effets visuels.<\/p>\n<p>L\u2019univers Godzilla : ambitions mondiales et nouveaux horizons<\/p>\n<p>Godzilla Minus Zero ne sera pas isol\u00e9 dans l\u2019\u00e9cosyst\u00e8me tentaculaire du kaiju japonais. Les amateurs noteront :<\/p>\n<ul>\n<li>L\u2019arriv\u00e9e prochaine d\u2019une saison 2 pour la s\u00e9rie <a href=\"https:\/\/www.begeek.fr\/monarch-heritage-des-monstres-saison-2-confirmation-casting-tout-ce-que-nous-savons-405210\" target=\"_blank\" rel=\"noopener\"><strong>Monarch: Legacy of Monsters<\/strong><\/a>.<\/li>\n<li>L\u2019annonce du film \u00e9v\u00e9nement <strong>Godzilla x Kong: Supernova<\/strong>, attendu pour mars 2027.<\/li>\n<li>L\u2019officialisation d\u2019un plan d\u2019expansion colossal chiffr\u00e9 \u00e0 un milliard de dollars.<\/li>\n<\/ul>\n<p>Autant dire que la \u00ab vague \u00bb Godzilla n\u2019est pas pr\u00e8s de retomber ; elle semble m\u00eame promise \u00e0 d\u00e9ferler sur tous les \u00e9crans dans les ann\u00e9es \u00e0 venir.<\/p>\n","protected":false},"excerpt":{"rendered":"Le prochain volet de la saga Godzilla Minus One a d\u00e9sormais une date de sortie officielle aux \u00c9tats-Unis,&hellip;\n","protected":false},"author":2,"featured_media":656422,"comment_status":"","ping_status":"","sticky":false,"template":"","format":"standard","meta":{"footnotes":""},"categories":[1354],"tags":[58,59,1346,1011,27,1360],"class_list":{"0":"post-656421","1":"post","2":"type-post","3":"status-publish","4":"format-standard","5":"has-post-thumbnail","7":"category-films","8":"tag-divertissement","9":"tag-entertainment","10":"tag-films","11":"tag-fr","12":"tag-france","13":"tag-movies"},"share_on_mastodon":{"url":"https:\/\/pubeurope.com\/@fr\/115877283317264974","error":""},"_links":{"self":[{"href":"https:\/\/www.europesays.com\/fr\/wp-json\/wp\/v2\/posts\/656421","targetHints":{"allow":["GET"]}}],"collection":[{"href":"https:\/\/www.europesays.com\/fr\/wp-json\/wp\/v2\/posts"}],"about":[{"href":"https:\/\/www.europesays.com\/fr\/wp-json\/wp\/v2\/types\/post"}],"author":[{"embeddable":true,"href":"https:\/\/www.europesays.com\/fr\/wp-json\/wp\/v2\/users\/2"}],"replies":[{"embeddable":true,"href":"https:\/\/www.europesays.com\/fr\/wp-json\/wp\/v2\/comments?post=656421"}],"version-history":[{"count":0,"href":"https:\/\/www.europesays.com\/fr\/wp-json\/wp\/v2\/posts\/656421\/revisions"}],"wp:featuredmedia":[{"embeddable":true,"href":"https:\/\/www.europesays.com\/fr\/wp-json\/wp\/v2\/media\/656422"}],"wp:attachment":[{"href":"https:\/\/www.europesays.com\/fr\/wp-json\/wp\/v2\/media?parent=656421"}],"wp:term":[{"taxonomy":"category","embeddable":true,"href":"https:\/\/www.europesays.com\/fr\/wp-json\/wp\/v2\/categories?post=656421"},{"taxonomy":"post_tag","embeddable":true,"href":"https:\/\/www.europesays.com\/fr\/wp-json\/wp\/v2\/tags?post=656421"}],"curies":[{"name":"wp","href":"https:\/\/api.w.org\/{rel}","templated":true}]}}