{"id":656423,"date":"2026-01-11T15:56:10","date_gmt":"2026-01-11T15:56:10","guid":{"rendered":"https:\/\/www.europesays.com\/fr\/656423\/"},"modified":"2026-01-11T15:56:10","modified_gmt":"2026-01-11T15:56:10","slug":"jai-essaye-le-fer-le-magnesium-la-vitamine-d-et-apres","status":"publish","type":"post","link":"https:\/\/www.europesays.com\/fr\/656423\/","title":{"rendered":"\u00ab J\u2019ai essay\u00e9 le fer, le magn\u00e9sium, la vitamine D \u00bb : et apr\u00e8s ?"},"content":{"rendered":"<p>Nous sommes le 11 janvier, les f\u00eates sont derri\u00e8re nous, le sapin commence \u00e0 perdre ses aiguilles et le ciel gris de l&rsquo;hiver semble s&rsquo;\u00eatre install\u00e9 pour de bon. Comme chaque ann\u00e9e \u00e0 la m\u00eame p\u00e9riode, vous ressentez peut-\u00eatre une lassitude profonde, cette difficult\u00e9 \u00e0 sortir du lit alors qu&rsquo;il fait encore nuit noire. Pour contrer ce manque d&rsquo;entrain, vous avez sans doute fil\u00e9 \u00e0 la pharmacie pour acheter le trio classique : fer, magn\u00e9sium et vitamine D. Pourtant, apr\u00e8s plusieurs jours de prise assidue, le miracle attendu ne se produit pas. Vous vous sentez toujours aussi <strong>\u00e9puis\u00e9<\/strong>. Avant d&rsquo;accuser la marque du compl\u00e9ment ou de doubler la dose, il est n\u00e9cessaire de comprendre pourquoi cette strat\u00e9gie d&rsquo;autom\u00e9dication tombe souvent \u00e0 plat.<\/p>\n<p> Pourquoi vos cures de vitamines restent inefficaces sans un diagnostic pr\u00e9cis<\/p>\n<p>Il est tentant de penser qu&rsquo;une g\u00e9lule peut r\u00e9soudre des semaines de fatigue accumul\u00e9e. Cependant, notre organisme fonctionne de <strong>mani\u00e8re bien plus complexe<\/strong> qu&rsquo;un simple r\u00e9servoir qu&rsquo;il suffirait de remplir.<\/p>\n<p>Le constat : l&rsquo;inutilit\u00e9 de la suppl\u00e9mentation sur un organisme non carenc\u00e9<\/p>\n<p>Il y a une v\u00e9rit\u00e9 biologique que l&rsquo;on oublie trop souvent face aux promesses marketing des bo\u00eetes de compl\u00e9ments alimentaires : <strong>un apport en vitamines ou min\u00e9raux n&rsquo;a d&rsquo;int\u00e9r\u00eat que si le corps en manque r\u00e9ellement<\/strong>. De r\u00e9centes donn\u00e9es confirment qu&rsquo;une suppl\u00e9mentation en magn\u00e9sium, en fer ou en vitamine D est inefficace chez les personnes ne pr\u00e9sentant pas de carence objectiv\u00e9e. Si vos r\u00e9serves sont pleines, ing\u00e9rer davantage de nutriments ne vous donnera pas de super-pouvoirs. Au contraire, votre corps va simplement tout mettre en \u0153uvre pour \u00e9liminer ce surplus, ce qui peut m\u00eame <strong>fatiguer inutilement vos organes filtrants<\/strong> comme les reins.<\/p>\n<p> Le mythe de la pilule magique face \u00e0 la r\u00e9alit\u00e9 biologique de votre corps<\/p>\n<p>Nous vivons dans une soci\u00e9t\u00e9 de l&rsquo;imm\u00e9diatet\u00e9 o\u00f9 l&rsquo;on esp\u00e8re une solution rapide pour chaque probl\u00e8me. Pourtant, la biologie ne suit pas ce rythme. Penser qu&rsquo;une suppl\u00e9mentation al\u00e9atoire va remplacer une hygi\u00e8ne de vie d\u00e9faillante ou un sommeil de mauvaise qualit\u00e9 est une erreur fr\u00e9quente. <strong>Les compl\u00e9ments ne remplacent ni une alimentation \u00e9quilibr\u00e9e ni un suivi m\u00e9dical<\/strong>. Si vous prenez du fer alors que votre fatigue vient d&rsquo;un stress chronique ou d&rsquo;un manque d&rsquo;activit\u00e9 physique, vous ne traitez pas le probl\u00e8me, vous tentez simplement de masquer un sympt\u00f4me sans r\u00e9soudre la cause sous-jacente.<\/p>\n<p> Adoptez la marche \u00e0 suivre m\u00e9dicale avant de passer \u00e0 la caisse pour des suppl\u00e9ments<\/p>\n<p>Avant d&rsquo;investir dans des flacons co\u00fbteux, la logique voudrait que l&rsquo;on v\u00e9rifie d&rsquo;abord l&rsquo;\u00e9tat de notre <strong>machinerie interne<\/strong>. C&rsquo;est la seule m\u00e9thode fiable pour retrouver de l&rsquo;\u00e9nergie durablement.<\/p>\n<p> L&rsquo;\u00e9tape non n\u00e9gociable du bilan sanguin pour cibler le vrai coupable de votre fatigue<\/p>\n<p>Il n&rsquo;y a rien de plus hasardeux que de s&rsquo;auto-diagnostiquer une carence en fer ou en vitamine D. Seule une prise de sang prescrite par votre m\u00e9decin traitant peut r\u00e9v\u00e9ler la v\u00e9rit\u00e9. <strong>Une fatigue persistante peut cacher bien d&rsquo;autres choses qu&rsquo;une simple carence<\/strong> : un petit d\u00e9r\u00e8glement de la thyro\u00efde, une infection latente ou simplement une apn\u00e9e du sommeil. En ciblant pr\u00e9cis\u00e9ment ce qui manque (ou ce qui dysfonctionne) gr\u00e2ce \u00e0 un bilan sanguin, vous pourrez agir efficacement. La suppl\u00e9mentation devient alors un outil m\u00e9dical pr\u00e9cis, et non un pari \u00e0 l&rsquo;aveugle.<\/p>\n<p> La priorit\u00e9 absolue \u00e0 redonner \u00e0 une alimentation brute et \u00e9quilibr\u00e9e<\/p>\n<p>Avant d&rsquo;avaler des comprim\u00e9s, examinons ce qu&rsquo;il y a dans votre assiette. Pour nous, les seniors, la qualit\u00e9 des nutriments est <strong>primordiale<\/strong> pour maintenir la masse musculaire et l&rsquo;\u00e9nergie. Une alimentation riche en produits bruts est bien mieux assimil\u00e9e par l&rsquo;organisme que n&rsquo;importe quelle g\u00e9lule synth\u00e9tique. Voici un petit tableau r\u00e9capitulatif pour int\u00e9grer des gestes simples \u00e0 votre routine quotidienne :<\/p>\n<ul>\n<li><strong>Matin :<\/strong> Privil\u00e9giez des prot\u00e9ines (\u0153uf, fromage, jambon) plut\u00f4t que du tout-sucre pour \u00e9viter le coup de pompe de 11h.<\/li>\n<li><strong>Midi :<\/strong> Une portion de l\u00e9gumes de saison (choux, poireaux, courges en cet hiver) arros\u00e9e d&rsquo;huile de colza ou de noix pour les om\u00e9ga-3.<\/li>\n<li><strong>Collation :<\/strong> Une poign\u00e9e d&rsquo;amandes ou de noix, bien plus riches en magn\u00e9sium assimilable qu&rsquo;un cachet effervescent.<\/li>\n<\/ul>\n<p> Misez sur votre hygi\u00e8ne de vie globale plut\u00f4t que sur une solution express<\/p>\n<p>La recherche de performance dans une pilule est souvent vaine alors que la solution r\u00e9side g\u00e9n\u00e9ralement dans le <strong>mouvement et le repos<\/strong>. Retrouver la forme est un processus global qui implique plusieurs facteurs.<\/p>\n<p>Le mot du coach : pourquoi le suivi m\u00e9dical vaut mieux que l&rsquo;autom\u00e9dication<\/p>\n<p>Il faut cesser de consid\u00e9rer le corps comme une voiture dont on change les pi\u00e8ces au hasard. L&rsquo;autom\u00e9dication, m\u00eame avec des produits dits \u00ab\u00a0naturels\u00a0\u00bb, comporte des risques de surdosage ou d&rsquo;interactions m\u00e9dicamenteuses, surtout si vous suivez d\u00e9j\u00e0 un traitement pour la tension ou le cholest\u00e9rol. <strong>Le m\u00e9decin reste votre meilleur alli\u00e9<\/strong>. Une fois les carences \u00e9cart\u00e9es ou trait\u00e9es m\u00e9dicalement, c&rsquo;est l\u00e0 que le travail de remise en forme commence : r\u00e9activer l&rsquo;organisme progressivement, sans brutalit\u00e9. Il convient d&rsquo;\u00eatre \u00e0 l&rsquo;\u00e9coute de son corps, tout en \u00e9vitant la s\u00e9dentarit\u00e9 excessive.<\/p>\n<p> L&rsquo;importance de traiter la cause profonde de l&rsquo;\u00e9puisement au-del\u00e0 du simple apport en nutriments<\/p>\n<p>Si vos analyses sont bonnes, la fatigue provient d&rsquo;ailleurs. Est-ce la s\u00e9dentarit\u00e9 qui <strong>ralentit votre m\u00e9tabolisme<\/strong> ? Est-ce le manque de lumi\u00e8re naturelle en ce mois de janvier ? Pour relancer la machine, rien ne vaut l&rsquo;activation douce de la circulation sanguine.<\/p>\n<p>Voici une routine simple pour r\u00e9veiller votre \u00e9nergie sans mat\u00e9riel :<\/p>\n<tr style=\"background-color: #f2f2f2\">\nType de Mouvement<br \/>\nDur\u00e9e \/ Quantit\u00e9<br \/>\nEffet attendu sur l&rsquo;\u00e9nergie<br \/>\n<\/tr>\n<tr>\n<td><strong>Marche active<\/strong> (dehors, m\u00eame s&rsquo;il fait frais)<\/td>\n<td>15 \u00e0 20 minutes<\/td>\n<td>Oxyg\u00e9nation du cerveau et synth\u00e8se naturelle de vitamine D (si soleil).<\/td>\n<\/tr>\n<tr>\n<td><strong>\u00c9tirements doux<\/strong> (bras vers le ciel)<\/td>\n<td>1 minute, 3 fois par jour<\/td>\n<td>D\u00e9compression de la cage thoracique, meilleure respiration.<\/td>\n<\/tr>\n<tr>\n<td><strong>Lever de chaise<\/strong> (sans les mains si possible)<\/td>\n<td>10 r\u00e9p\u00e9titions<\/td>\n<td>Stimulation des cuisses et du c\u0153ur pour activer la circulation.<\/td>\n<\/tr>\n<p>Avant de vous pr\u00e9cipiter sur les compl\u00e9ments alimentaires cet hiver, prenez donc le temps de consulter votre m\u00e9decin et de r\u00e9ajuster votre alimentation ainsi que votre activit\u00e9 physique. Le v\u00e9ritable <strong>rem\u00e8de efficace<\/strong> combine g\u00e9n\u00e9ralement bon sens, consommation de l\u00e9gumes de saison et activit\u00e9 physique quotidienne. Et vous, quelle est votre strat\u00e9gie pour maintenir votre vitalit\u00e9 durant les jours gris de l&rsquo;hiver ?<\/p>\n","protected":false},"excerpt":{"rendered":"Nous sommes le 11 janvier, les f\u00eates sont derri\u00e8re nous, le sapin commence \u00e0 perdre ses aiguilles et&hellip;\n","protected":false},"author":2,"featured_media":656424,"comment_status":"","ping_status":"","sticky":false,"template":"","format":"standard","meta":{"footnotes":""},"categories":[10],"tags":[26340,4988,1011,27,72,56,71],"class_list":{"0":"post-656423","1":"post","2":"type-post","3":"status-publish","4":"format-standard","5":"has-post-thumbnail","7":"category-sante","8":"tag-exercice","9":"tag-forme","10":"tag-fr","11":"tag-france","12":"tag-health","13":"tag-push","14":"tag-sante"},"share_on_mastodon":{"url":"https:\/\/pubeurope.com\/@fr\/115877287381611313","error":""},"_links":{"self":[{"href":"https:\/\/www.europesays.com\/fr\/wp-json\/wp\/v2\/posts\/656423","targetHints":{"allow":["GET"]}}],"collection":[{"href":"https:\/\/www.europesays.com\/fr\/wp-json\/wp\/v2\/posts"}],"about":[{"href":"https:\/\/www.europesays.com\/fr\/wp-json\/wp\/v2\/types\/post"}],"author":[{"embeddable":true,"href":"https:\/\/www.europesays.com\/fr\/wp-json\/wp\/v2\/users\/2"}],"replies":[{"embeddable":true,"href":"https:\/\/www.europesays.com\/fr\/wp-json\/wp\/v2\/comments?post=656423"}],"version-history":[{"count":0,"href":"https:\/\/www.europesays.com\/fr\/wp-json\/wp\/v2\/posts\/656423\/revisions"}],"wp:featuredmedia":[{"embeddable":true,"href":"https:\/\/www.europesays.com\/fr\/wp-json\/wp\/v2\/media\/656424"}],"wp:attachment":[{"href":"https:\/\/www.europesays.com\/fr\/wp-json\/wp\/v2\/media?parent=656423"}],"wp:term":[{"taxonomy":"category","embeddable":true,"href":"https:\/\/www.europesays.com\/fr\/wp-json\/wp\/v2\/categories?post=656423"},{"taxonomy":"post_tag","embeddable":true,"href":"https:\/\/www.europesays.com\/fr\/wp-json\/wp\/v2\/tags?post=656423"}],"curies":[{"name":"wp","href":"https:\/\/api.w.org\/{rel}","templated":true}]}}