{"id":656429,"date":"2026-01-11T15:59:11","date_gmt":"2026-01-11T15:59:11","guid":{"rendered":"https:\/\/www.europesays.com\/fr\/656429\/"},"modified":"2026-01-11T15:59:11","modified_gmt":"2026-01-11T15:59:11","slug":"repas-de-famille-ces-8-phrases-de-boomers-rendent-les-millennials-fous-et-ils-nosent-pas-le-dire","status":"publish","type":"post","link":"https:\/\/www.europesays.com\/fr\/656429\/","title":{"rendered":"Repas de famille : ces 8 phrases de boomers rendent les millennials fous (et ils n\u2019osent pas le dire)"},"content":{"rendered":"<p>Sc\u00e8ne classique : repas de famille, on parle boulot, loyers,<br \/>\nprojets, et une phrase tombe. Silence g\u00ean\u00e9, sourires crisp\u00e9s, yeux<br \/>\nqui roulent au plafond. Entre <strong>expressions de<br \/>\nboomers<\/strong> et r\u00e9ponses de <strong>millennials<\/strong>, la<br \/>\nconversation d\u00e9rape vite.<\/p>\n<p>Chaque g\u00e9n\u00e9ration a ses codes : les parents disaient \u00ab\u00a0\u00e7a boume<br \/>\n?\u00a0\u00bb ou parlaient de \u00ab\u00a0ma gonzesse\u00a0\u00bb, leurs enfants pr\u00e9f\u00e8rent \u00ab\u00a0wesh\u00a0\u00bb et<br \/>\n\u00ab\u00a0ma gow\u00a0\u00bb. Derri\u00e8re ces d\u00e9calages de vocabulaire se cachent surtout<br \/>\nhuit phrases toutes faites, r\u00e9p\u00e9t\u00e9es depuis des d\u00e9cennies, qui<br \/>\ndonnent aux jeunes adultes l\u00a0\u00bbimpression de ne jamais \u00eatre pris au<br \/>\ns\u00e9rieux.<\/p>\n<p>Argent et travail, le terrain min\u00e9 des phrases de boomers<\/p>\n<p>Sur le registre \u00e9conomique, certaines <strong>phrases de<br \/>\nboomers<\/strong> reviennent en boucle et cristallisent le foss\u00e9<br \/>\nentre g\u00e9n\u00e9rations, surtout quand le logement co\u00fbte plus cher et que<br \/>\nles prix ont grimp\u00e9 beaucoup plus vite que les salaires ou que les<br \/>\ncarri\u00e8res d\u00e9marrent en CDD et stages mal pay\u00e9s.<\/p>\n<ul>\n<li>\u00ab\u00a0Quand j&rsquo;avais ton \u00e2ge, j&rsquo;avais d\u00e9j\u00e0 une maison et deux<br \/>\nenfants\u00a0\u00bb<\/li>\n<li>\u00ab\u00a0Tu n&rsquo;as qu&rsquo;\u00e0 aller d\u00e9poser des CV en personne\u00a0\u00bb<\/li>\n<li>\u00ab\u00a0Si tu achetais moins d&rsquo;avocado toast, tu pourrais t&rsquo;en<br \/>\nsortir\u00a0\u00bb<\/li>\n<li>\u00ab\u00a0Tu devrais \u00eatre reconnaissant d&rsquo;avoir un travail\u00a0\u00bb<\/li>\n<li>\u00ab\u00a0Il suffit de travailler dur pour r\u00e9ussir\u00a0\u00bb<\/li>\n<\/ul>\n<p>Dans la premi\u00e8re, un parent rappelle qu&rsquo;il avait achet\u00e9 sa<br \/>\nmaison au m\u00eame \u00e2ge, sans toujours pr\u00e9ciser que, dans l&rsquo;article<br \/>\nam\u00e9ricain cit\u00e9, les prix de l&rsquo;immobilier ont augment\u00e9 dix fois plus<br \/>\nvite que les salaires. La troisi\u00e8me r\u00e9duit les gal\u00e8res financi\u00e8res<br \/>\n\u00e0 un brunch \u00e0 12 dollars, soit environ 11 \u20ac, alors que le texte<br \/>\nmentionne aussi un loyer \u00e0 2 500 dollars, autour de 2 300 \u20ac, bien<br \/>\nplus lourd que n&rsquo;importe quel caf\u00e9 gourmand.<\/p>\n<p>Mode de vie, sant\u00e9 mentale et \u00e9crans : le malentendu<br \/>\npermanent<\/p>\n<p>Quand un adulte l\u00e2che \u00ab\u00a0Vous \u00eates toujours sur vos t\u00e9l\u00e9phones\u00a0\u00bb,<br \/>\nbeaucoup de jeunes entendent une remise en cause globale de leur<br \/>\nmode de vie, alors que ce m\u00eame t\u00e9l\u00e9phone sert aussi de bureau<br \/>\nportable, de banque en ligne et d&rsquo;agenda. Quand vient \u00ab\u00a0De toute<br \/>\nfa\u00e7on, plus personne ne veut travailler\u00a0\u00bb, la phrase efface les<br \/>\ncontrats pr\u00e9caires, les smicards \u00e0 temps plein et les journ\u00e9es \u00e0<br \/>\nrallonge.<\/p>\n<p>Autre choc de culture, \u00ab\u00a0\u00c0 notre \u00e9poque, on n&rsquo;avait pas besoin<br \/>\nd&rsquo;espaces s\u00e9curis\u00e9s\u00a0\u00bb minimise la notion de \u00ab\u00a0safe spaces\u00a0\u00bb et fait<br \/>\ncomme si la sant\u00e9 mentale relevait du caprice, alors que beaucoup<br \/>\nde parents n&rsquo;ont jamais pu parler de leurs propres traumas. Enfin,<br \/>\n\u00ab\u00a0Tu devrais \u00eatre reconnaissant d&rsquo;avoir un travail\u00a0\u00bb ou \u00ab\u00a0Il suffit de<br \/>\ntravailler dur pour r\u00e9ussir\u00a0\u00bb oublient les salaires bloqu\u00e9s, les<br \/>\nconcours satur\u00e9s et la part de chance que raconte aussi le texte<br \/>\nanglophone.<\/p>\n<p>Quand le foss\u00e9 g\u00e9n\u00e9rationnel passe<br \/>\naussi par le vocabulaire<\/p>\n<p>\u00c0 c\u00f4t\u00e9 de ces grandes tirades, il existe tout un petit<br \/>\npatrimoine d&rsquo;expressions fran\u00e7aises typ\u00e9es boomer qui fait surtout<br \/>\nsourire : dire qu&rsquo;on \u00ab\u00a0l&rsquo;a mauvaise\u00a0\u00bb quand un ado r\u00e9pond qu&rsquo;il \u00ab\u00a0a le<br \/>\nseum\u00a0\u00bb, demander \u00ab\u00a0\u00e7a boume ?\u00a0\u00bb face \u00e0 un \u00ab\u00a0wesh\u00a0\u00bb, parler de sortie \u00ab\u00a0en<br \/>\ncatimini\u00a0\u00bb l\u00e0 o\u00f9 la Gen Z dira \u00ab\u00a0en soum-soum\u00a0\u00bb ou \u00ab\u00a0en scred\u00a0\u00bb, se dire<br \/>\n\u00ab\u00a0raplapla\u00a0\u00bb pendant que les plus jeunes se d\u00e9clarent \u00ab\u00a0en PLS\u00a0\u00bb,<br \/>\n\u00e9voquer \u00ab\u00a0ma gonzesse\u00a0\u00bb plut\u00f4t que \u00ab\u00a0ma meuf\u00a0\u00bb ou \u00ab\u00a0ma gow\u00a0\u00bb.<\/p>\n","protected":false},"excerpt":{"rendered":"Sc\u00e8ne classique : repas de famille, on parle boulot, loyers, projets, et une phrase tombe. Silence g\u00ean\u00e9, sourires&hellip;\n","protected":false},"author":2,"featured_media":656430,"comment_status":"","ping_status":"","sticky":false,"template":"","format":"standard","meta":{"footnotes":""},"categories":[7],"tags":[251,652,1011,27,708,43,40,41,39,42,44,3847],"class_list":{"0":"post-656429","1":"post","2":"type-post","3":"status-publish","4":"format-standard","5":"has-post-thumbnail","7":"category-sciences-et-technologies","8":"tag-culture","9":"tag-famille","10":"tag-fr","11":"tag-france","12":"tag-humour","13":"tag-science","14":"tag-science-and-technology","15":"tag-sciences","16":"tag-sciences-et-technologies","17":"tag-technologies","18":"tag-technology","19":"tag-travail"},"share_on_mastodon":{"url":"https:\/\/pubeurope.com\/@fr\/115877299110169646","error":""},"_links":{"self":[{"href":"https:\/\/www.europesays.com\/fr\/wp-json\/wp\/v2\/posts\/656429","targetHints":{"allow":["GET"]}}],"collection":[{"href":"https:\/\/www.europesays.com\/fr\/wp-json\/wp\/v2\/posts"}],"about":[{"href":"https:\/\/www.europesays.com\/fr\/wp-json\/wp\/v2\/types\/post"}],"author":[{"embeddable":true,"href":"https:\/\/www.europesays.com\/fr\/wp-json\/wp\/v2\/users\/2"}],"replies":[{"embeddable":true,"href":"https:\/\/www.europesays.com\/fr\/wp-json\/wp\/v2\/comments?post=656429"}],"version-history":[{"count":0,"href":"https:\/\/www.europesays.com\/fr\/wp-json\/wp\/v2\/posts\/656429\/revisions"}],"wp:featuredmedia":[{"embeddable":true,"href":"https:\/\/www.europesays.com\/fr\/wp-json\/wp\/v2\/media\/656430"}],"wp:attachment":[{"href":"https:\/\/www.europesays.com\/fr\/wp-json\/wp\/v2\/media?parent=656429"}],"wp:term":[{"taxonomy":"category","embeddable":true,"href":"https:\/\/www.europesays.com\/fr\/wp-json\/wp\/v2\/categories?post=656429"},{"taxonomy":"post_tag","embeddable":true,"href":"https:\/\/www.europesays.com\/fr\/wp-json\/wp\/v2\/tags?post=656429"}],"curies":[{"name":"wp","href":"https:\/\/api.w.org\/{rel}","templated":true}]}}