{"id":656431,"date":"2026-01-11T16:00:12","date_gmt":"2026-01-11T16:00:12","guid":{"rendered":"https:\/\/www.europesays.com\/fr\/656431\/"},"modified":"2026-01-11T16:00:12","modified_gmt":"2026-01-11T16:00:12","slug":"ces-nouvelles-destinations-qui-vous-attendent-au-depart-de-laeroport-de-lyon-en-2026","status":"publish","type":"post","link":"https:\/\/www.europesays.com\/fr\/656431\/","title":{"rendered":"Ces nouvelles destinations qui vous attendent au d\u00e9part de l\u2019a\u00e9roport de Lyon en 2026"},"content":{"rendered":"<p>Quoi de neuf au d\u00e9part de sa ville ? C\u2019est souvent la question que l\u2019on se pose lorsqu\u2019on habite en province et que l\u2019on a des envies de voyages \u00e0 venir, sans pour autant souhaiter partir d\u2019un autre a\u00e9roport que le sien ou multiplier les vols avec escales. Alors, pourquoi ne pas jeter un \u0153il sur ces nouvelles lignes que les compagnies a\u00e9riennes nous proposent pour cette ann\u00e9e 2026 au d\u00e9part de diff\u00e9rentes villes ? Direction Lyon\u2026<\/p>\n<p>Peu de nouveaut\u00e9s mais une base solide<\/p>\n<p>Avec une cinquantaine de compagnies pr\u00e9sentes desservant directement autour de 130 destinations, l\u2019a\u00e9roport de Lyon-Saint-Exup\u00e9ry dispose d\u00e9j\u00e0 depuis longtemps d\u2019un bon choix et d\u2019un r\u00e9seau cons\u00e9quent capables de satisfaire largement la client\u00e8le de sa r\u00e9gion. Ce qui fait d\u2019ailleurs que celui-ci accueille chaque ann\u00e9e entre 10 et 11 millions de passagers, ce qui n\u2019est pas mal pour une ville \u00ab\u00a0priv\u00e9e\u00a0\u00bb de cette desserte parisienne qui se fait avant tout maintenant en TGV contrairement \u00e0 d\u2019autres villes telles Nice ou Toulouse pour qui le trafic a\u00e9rien de\/vers la capitale est loin d\u2019\u00eatre n\u00e9gligeable pour ce qui est de leur fr\u00e9quentation.<\/p>\n<p>Bref, l\u2019a\u00e9roport lyonnais dispose d\u00e9j\u00e0 de bonnes bases qui expliquent peut-\u00eatre que les nouveaut\u00e9s n\u2019y sont pas forc\u00e9ment toujours tr\u00e8s nombreuses, aussi bien en 2026 que lors des ann\u00e9es pass\u00e9es.<br \/>Moins d\u2019une dizaine de villes \u00e0 venir avec <strong>Transavia <\/strong>qui lancera Catane (Sicile) et Izmir (Turquie) dans le courant de l\u2019ann\u00e9e, <strong>Volotea <\/strong>qui proposera la ville danoise de Billund depuis ici comme d\u2019ailleurs d\u2019autres a\u00e9roports fran\u00e7ais, ou encore <strong>Wizz Air<\/strong> et ses vols vers Londres-Luton d\u00e8s juin. Ce \u00e0 quoi on pourrait ajouter ces quatre lignes <strong>easyJet <\/strong>lanc\u00e9es cet hiver (Tanger, Pristina, Las Palmas et Sharm El-Sheikh) qui vont vivre leur premi\u00e8re ann\u00e9e d\u2019exploitation.<\/p>\n<p>Et puis il y a Addis-Abeba, la capitale \u00e9thiopienne. Pr\u00e9sent\u00e9e comme l\u2019annonce majeure pour 2026, la desserte effectu\u00e9e par la compagnie <strong>Ethiopian Airlines<\/strong> commencera en juillet avec 3 vols\/semaine. Elle permettra ainsi aux Lyonnais de b\u00e9n\u00e9ficier ensuite de 65 destinations directes en Afrique via le <a href=\"https:\/\/partir.ouest-france.fr\/magazine\/on-en-parle-souvent-mais-cest-quoi-un-hub-aerien\/\" data-type=\"post\" data-id=\"55528\" target=\"_blank\" rel=\"noreferrer noopener\">\u00ab\u00a0hub\u00a0\u00bb<\/a> de la compagnie. Petit d\u00e9tail quand m\u00eame : tous les vols au d\u00e9part de Lyon feront une courte escale \u00e0 Gen\u00e8ve avant d\u2019atterrir \u00e0 Addis-Abeba.<\/p>\n<p>Une \u00ab\u00a0Zen Line\u00a0\u00bb pour passer les contr\u00f4les tranquilles<\/p>\n<p>Ce n\u2019est pas la nouveaut\u00e9 de cette ann\u00e9e mais plut\u00f4t celle de la pr\u00e9c\u00e9dente. Ce qui n\u2019emp\u00eache que ce service m\u00e9rite d\u2019\u00eatre (re)mis en avant.<br \/>Donc, les passagers qui le souhaitent peuvent d\u00e9sormais r\u00e9server gratuitement, entre 7 jours et 24 heures avant leur d\u00e9part, un cr\u00e9neau horaire de passage de 15 minutes aux contr\u00f4les avant embarquement afin de s\u2019\u00e9viter les attentes inutiles \u00e0 ces derniers. Le moment venu, ceux-ci auront ainsi droit \u00e0 une file sp\u00e9ciale, la \u00ab\u00a0Zen Line\u00a0\u00bb, pour passer plus vite.<\/p>\n<p><img loading=\"lazy\" decoding=\"async\" width=\"1200\" height=\"800\" src=\"https:\/\/www.europesays.com\/fr\/wp-content\/uploads\/2026\/01\/Lyon-1-1200x800.jpg\" alt=\"Colorful Restaurant Street Christmas Decorations Buildings Facades Cityscape Lyon France\" class=\"wp-image-173216\"   \/><\/p>\n<p>Dans le Top100 mondial<\/p>\n<p>Alors certes l\u2019a\u00e9roport de Lyon n\u2019est pas le plus fr\u00e9quent\u00e9 de province, devanc\u00e9 en cela par Nice et Marseille, de m\u00eame que son r\u00e9seau, notamment long-courrier, n\u2019est pas aussi \u00e9toff\u00e9 que celui de l\u2019a\u00e9roport de Gen\u00e8ve assez proche. Mais il n\u2019emp\u00eache que Saint-Exup\u00e9ry demeure n\u00e9anmoins un a\u00e9roport internationalement reconnu en mati\u00e8re de qualit\u00e9 et de services.<\/p>\n<p>Depuis quelques ann\u00e9es, il pointe en effet r\u00e9guli\u00e8rement dans le Top100 du \u00ab\u00a0meilleur des meilleurs\u00a0\u00bb rivalisant en ce sens avec les plateformes de grandes capitales ou les hubs reconnus de grosses compagnies mondiales. Ce qui en soi n\u2019est pas rien pour un a\u00e9roport de province, le seul fran\u00e7ais d\u2019ailleurs dans cette cat\u00e9gorie \u00e0 int\u00e9grer ce fameux Top100. Avec en outre des retours voyageurs plut\u00f4t positifs.<\/p>\n<p>Bref, Lyon-Saint-Exup\u00e9ry a ce qu\u2019il faut pour s\u00e9duire et offre \u00e0 ses passagers un bon r\u00e9seau tel qu\u2019on peut l\u2019attendre d\u2019une grande agglom\u00e9ration europ\u00e9enne avec son lot de low cost, de vols saisonniers et de r\u00e9guliers pour un peu partout en Europe et le pourtour m\u00e9diterran\u00e9en, plus de bonnes connexions pour le reste.<\/p>\n<p>&gt; Infos : <a href=\"https:\/\/www.lyonaeroports.com\/\" data-type=\"link\" data-id=\"https:\/\/www.lyonaeroports.com\/\" target=\"_blank\" rel=\"noreferrer noopener\">www.lyonaeroports.com<\/a><\/p>\n","protected":false},"excerpt":{"rendered":"Quoi de neuf au d\u00e9part de sa ville ? C\u2019est souvent la question que l\u2019on se pose lorsqu\u2019on&hellip;\n","protected":false},"author":2,"featured_media":656432,"comment_status":"","ping_status":"","sticky":false,"template":"","format":"standard","meta":{"footnotes":""},"categories":[6],"tags":[35,33,34,1011,27],"class_list":{"0":"post-656431","1":"post","2":"type-post","3":"status-publish","4":"format-standard","5":"has-post-thumbnail","7":"category-economie","8":"tag-business","9":"tag-economie","10":"tag-economy","11":"tag-fr","12":"tag-france"},"share_on_mastodon":{"url":"https:\/\/pubeurope.com\/@fr\/115877303149451685","error":""},"_links":{"self":[{"href":"https:\/\/www.europesays.com\/fr\/wp-json\/wp\/v2\/posts\/656431","targetHints":{"allow":["GET"]}}],"collection":[{"href":"https:\/\/www.europesays.com\/fr\/wp-json\/wp\/v2\/posts"}],"about":[{"href":"https:\/\/www.europesays.com\/fr\/wp-json\/wp\/v2\/types\/post"}],"author":[{"embeddable":true,"href":"https:\/\/www.europesays.com\/fr\/wp-json\/wp\/v2\/users\/2"}],"replies":[{"embeddable":true,"href":"https:\/\/www.europesays.com\/fr\/wp-json\/wp\/v2\/comments?post=656431"}],"version-history":[{"count":0,"href":"https:\/\/www.europesays.com\/fr\/wp-json\/wp\/v2\/posts\/656431\/revisions"}],"wp:featuredmedia":[{"embeddable":true,"href":"https:\/\/www.europesays.com\/fr\/wp-json\/wp\/v2\/media\/656432"}],"wp:attachment":[{"href":"https:\/\/www.europesays.com\/fr\/wp-json\/wp\/v2\/media?parent=656431"}],"wp:term":[{"taxonomy":"category","embeddable":true,"href":"https:\/\/www.europesays.com\/fr\/wp-json\/wp\/v2\/categories?post=656431"},{"taxonomy":"post_tag","embeddable":true,"href":"https:\/\/www.europesays.com\/fr\/wp-json\/wp\/v2\/tags?post=656431"}],"curies":[{"name":"wp","href":"https:\/\/api.w.org\/{rel}","templated":true}]}}