{"id":656433,"date":"2026-01-11T16:01:12","date_gmt":"2026-01-11T16:01:12","guid":{"rendered":"https:\/\/www.europesays.com\/fr\/656433\/"},"modified":"2026-01-11T16:01:12","modified_gmt":"2026-01-11T16:01:12","slug":"donald-trump-presse-cuba-de-conclure-un-accord-avant-quil-ne-soit-trop-tard","status":"publish","type":"post","link":"https:\/\/www.europesays.com\/fr\/656433\/","title":{"rendered":"Donald Trump presse Cuba de conclure \u00ab\u00a0un accord, avant qu\u2019il ne soit trop tard\u00a0\u00bb"},"content":{"rendered":"<p>                      <img loading=\"lazy\" decoding=\"async\" src=\"https:\/\/www.europesays.com\/fr\/wp-content\/uploads\/2026\/01\/feabf78_ftp-1-btlzjhlfyidw-2026-01-09t214557z-1028376051-rc2xxia638fm-rtrmadp-3-usa-trump.JPG\" alt=\"Le pr\u00e9sident am\u00e9ricain, Donald Trump, s\u2019exprime lors d\u2019une r\u00e9union avec des dirigeants de l\u2019industrie p\u00e9troli\u00e8re \u00e0 la Maison Blanche, \u00e0 Washington, D.C., \u00c9tats-Unis, le 9\u00a0janvier 2026.\"   width=\"664\" height=\"443\"\/>    Le pr\u00e9sident am\u00e9ricain, Donald Trump, s\u2019exprime lors d\u2019une r\u00e9union avec des dirigeants de l\u2019industrie p\u00e9troli\u00e8re \u00e0 la Maison Blanche, \u00e0 Washington, D.C., \u00c9tats-Unis, le 9\u00a0janvier 2026.  KEVIN LAMARQUE \/ REUTERS                          <\/p>\n<p class=\"article__paragraph  \">Donald Trump a exhort\u00e9\u00a0Cuba\u00a0dimanche \u00e0 \u00ab\u00a0conclure un accord\u00a0\u00bb sous peine de cons\u00e9quences non pr\u00e9cis\u00e9es, avertissant que l\u2019afflux de p\u00e9trole v\u00e9n\u00e9zu\u00e9lien et d\u2019argent vers La Havane allait d\u00e9sormais s\u2019interrompre.<\/p>\n<p class=\"article__paragraph  \">\u00ab\u00a0Il n\u2019y aura plus ni p\u00e9trole ni argent pour\u00a0Cuba\u00a0! Z\u00e9ro\u00a0!, a d\u00e9clar\u00e9 le pr\u00e9sident am\u00e9ricain sur sa cha\u00eene Truth Social. Je leur conseille vivement de conclure un accord, avant qu\u2019il ne soit trop tard.\u00a0\u00bb<\/p>\n<p class=\"article__paragraph  \">Ses remarques surviennent une semaine apr\u00e8s que les forces am\u00e9ricaines ont enlev\u00e9 le dirigeant v\u00e9n\u00e9zu\u00e9lien, Nicolas Maduro, lors d\u2019une op\u00e9ration nocturne \u00e0 Caracas qui a co\u00fbt\u00e9 la vie \u00e0 des dizaines de membres des forces de s\u00e9curit\u00e9 v\u00e9n\u00e9zu\u00e9liennes et cubaines.<\/p>\n<p>                                       Lire aussi |  <a href=\"https:\/\/www.lemonde.fr\/international\/live\/2026\/01\/11\/en-direct-venezuela-nous-allons-bien-nous-sommes-des-combattants-clame-nicolas-maduro-depuis-sa-prison_6660411_3210.html\" class=\"js-article-read-also catcher--favoris__link\" data-premium=\"\" id=\"article-title-3453104\" target=\"_blank\" rel=\"noopener\">Venezuela\u00a0: \u00ab\u00a0Nous allons bien, nous sommes des combattants\u00a0\u00bb, clame Nicolas Maduro depuis sa prison, selon des propos rapport\u00e9s par son fils<\/a>    <\/p>\n<p>   Lire plus tard  <\/p>\n<p class=\"article__paragraph  \">Plus t\u00f4t dimanche, Donald Trump a republi\u00e9 sur sa plateforme Truth Social un message de l\u2019utilisateur Cliff Smith, publi\u00e9 le 8 janvier, qui disait\u00a0:\u00a0\u00ab\u00a0Marco Rubio sera pr\u00e9sident de Cuba\u00a0\u00bb, accompagn\u00e9 d\u2019un \u00e9moji pleurant de rire. Le pr\u00e9sident am\u00e9ricain a accompagn\u00e9 la publication du commentaire suivant\u00a0:\u00a0\u00ab\u00a0Cela me para\u00eet tr\u00e8s bien\u00a0!\u00a0\u00bb<\/p>\n<p class=\"article__paragraph  \">L\u2019utilisateur largement m\u00e9connu, d\u00e9crit dans sa biographie comme un\u00a0\u00ab\u00a0Californien conservateur\u00a0\u00bb, compte moins de 500 abonn\u00e9s.<\/p>\n<p>                    \u00ab\u00a0Beaucoup de Cubains sont morts\u00a0\u00bb                    <\/p>\n<p class=\"article__paragraph  \">Peu apr\u00e8s, dans un message publi\u00e9 sur son propre site, Donald Trump a d\u00e9clar\u00e9\u00a0: \u00ab\u00a0Cuba\u00a0a v\u00e9cu pendant de nombreuses ann\u00e9es gr\u00e2ce \u00e0 d\u2019importantes quantit\u00e9s de p\u00e9trole et d\u2019argent provenant du Venezuela. En retour,\u00a0Cuba\u00a0a fourni des services de s\u00e9curit\u00e9 aux deux derniers dictateurs v\u00e9n\u00e9zu\u00e9liens, mais ce n\u2019est plus le cas\u00a0!\u00a0\u00bb<\/p>\n<p>                                       Lire aussi |  Article r\u00e9serv\u00e9 \u00e0 nos abonn\u00e9s  <a href=\"https:\/\/www.lemonde.fr\/international\/article\/2026\/01\/10\/l-economie-cubaine-et-la-stabilite-du-pays-fragilisees-par-la-crise-au-venezuela_6661233_3210.html\" class=\"js-article-read-also catcher--favoris__link\" data-premium=\"1\" id=\"article-title-3453965\" target=\"_blank\" rel=\"noopener\">L\u2019\u00e9conomie cubaine et la stabilit\u00e9 du pays fragilis\u00e9es par la crise au Venezuela<\/a>    <\/p>\n<p>   Lire plus tard  <\/p>\n<p class=\"article__paragraph  \">\u00ab\u00a0Beaucoup de Cubains sont morts \u00e0 la suite de l\u2019attaque am\u00e9ricaine de la semaine derni\u00e8re, et le Venezuela n\u2019a plus besoin de protection contre les voyous et les extorqueurs qui les ont pris en otages pendant tant d\u2019ann\u00e9es \u00bb, a-t-il poursuivi.<\/p>\n<p class=\"article__paragraph  \">Sous embargo commercial am\u00e9ricain, La Havane d\u00e9pend de plus en plus, depuis 2000, du p\u00e9trole v\u00e9n\u00e9zu\u00e9lien, fourni dans le cadre d\u2019un accord conclu avec Hugo Chavez, pr\u00e9d\u00e9cesseur de Nicolas Maduro.<\/p>\n<p>                                       Lire aussi |  Article r\u00e9serv\u00e9 \u00e0 nos abonn\u00e9s  <a href=\"https:\/\/www.lemonde.fr\/economie\/article\/2026\/01\/08\/donald-trump-porte-etendard-d-un-capitalisme-toujours-plus-vorace-en-petrole-et-en-terres-rares_6661034_3234.html\" class=\"js-article-read-also catcher--favoris__link\" data-premium=\"1\" id=\"article-title-3453577\" target=\"_blank\" rel=\"noopener\">Donald Trump, symbole d\u2019un capitalisme toujours plus vorace en p\u00e9trole et en terres rares<\/a>    <\/p>\n<p>   Lire plus tard  <\/p>\n<p class=\"author__detail\">  Le Monde avec AFP  <\/p>\n","protected":false},"excerpt":{"rendered":"Le pr\u00e9sident am\u00e9ricain, Donald Trump, s\u2019exprime lors d\u2019une r\u00e9union avec des dirigeants de l\u2019industrie p\u00e9troli\u00e8re \u00e0 la Maison&hellip;\n","protected":false},"author":2,"featured_media":656434,"comment_status":"","ping_status":"","sticky":false,"template":"","format":"standard","meta":{"footnotes":""},"categories":[5],"tags":[11,1011,27,14,12,28],"class_list":{"0":"post-656433","1":"post","2":"type-post","3":"status-publish","4":"format-standard","5":"has-post-thumbnail","7":"category-international","8":"tag-actualites","9":"tag-fr","10":"tag-france","11":"tag-international","12":"tag-news","13":"tag-world"},"share_on_mastodon":{"url":"https:\/\/pubeurope.com\/@fr\/115877307030610708","error":""},"_links":{"self":[{"href":"https:\/\/www.europesays.com\/fr\/wp-json\/wp\/v2\/posts\/656433","targetHints":{"allow":["GET"]}}],"collection":[{"href":"https:\/\/www.europesays.com\/fr\/wp-json\/wp\/v2\/posts"}],"about":[{"href":"https:\/\/www.europesays.com\/fr\/wp-json\/wp\/v2\/types\/post"}],"author":[{"embeddable":true,"href":"https:\/\/www.europesays.com\/fr\/wp-json\/wp\/v2\/users\/2"}],"replies":[{"embeddable":true,"href":"https:\/\/www.europesays.com\/fr\/wp-json\/wp\/v2\/comments?post=656433"}],"version-history":[{"count":0,"href":"https:\/\/www.europesays.com\/fr\/wp-json\/wp\/v2\/posts\/656433\/revisions"}],"wp:featuredmedia":[{"embeddable":true,"href":"https:\/\/www.europesays.com\/fr\/wp-json\/wp\/v2\/media\/656434"}],"wp:attachment":[{"href":"https:\/\/www.europesays.com\/fr\/wp-json\/wp\/v2\/media?parent=656433"}],"wp:term":[{"taxonomy":"category","embeddable":true,"href":"https:\/\/www.europesays.com\/fr\/wp-json\/wp\/v2\/categories?post=656433"},{"taxonomy":"post_tag","embeddable":true,"href":"https:\/\/www.europesays.com\/fr\/wp-json\/wp\/v2\/tags?post=656433"}],"curies":[{"name":"wp","href":"https:\/\/api.w.org\/{rel}","templated":true}]}}