{"id":656435,"date":"2026-01-11T16:02:12","date_gmt":"2026-01-11T16:02:12","guid":{"rendered":"https:\/\/www.europesays.com\/fr\/656435\/"},"modified":"2026-01-11T16:02:12","modified_gmt":"2026-01-11T16:02:12","slug":"des-conditions-de-circulation-toujours-difficiles-en-montagne-les-acces-aux-stations-regulierement-satures-dna-fr","status":"publish","type":"post","link":"https:\/\/www.europesays.com\/fr\/656435\/","title":{"rendered":"Des conditions de circulation toujours difficiles en montagne, les acc\u00e8s aux stations r\u00e9guli\u00e8rement satur\u00e9s &#8211; DNA.fr"},"content":{"rendered":"<ol>\n<li><a href=\"https:\/\/news.google.com\/rss\/articles\/CBMixgFBVV95cUxPNUViVmU4Y1VmMXZYNXFYY25RNkE5a0tDT3RGbGJXaFY3a0tOOWZXcnhoZ2h5Mm1meldVclhSYTBCVmZEbXV6dXRXeEhtbkx1UHRqTlJyY3lOYzBwc1lnbXdRZ2FMRGtTSmtiMElnSS1sbXpxUTYyLXZFQ0UweFVSTkxFVWIzRmFEbTV6d1V1Q2VqSVNwTDRreVlmbF94RkdNcnphcS0xdGlhblFEWkNxUzZ4LTVuTnRJanpvZGRFUkllS3Z1U1E?oc=5\" target=\"_blank\" rel=\"noopener\">Des conditions de circulation toujours difficiles en montagne, les acc\u00e8s aux stations r\u00e9guli\u00e8rement satur\u00e9s<\/a>&nbsp;&nbsp;DNA.fr<\/li>\n<li><a href=\"https:\/\/news.google.com\/rss\/articles\/CBMi4AFBVV95cUxONnRDSXNfSnkzMmRINjVxWTViemxLNkprUVZ5bl94SGozMEJNNGJkNkx0b1JxR0FjdE5PMnRZYXRXSEJycHNkR0NxdFE1VjV6Ym5nVDhhckJ0am16VzZfVW9OWURsNFJ4Z3dldzlhN09oOTVKNXZKVTVqNGVSUWtIaG9RVEV5TEpKNzkzTVpNdHlfN2RPczU2cVFpbnZkamdqU2RVa2hhcmpQMWtYQlJzVUZBM3ZMekd5YlVzN2F0N0xfeGptQlNVYno4RGdhOWRBWC02SXByZUk4OFhUc3FNXw?oc=5\" target=\"_blank\" rel=\"noopener\">Neige dans l\u2019est de la France : une nuit de gal\u00e8re pour les routiers, la vigilance m\u00e9t\u00e9o lev\u00e9e<\/a>&nbsp;&nbsp;Portail Orange<\/li>\n<li><a href=\"https:\/\/news.google.com\/rss\/articles\/CBMiiAJBVV95cUxPa1hWX3ZQdWkybk8zQ2VoM3R6TUNRblhsdktqeDVfYnRwX2lQTmJ3OEluV0pfcVkwSnJMcEZyUG9VT1cwOUFieGZjQU9ZcE5wUzBLYWI4cFFha3ZobzFjOWFPU1hmN0ZEVnRWYURvZTd1S01sQUl4ck9PWUFfdUxxb0ZEM1JjMWg2RS1HM2ROLVF0U3RMWENHQk1ZQ3ZOMUZ0cjQ3cFRpN1VOd1ZZNGZSa2ZlM2RiczhKZGtkcHFBX0dFZ1BTbnQ3WVpIdWg2MWVWS0VMckRkdjQ4RWRMc2tJR3BVRm9WN2JLM2VFSFUtc3Nzc0JxU3BkOS10Q29MUHItRUVwaXhJams?oc=5\" target=\"_blank\" rel=\"noopener\">\u00ab\u00a0J&rsquo;ai \u00e0 manger pour trois jours\u00a0\u00bb: la nuit de gal\u00e8re de centaines de routiers bloqu\u00e9s sur l&rsquo;A36 dans le Doubs \u00e0 cause de la neige<\/a>&nbsp;&nbsp;BFM<\/li>\n<li><a href=\"https:\/\/news.google.com\/rss\/articles\/CBMiuAFBVV95cUxPbE4tLWcxaE8zMXBIaTdwbFRlZEU3Ym5hWUR4YkNJSnNGb2l1Y1NGQ2lScHpTcXRUTTJsalR0UFlxYjh3eDNfamNUbi1vWXJNRWRwb2ZXM21ZRjFDWWpfRHBzTmlxeFptcEt5TmpmYV82OURRaTNUSG9aWVVad1dMSU1KZXVYUlVKaF9zT1U4VFQxTk00N2JWR1FKd21WY1RPMWVISDE4V1Q3SElKb3hvY3EteVZoWDRC?oc=5\" target=\"_blank\" rel=\"noopener\">Jura. Des poids lourds \u00e0 l\u2019arr\u00eat sur l\u2019A39 : grosses difficult\u00e9s de circulation<\/a>&nbsp;&nbsp;Le Progr\u00e8s<\/li>\n<li><a href=\"https:\/\/news.google.com\/rss\/articles\/CBMimAJBVV95cUxOcHJyRXpmTUV1N09jbTZ2T3liQW4xRHJCVkhWYzQ5MnJDZVJaS3kyQ0k3a3FsaGQ4R2lUNVB4Y1FKdnUxTVZJSFdqZFFKUV9WLXBEcXYyZ2VKSXhPNjRrRmU0YUdsNTA5bjJGUnV0UVdKVWhVLWF0M1JFeW94Y01oYVN3aXRwcjIzOWpwbE9vVHBEUEJFelotRnp4THg3TFBDZDJGQlcySURMOVVYS3lCenhtekhCVDFvX2xDTnRrb01vcWE2aHFiYVpybTBQOWhyZWh6b19PQmdXcG5TYXdhcHo1cHg0RnRnUmQ2cVJZSzNzVnhFdHlwT3Awc1JzY081UUVPMXFYRW9JcHVBS214MXNEYUg5LS1G?oc=5\" target=\"_blank\" rel=\"noopener\">Vosges. Neige sur les routes : quelques secteurs encore d\u00e9licats \u00e0 Bruy\u00e8res et Rambervillers et des cols toujours interdits aux poids lourds<\/a>&nbsp;&nbsp;Vosges Matin<\/li>\n<\/ol>\n","protected":false},"excerpt":{"rendered":"Des conditions de circulation toujours difficiles en montagne, les acc\u00e8s aux stations r\u00e9guli\u00e8rement satur\u00e9s&nbsp;&nbsp;DNA.fr Neige dans l\u2019est de&hellip;\n","protected":false},"author":2,"featured_media":656436,"comment_status":"","ping_status":"","sticky":false,"template":"","format":"standard","meta":{"footnotes":""},"categories":[4],"tags":[11,2389,3542,2413,24625,1636,436,107,1011,27,8423,12,25,2803],"class_list":{"0":"post-656435","1":"post","2":"type-post","3":"status-publish","4":"format-standard","5":"has-post-thumbnail","7":"category-france","8":"tag-actualites","9":"tag-alsace","10":"tag-circulation","11":"tag-edition-colmar-guebwiller","12":"tag-edition-molsheim-obernai","13":"tag-edition-mulhouse-thann","14":"tag-environnement","15":"tag-fil-info","16":"tag-fr","17":"tag-france","18":"tag-meteorologie-climat","19":"tag-news","20":"tag-republique-francaise","21":"tag-transport"},"share_on_mastodon":{"url":"https:\/\/pubeurope.com\/@fr\/115877310910063699","error":""},"_links":{"self":[{"href":"https:\/\/www.europesays.com\/fr\/wp-json\/wp\/v2\/posts\/656435","targetHints":{"allow":["GET"]}}],"collection":[{"href":"https:\/\/www.europesays.com\/fr\/wp-json\/wp\/v2\/posts"}],"about":[{"href":"https:\/\/www.europesays.com\/fr\/wp-json\/wp\/v2\/types\/post"}],"author":[{"embeddable":true,"href":"https:\/\/www.europesays.com\/fr\/wp-json\/wp\/v2\/users\/2"}],"replies":[{"embeddable":true,"href":"https:\/\/www.europesays.com\/fr\/wp-json\/wp\/v2\/comments?post=656435"}],"version-history":[{"count":0,"href":"https:\/\/www.europesays.com\/fr\/wp-json\/wp\/v2\/posts\/656435\/revisions"}],"wp:featuredmedia":[{"embeddable":true,"href":"https:\/\/www.europesays.com\/fr\/wp-json\/wp\/v2\/media\/656436"}],"wp:attachment":[{"href":"https:\/\/www.europesays.com\/fr\/wp-json\/wp\/v2\/media?parent=656435"}],"wp:term":[{"taxonomy":"category","embeddable":true,"href":"https:\/\/www.europesays.com\/fr\/wp-json\/wp\/v2\/categories?post=656435"},{"taxonomy":"post_tag","embeddable":true,"href":"https:\/\/www.europesays.com\/fr\/wp-json\/wp\/v2\/tags?post=656435"}],"curies":[{"name":"wp","href":"https:\/\/api.w.org\/{rel}","templated":true}]}}