{"id":656454,"date":"2026-01-11T16:13:13","date_gmt":"2026-01-11T16:13:13","guid":{"rendered":"https:\/\/www.europesays.com\/fr\/656454\/"},"modified":"2026-01-11T16:13:13","modified_gmt":"2026-01-11T16:13:13","slug":"%f0%9f%8f%86news-formation-32f-gambardella-le-xi-du-psg-avec-boly-et-jangeal-contre-rouen-officiel","status":"publish","type":"post","link":"https:\/\/www.europesays.com\/fr\/656454\/","title":{"rendered":"\ud83c\udfc6[News-Formation] 32F-Gambardella : Le XI du PSG avec Boly et Jangeal contre Rouen (Officiel)"},"content":{"rendered":"<p class=\"date\">\n\t\t\t\t\t\t\t\tPubli\u00e9 le 11 janvier 2026\t\t\t\t\t\t\t\t<\/p>\n<p>\t\t\t\t\t\t\t\t\t\t\t\t\t\t\t\t\t<img decoding=\"async\" class=\"img-responsive img-thumbnail\" src=\"https:\/\/www.europesays.com\/fr\/wp-content\/uploads\/2026\/01\/Neutral-Modern-Sporty-Football-Match-Day-Instagram-Post-Vignette-YouTube-32-1024x576.png\" alt=\"\"\/><\/p>\n<p>Place aux 32es de Finale de la coupe Gambardella ce dimanche : FC Rouen \u2013 PSG (14h30). Objectif de la saison affich\u00e9 par le staff du Centre de Formation ! LTDPSG vous annonce en exclusivit\u00e9 le XI concoct\u00e9 par Thomas Leyssales, avec la titularisation de David Boly et Mathis Jangeal.<\/p>\n<p><img decoding=\"async\" loading=\"lazy\" width=\"819\" height=\"1024\" src=\"https:\/\/www.europesays.com\/fr\/wp-content\/uploads\/2026\/01\/XI-compo-Gambardella-U18-Rouen-PSG-819x1024.png\" alt=\"\" class=\"wp-image-197022\"  \/><\/p>\n<p class=\"content-etiquette\">\n\t\t\t\t\t\t\t\t\t<a href=\"https:\/\/www.lestitisdupsg.fr\/tag\/gambardella\/\" rel=\"tag noopener\" target=\"_blank\">GAMBARDELLA<\/a><a href=\"https:\/\/www.lestitisdupsg.fr\/tag\/rouen-psg\/\" rel=\"tag noopener\" target=\"_blank\">Rouen PSG<\/a><a href=\"https:\/\/www.lestitisdupsg.fr\/tag\/u18\/\" rel=\"tag noopener\" target=\"_blank\">U18<\/a>\t\t\t\t\t\t\t\t<\/p>\n","protected":false},"excerpt":{"rendered":"Publi\u00e9 le 11 janvier 2026 Place aux 32es de Finale de la coupe Gambardella ce dimanche : FC&hellip;\n","protected":false},"author":2,"featured_media":656455,"comment_status":"","ping_status":"","sticky":false,"template":"","format":"standard","meta":{"footnotes":""},"categories":[9587],"tags":[1111,11,1777,674,1011,27,12,5161,25,9590],"class_list":{"0":"post-656454","1":"post","2":"type-post","3":"status-publish","4":"format-standard","5":"has-post-thumbnail","7":"category-rouen","8":"tag-actu","9":"tag-actualites","10":"tag-eu","11":"tag-europe","12":"tag-fr","13":"tag-france","14":"tag-news","15":"tag-normandie","16":"tag-republique-francaise","17":"tag-rouen"},"share_on_mastodon":{"url":"https:\/\/pubeurope.com\/@fr\/115877354186352749","error":""},"_links":{"self":[{"href":"https:\/\/www.europesays.com\/fr\/wp-json\/wp\/v2\/posts\/656454","targetHints":{"allow":["GET"]}}],"collection":[{"href":"https:\/\/www.europesays.com\/fr\/wp-json\/wp\/v2\/posts"}],"about":[{"href":"https:\/\/www.europesays.com\/fr\/wp-json\/wp\/v2\/types\/post"}],"author":[{"embeddable":true,"href":"https:\/\/www.europesays.com\/fr\/wp-json\/wp\/v2\/users\/2"}],"replies":[{"embeddable":true,"href":"https:\/\/www.europesays.com\/fr\/wp-json\/wp\/v2\/comments?post=656454"}],"version-history":[{"count":0,"href":"https:\/\/www.europesays.com\/fr\/wp-json\/wp\/v2\/posts\/656454\/revisions"}],"wp:featuredmedia":[{"embeddable":true,"href":"https:\/\/www.europesays.com\/fr\/wp-json\/wp\/v2\/media\/656455"}],"wp:attachment":[{"href":"https:\/\/www.europesays.com\/fr\/wp-json\/wp\/v2\/media?parent=656454"}],"wp:term":[{"taxonomy":"category","embeddable":true,"href":"https:\/\/www.europesays.com\/fr\/wp-json\/wp\/v2\/categories?post=656454"},{"taxonomy":"post_tag","embeddable":true,"href":"https:\/\/www.europesays.com\/fr\/wp-json\/wp\/v2\/tags?post=656454"}],"curies":[{"name":"wp","href":"https:\/\/api.w.org\/{rel}","templated":true}]}}