{"id":656477,"date":"2026-01-11T16:33:18","date_gmt":"2026-01-11T16:33:18","guid":{"rendered":"https:\/\/www.europesays.com\/fr\/656477\/"},"modified":"2026-01-11T16:33:18","modified_gmt":"2026-01-11T16:33:18","slug":"coupe-de-france-lille-3","status":"publish","type":"post","link":"https:\/\/www.europesays.com\/fr\/656477\/","title":{"rendered":"Coupe de France : Lille"},"content":{"rendered":"<p>                            <img width=\"770\" height=\"433\" src=\"https:\/\/www.europesays.com\/fr\/wp-content\/uploads\/2026\/01\/IMG_3730-770x433.jpg\" class=\"attachment-article size-article wp-post-image\" alt=\"Endrick \u00e0 l'entra\u00eenement de l'OL\" decoding=\"async\" fetchpriority=\"high\"  \/><\/p>\n<p>Endrick \u00e0 l\u2019entra\u00eenement de l\u2019OL (cr\u00e9dit : David Hernandez)<\/p>\n<p>Au-del\u00e0 d&rsquo;une place en 8es de finale de la Coupe de France, le Lille &#8211; OL de ce dimanche vaudra surtout pour les grands d\u00e9buts d&rsquo;Endrick. Un sujet qui fait la Une de partout.<\/p>\n<p>La Une du principal quotidien sportif fran\u00e7ais, des \u00e9missions lui sont consacr\u00e9es, des reportages et des analyses sont publi\u00e9s\u2026 La venue d&rsquo;<strong>Endrick<\/strong> \u00e0 l&rsquo;OL a suscit\u00e9 une <a href=\"https:\/\/www.olympique-et-lyonnais.com\/avec-endrick-lol-soffre-aussi-un-coup-com,388056.html\" target=\"_blank\" rel=\"noopener\">effervescence m\u00e9diatique<\/a> rarement connue dans le Rh\u00f4ne. Presque trois semaines apr\u00e8s l&rsquo;officialisation de sa signature, l&rsquo;attente prendra fin. Ce dimanche, \u00e0 Lille, le n\u00e9o-Lyonnais s&rsquo;appr\u00eate \u00e0 entamer son histoire de six mois avec son club.<\/p>\n<p>Mais il faudra peut-\u00eatre patienter au-del\u00e0 de 21 heures pour faire ses premiers pas. Vendredi, Paulo <strong>Fonseca <\/strong><a href=\"https:\/\/www.olympique-et-lyonnais.com\/abner-incertain-avant-lille-ol-endrick-dentree,388254.html\" target=\"_blank\" rel=\"noopener\">s&rsquo;est bien gard\u00e9 d&rsquo;affirmer<\/a> si oui ou non, il sera align\u00e9 dans le 11. \u00ab\u00a0Je ne sais pas s&rsquo;il va commencer. Il est bien physiquement. Il a pu faire toutes les s\u00e9ances. Ce sera difficile pour lui de faire 90 minutes, si je dois \u00eatre honn\u00eate\u00a0\u00bb, a-t-il comment\u00e9.<\/p>\n<p>\u00ab\u00a0Le profil qui leur manquait\u00a0\u00bb, pour Genesio<\/p>\n<p>Une entr\u00e9e en mati\u00e8re qui, m\u00eame sur quelques minutes, sera tr\u00e8s scrut\u00e9e. Cela a fait parler jusqu&rsquo;\u00e0 <a href=\"https:\/\/www.olympique-et-lyonnais.com\/lille-ol-paulo-fonseca-restera-t-il-invaincu-face-a-bruno-genesio,388418.html\" target=\"_blank\" rel=\"noopener\">Bruno <strong>Genesio<\/strong><\/a>. L&rsquo;entra\u00eeneur du LOSC a \u00e9t\u00e9 interrog\u00e9 par nos confr\u00e8res sur ce qui s&rsquo;apparente \u00e0 la principale attraction du 16e de finale de Coupe de France. \u00ab\u00a0C&rsquo;est le profil qui leur manquait sur la premi\u00e8re moiti\u00e9 de la saison, a insist\u00e9 le technicien fran\u00e7ais. Il a un gros potentiel, et il peut \u00e9norm\u00e9ment leur apporter. Son arriv\u00e9e devrait les aider sur le plan offensif.\u00a0\u00bb<\/p>\n<p>Pour l&rsquo;instant, sa d\u00e9couverte de son nouvel environnement para\u00eet bien se d\u00e9rouler. \u00ab\u00a0Il comprend que nous sommes un groupe fort, et il me semble qu&rsquo;il essaie d&rsquo;\u00eatre un <a href=\"https:\/\/www.olympique-et-lyonnais.com\/endrick-ol-je-suis-la-pour-me-fondre-dans-le-collectif,387977.html\" target=\"_blank\" rel=\"noopener\">\u00e9l\u00e9ment du collectif<\/a>. C&rsquo;est tr\u00e8s positif d&rsquo;avoir un gar\u00e7on avec cette mentalit\u00e9 qui comprend \u00e0 quel point c&rsquo;est important. Ce sont de bons signaux. [&#8230;] Mais il ne faut pas oublier qu&rsquo;il reste tr\u00e8s jeune et qu&rsquo;il arrive dans un nouveau championnat tr\u00e8s diff\u00e9rent, a nuanc\u00e9 Paulo Fonseca. Il aura donc besoin d&rsquo;une p\u00e9riode d&rsquo;adaptation. Il a bien int\u00e9gr\u00e9 les entra\u00eenements et commence \u00e0 saisir ce que nous mettons en place tactiquement.\u00a0\u00bb<\/p>\n<p>Quelle animation autour d&rsquo;Endrick ?<\/p>\n<p>Il commence \u00e9galement \u00e0 se familiariser avec ses co\u00e9quipiers. La forte communaut\u00e9 lusophone \u00e0 l&rsquo;OL devrait l&rsquo;aider en cela. \u00ab\u00a0Il est en forme. On voit qu&rsquo;il est tr\u00e8s bon balle au pied, il garde bien le ballon et est fort et rapide. Il est efficace dans la surface comme en dehors, et il est capable de tirer des deux pieds, peu importe l\u2019angle\u00a0\u00bb, \u00e9num\u00e9rait le d\u00e9fenseur Ruben Kluivert.<\/p>\n<p>Maintenant, ce qui nous int\u00e9ressera sur le semestre \u00e0 venir, <a href=\"https:\/\/www.olympique-et-lyonnais.com\/avec-endrick-lattaque-de-lol-va-t-elle-se-reinventer,387286.html\" target=\"_blank\" rel=\"noopener\">c&rsquo;est l&rsquo;utilisation<\/a> d&rsquo;Endrick. Seul en pointe ou \u00e0 deux, avec des ailiers ou deux num\u00e9ros 10 derri\u00e8re lui ? L\u00e0-dessus, il faudra observer les matchs, puisque son coach n&rsquo;a pas officiellement tranch\u00e9. \u00ab\u00a0Il peut faire plusieurs choses, jouer \u00e0 droite, comme num\u00e9ro 9, faux avant-centre&#8230; Je pense que c&rsquo;est un joueur d&rsquo;espace, de rupture et de un contre un. Il prend des initiatives individuelles par son explosivit\u00e9 et sa puissance, a-t-il d\u00e9crypt\u00e9. Ce n&rsquo;est pas typiquement un attaquant de surface, mais il a de bons comportements dans cette zone aussi.\u00a0\u00bb Un atout int\u00e9ressant pour aider les Lyonnais \u00e0 marquer des buts. Ce qui lui sera prioritairement demand\u00e9.<\/p>\n","protected":false},"excerpt":{"rendered":"Endrick \u00e0 l\u2019entra\u00eenement de l\u2019OL (cr\u00e9dit : David Hernandez) Au-del\u00e0 d&rsquo;une place en 8es de finale de la&hellip;\n","protected":false},"author":2,"featured_media":656478,"comment_status":"","ping_status":"","sticky":false,"template":"","format":"standard","meta":{"footnotes":""},"categories":[2815],"tags":[1111,11,64783,1777,674,1011,27,811,1307,12,241,25],"class_list":{"0":"post-656477","1":"post","2":"type-post","3":"status-publish","4":"format-standard","5":"has-post-thumbnail","7":"category-lille","8":"tag-actu","9":"tag-actualites","10":"tag-endrick","11":"tag-eu","12":"tag-europe","13":"tag-fr","14":"tag-france","15":"tag-hauts-de-france","16":"tag-lille","17":"tag-news","18":"tag-ol","19":"tag-republique-francaise"},"share_on_mastodon":{"url":"https:\/\/pubeurope.com\/@fr\/115877432854685122","error":""},"_links":{"self":[{"href":"https:\/\/www.europesays.com\/fr\/wp-json\/wp\/v2\/posts\/656477","targetHints":{"allow":["GET"]}}],"collection":[{"href":"https:\/\/www.europesays.com\/fr\/wp-json\/wp\/v2\/posts"}],"about":[{"href":"https:\/\/www.europesays.com\/fr\/wp-json\/wp\/v2\/types\/post"}],"author":[{"embeddable":true,"href":"https:\/\/www.europesays.com\/fr\/wp-json\/wp\/v2\/users\/2"}],"replies":[{"embeddable":true,"href":"https:\/\/www.europesays.com\/fr\/wp-json\/wp\/v2\/comments?post=656477"}],"version-history":[{"count":0,"href":"https:\/\/www.europesays.com\/fr\/wp-json\/wp\/v2\/posts\/656477\/revisions"}],"wp:featuredmedia":[{"embeddable":true,"href":"https:\/\/www.europesays.com\/fr\/wp-json\/wp\/v2\/media\/656478"}],"wp:attachment":[{"href":"https:\/\/www.europesays.com\/fr\/wp-json\/wp\/v2\/media?parent=656477"}],"wp:term":[{"taxonomy":"category","embeddable":true,"href":"https:\/\/www.europesays.com\/fr\/wp-json\/wp\/v2\/categories?post=656477"},{"taxonomy":"post_tag","embeddable":true,"href":"https:\/\/www.europesays.com\/fr\/wp-json\/wp\/v2\/tags?post=656477"}],"curies":[{"name":"wp","href":"https:\/\/api.w.org\/{rel}","templated":true}]}}