{"id":656479,"date":"2026-01-11T16:34:11","date_gmt":"2026-01-11T16:34:11","guid":{"rendered":"https:\/\/www.europesays.com\/fr\/656479\/"},"modified":"2026-01-11T16:34:11","modified_gmt":"2026-01-11T16:34:11","slug":"la-mise-en-service-du-tram-un-boost-immediat-sur-les-prix-de-vente","status":"publish","type":"post","link":"https:\/\/www.europesays.com\/fr\/656479\/","title":{"rendered":"La mise en service du tram, un boost imm\u00e9diat sur les prix de vente"},"content":{"rendered":"<p>Apr\u00e8s deux ann\u00e9es tendues \u00e0 Marseille, le march\u00e9 de l\u2019immobilier montre en ce d\u00e9but d\u2019ann\u00e9e quelques signes de dynamisme. Avec un prix de vente estim\u00e9 au 1er\u00a0janvier, par la Fnaim (F\u00e9d\u00e9ration nationale de l\u2019immobilier), \u00e0 3\u00a0300\u00a0\u20ac\/m\u00b2 en moyenne, les prix amorcent une chute remarqu\u00e9e. Alors que les prix \u00e9taient \u00e0 la hausse (+\u00a01,3%) ces douze derniers mois, ils baissent de 0,7%, soit &#8211;\u00a04% sur les trois derni\u00e8res ann\u00e9es sur l\u2019ensemble de la ville.<\/p>\n<p>Des indices encourageants pour ce d\u00e9but\u00a02026 qui voit \u00e9galement la mise en service de la tr\u00e8s attendue extension du tramway. Soit 1,8 kilom\u00e8tre de plus entre Arenc et G\u00e8ze, et 4,4 kilom\u00e8tres suppl\u00e9mentaires entre la place Castellane et La Gaye. Alors, forc\u00e9ment, le long de ces nouvelles stations, <a href=\"https:\/\/www.laprovence.com\/article\/region\/14460933921282\/lextension-du-tramway-une-locomotive-du-marche-immobilier-dans-le-sud-de-marseille\" target=\"_blank\" rel=\"noopener\">le march\u00e9 se dynamise<\/a>. \u00ab\u00a0Cette mise en service, c\u2019est un boost imm\u00e9diat sur les prix de vente\u00a0\u00bb, assure St\u00e9phane Daumillare, pr\u00e9sident de Lycaon Data.<\/p>\n<p>Le fondateur de la start-up marseillaise de mod\u00e9lisation de donn\u00e9es a \u00e9tudi\u00e9 \u00e0 la loupe les mouvements observ\u00e9s autour de ces douze nouvelles stations de G\u00e8ze \u00e0 La Gaye. \u00ab\u00a0Le long de cette nouvelle ligne, on d\u00e9nombre pas moins de 23 quartiers limitrophes. Parmi eux, <a href=\"https:\/\/www.laprovence.com\/article\/region\/69490384291729\/immobilier-a-marseille-ou-se-concentre-la-demande-de-logements-neufs\" target=\"_blank\" rel=\"noopener\">des secteurs qui n\u2019\u00e9taient pas valoris\u00e9s <\/a>&#8230;<\/p>\n","protected":false},"excerpt":{"rendered":"Apr\u00e8s deux ann\u00e9es tendues \u00e0 Marseille, le march\u00e9 de l\u2019immobilier montre en ce d\u00e9but d\u2019ann\u00e9e quelques signes de&hellip;\n","protected":false},"author":2,"featured_media":656480,"comment_status":"","ping_status":"","sticky":false,"template":"","format":"standard","meta":{"footnotes":""},"categories":[2814],"tags":[5734,1111,11,75900,1777,674,1011,27,39634,1116,4743,884,6352,12,882,16,25,3737,2221],"class_list":{"0":"post-656479","1":"post","2":"type-post","3":"status-publish","4":"format-standard","5":"has-post-thumbnail","7":"category-marseille","8":"tag-5734","9":"tag-actu","10":"tag-actualites","11":"tag-boost","12":"tag-eu","13":"tag-europe","14":"tag-fr","15":"tag-france","16":"tag-immediat","17":"tag-immobilier","18":"tag-la","19":"tag-marseille","20":"tag-mise","21":"tag-news","22":"tag-provence-alpes-cote-dazur","23":"tag-region","24":"tag-republique-francaise","25":"tag-service","26":"tag-tram"},"share_on_mastodon":{"url":"https:\/\/pubeurope.com\/@fr\/115877437698443454","error":""},"_links":{"self":[{"href":"https:\/\/www.europesays.com\/fr\/wp-json\/wp\/v2\/posts\/656479","targetHints":{"allow":["GET"]}}],"collection":[{"href":"https:\/\/www.europesays.com\/fr\/wp-json\/wp\/v2\/posts"}],"about":[{"href":"https:\/\/www.europesays.com\/fr\/wp-json\/wp\/v2\/types\/post"}],"author":[{"embeddable":true,"href":"https:\/\/www.europesays.com\/fr\/wp-json\/wp\/v2\/users\/2"}],"replies":[{"embeddable":true,"href":"https:\/\/www.europesays.com\/fr\/wp-json\/wp\/v2\/comments?post=656479"}],"version-history":[{"count":0,"href":"https:\/\/www.europesays.com\/fr\/wp-json\/wp\/v2\/posts\/656479\/revisions"}],"wp:featuredmedia":[{"embeddable":true,"href":"https:\/\/www.europesays.com\/fr\/wp-json\/wp\/v2\/media\/656480"}],"wp:attachment":[{"href":"https:\/\/www.europesays.com\/fr\/wp-json\/wp\/v2\/media?parent=656479"}],"wp:term":[{"taxonomy":"category","embeddable":true,"href":"https:\/\/www.europesays.com\/fr\/wp-json\/wp\/v2\/categories?post=656479"},{"taxonomy":"post_tag","embeddable":true,"href":"https:\/\/www.europesays.com\/fr\/wp-json\/wp\/v2\/tags?post=656479"}],"curies":[{"name":"wp","href":"https:\/\/api.w.org\/{rel}","templated":true}]}}