{"id":656485,"date":"2026-01-11T16:37:15","date_gmt":"2026-01-11T16:37:15","guid":{"rendered":"https:\/\/www.europesays.com\/fr\/656485\/"},"modified":"2026-01-11T16:37:15","modified_gmt":"2026-01-11T16:37:15","slug":"des-debordements-mineurs-a-lyon","status":"publish","type":"post","link":"https:\/\/www.europesays.com\/fr\/656485\/","title":{"rendered":"des d\u00e9bordements mineurs \u00e0 Lyon"},"content":{"rendered":"<p>L\u2019\u00e9limination de l\u2019Alg\u00e9rie, samedi soir, en quart de finale de la Coupe d\u2019Afrique des nations (CAN), a donn\u00e9 lieu \u00e0 des d\u00e9bordements mineurs, dans le secteur de la place Gabriel-P\u00e9ri (Lyon 7e ), dans le quartier de La <a href=\"https:\/\/www.leprogres.fr\/p\/la-guillotiere\" target=\"_blank\" rel=\"noopener\">Guilloti\u00e8re<\/a>, selon des sources s\u00e9curitaires.<\/p>\n<p>Des fumig\u00e8nes et mortiers d\u2019artifice ont \u00e9t\u00e9 allum\u00e9s. Peu de supporters seraient descendus dans la rue, d\u00e9faite oblige. Des vid\u00e9os post\u00e9es sur Snapchat montrent toutefois plusieurs dizaines de personnes, pr\u00e9sentes sur un axe routier. En marge de ce rassemblement, un suspect, d\u00e9couvert porteur d\u2019un t\u00e9l\u00e9phone subtilis\u00e9, a \u00e9t\u00e9 interpell\u00e9 \u00e0 La Guilloti\u00e8re, pour recel de vol. Sa garde \u00e0 vue \u00e9tait en cours dimanche.<\/p>\n<p>Un gros dispositif policier avait \u00e9t\u00e9 mont\u00e9, pour lutter contre d\u2019\u00e9ventuels troubles \u00e0 l\u2019ordre public, samedi soir. Quatre jours plus t\u00f4t, <a href=\"https:\/\/www.leprogres.fr\/sport\/2026\/01\/06\/can-2025-victoire-de-l-algerie-dans-les-dernieres-minutes-face-au-congo-les-supporters-en-liesse-a-guillotiere\" target=\"_blank\" rel=\"noopener\">jusqu\u2019\u00e0 500 supporters alg\u00e9riens<\/a> avaient f\u00eat\u00e9 la victoire de leur \u00e9quipe, en huiti\u00e8me de finale, place Gabriel-P\u00e9ri, perturbant notamment la circulation.<\/p>\n<p>Vendredi soir, la qualification du Maroc en demi-finale de la CAN avait aussi donn\u00e9 lieu \u00e0 quelques d\u00e9bordements, \u00e0 Lyon, selon une source s\u00e9curitaire.<\/p>\n<p>Les autorit\u00e9s redoutaient une demi-finale opposant l\u2019Alg\u00e9rie et le Maroc, deux pays adversaires sur le plan g\u00e9opolitique, mercredi prochain, qui n\u2019aura donc pas lieu. Il y avait un risque que les rivalit\u00e9s \u00e9tatiques s\u2019importent dans les rues de Lyon, entre supporters de ces deux nations, \u00e0 l\u2019occasion de la rencontre sportive.<\/p>\n","protected":false},"excerpt":{"rendered":"L\u2019\u00e9limination de l\u2019Alg\u00e9rie, samedi soir, en quart de finale de la Coupe d\u2019Afrique des nations (CAN), a donn\u00e9&hellip;\n","protected":false},"author":2,"featured_media":656486,"comment_status":"","ping_status":"","sticky":false,"template":"","format":"standard","meta":{"footnotes":""},"categories":[1889],"tags":[1111,11,2430,2757,1777,674,274,107,1011,27,2428,2756,12,25,2429],"class_list":{"0":"post-656485","1":"post","2":"type-post","3":"status-publish","4":"format-standard","5":"has-post-thumbnail","7":"category-lyon","8":"tag-actu","9":"tag-actualites","10":"tag-auvergne-rhone-alpes","11":"tag-edition-lyon-villeurbanne","12":"tag-eu","13":"tag-europe","14":"tag-faits-divers-justice","15":"tag-fil-info","16":"tag-fr","17":"tag-france","18":"tag-lyon","19":"tag-lyon-bassin","20":"tag-news","21":"tag-republique-francaise","22":"tag-rhone"},"share_on_mastodon":{"url":"https:\/\/pubeurope.com\/@fr\/115877448396348784","error":""},"_links":{"self":[{"href":"https:\/\/www.europesays.com\/fr\/wp-json\/wp\/v2\/posts\/656485","targetHints":{"allow":["GET"]}}],"collection":[{"href":"https:\/\/www.europesays.com\/fr\/wp-json\/wp\/v2\/posts"}],"about":[{"href":"https:\/\/www.europesays.com\/fr\/wp-json\/wp\/v2\/types\/post"}],"author":[{"embeddable":true,"href":"https:\/\/www.europesays.com\/fr\/wp-json\/wp\/v2\/users\/2"}],"replies":[{"embeddable":true,"href":"https:\/\/www.europesays.com\/fr\/wp-json\/wp\/v2\/comments?post=656485"}],"version-history":[{"count":0,"href":"https:\/\/www.europesays.com\/fr\/wp-json\/wp\/v2\/posts\/656485\/revisions"}],"wp:featuredmedia":[{"embeddable":true,"href":"https:\/\/www.europesays.com\/fr\/wp-json\/wp\/v2\/media\/656486"}],"wp:attachment":[{"href":"https:\/\/www.europesays.com\/fr\/wp-json\/wp\/v2\/media?parent=656485"}],"wp:term":[{"taxonomy":"category","embeddable":true,"href":"https:\/\/www.europesays.com\/fr\/wp-json\/wp\/v2\/categories?post=656485"},{"taxonomy":"post_tag","embeddable":true,"href":"https:\/\/www.europesays.com\/fr\/wp-json\/wp\/v2\/tags?post=656485"}],"curies":[{"name":"wp","href":"https:\/\/api.w.org\/{rel}","templated":true}]}}