{"id":656499,"date":"2026-01-11T16:45:14","date_gmt":"2026-01-11T16:45:14","guid":{"rendered":"https:\/\/www.europesays.com\/fr\/656499\/"},"modified":"2026-01-11T16:45:14","modified_gmt":"2026-01-11T16:45:14","slug":"ukraine-plus-de-150-drones-lances-par-moscou-au-moins-quatre-morts-2","status":"publish","type":"post","link":"https:\/\/www.europesays.com\/fr\/656499\/","title":{"rendered":"Ukraine : plus de 150 drones lanc\u00e9s par Moscou, au moins quatre morts"},"content":{"rendered":"<p class=\"mb-4 text-lg md:leading-8 break-words\">L&rsquo;arm\u00e9e russe a attaqu\u00e9 l&rsquo;Ukraine avec plus de 150 drones dans la nuit de samedi \u00e0 dimanche, tuant au moins quatre personnes et en blessant 20 autres.<\/p>\n<p class=\"mb-4 text-lg md:leading-8 break-words\">L&rsquo;arm\u00e9e de l&rsquo;air ukrainienne a d\u00e9truit 125 drones, mais plusieurs ont atteint des cibles dans les r\u00e9gions de Kharkiv, Kherson, Zaporijjia et Dnipropetrovsk. La r\u00e9gion de Zaporijjia a de nouveau \u00e9t\u00e9 priv\u00e9e d&rsquo;\u00e9lectricit\u00e9 cette nuit par un froid de moins 10 degr\u00e9s Celsius, ce qui a affect\u00e9 plus de 385 000 foyers, magasins et bureaux. L&rsquo;approvisionnement en eau a \u00e9galement \u00e9t\u00e9 interrompu \u00e0 plusieurs endroits.<\/p>\n<p class=\"mb-4 text-lg md:leading-8 break-words\">Selon la compagnie locale, les services d&rsquo;\u00e9lectricit\u00e9 et d&rsquo;eau ont \u00e9t\u00e9 r\u00e9tablis dimanche matin.<\/p>\n<p class=\"mb-4 text-lg md:leading-8 break-words\">En 24 heures, la Russie a lanc\u00e9 un total de 821 attaques sur 27 cibles dans cette r\u00e9gion.<\/p>\n<p class=\"mb-4 text-lg md:leading-8 break-words\">La derni\u00e8re attaque contre les infrastructures \u00e9nerg\u00e9tiques des r\u00e9gions de Zaporijjia et de Dnipropetrovsk remonte au 7 janvier. Elle avait laiss\u00e9 les deux r\u00e9gions dans l&rsquo;obscurit\u00e9 totale par un froid hivernal de moins 10 \u00e0 mois 15 degr\u00e9s. Le maire de Dnipro avait alors d\u00e9clar\u00e9 que la panne \u00e9tait une urgence nationale.<\/p>\n<p class=\"mb-4 text-lg md:leading-8 break-words\">Volodymyr Zelesky a r\u00e9it\u00e9r\u00e9 que ces attaques russes n&rsquo;ont aucune raison militaire. Selon lui, Vladimir Poutine a d\u00e9lib\u00e9r\u00e9ment attendu qu&rsquo;il fasse froid pour d\u00e9lib\u00e9r\u00e9ment viser les civils ukrainiens.<\/p>\n<p class=\"mb-4 text-lg md:leading-8 break-words\">Le pr\u00e9sident ukrainien a soulign\u00e9 que la Russie a men\u00e9 pr\u00e8s de 1 100 attaques de drones contre des cibles ukrainiennes au cours de la semaine \u00e9coul\u00e9e.<\/p>\n","protected":false},"excerpt":{"rendered":"L&rsquo;arm\u00e9e russe a attaqu\u00e9 l&rsquo;Ukraine avec plus de 150 drones dans la nuit de samedi \u00e0 dimanche, tuant&hellip;\n","protected":false},"author":2,"featured_media":656500,"comment_status":"","ping_status":"","sticky":false,"template":"","format":"standard","meta":{"footnotes":""},"categories":[1590],"tags":[11,41452,2024,1777,674,12,1306,220,28371],"class_list":{"0":"post-656499","1":"post","2":"type-post","3":"status-publish","4":"format-standard","5":"has-post-thumbnail","7":"category-ukraine","8":"tag-actualites","9":"tag-dnipropetrovsk","10":"tag-drones","11":"tag-eu","12":"tag-europe","13":"tag-news","14":"tag-regions","15":"tag-ukraine","16":"tag-zaporijjia"},"share_on_mastodon":{"url":"https:\/\/pubeurope.com\/@fr\/115877479985097860","error":""},"_links":{"self":[{"href":"https:\/\/www.europesays.com\/fr\/wp-json\/wp\/v2\/posts\/656499","targetHints":{"allow":["GET"]}}],"collection":[{"href":"https:\/\/www.europesays.com\/fr\/wp-json\/wp\/v2\/posts"}],"about":[{"href":"https:\/\/www.europesays.com\/fr\/wp-json\/wp\/v2\/types\/post"}],"author":[{"embeddable":true,"href":"https:\/\/www.europesays.com\/fr\/wp-json\/wp\/v2\/users\/2"}],"replies":[{"embeddable":true,"href":"https:\/\/www.europesays.com\/fr\/wp-json\/wp\/v2\/comments?post=656499"}],"version-history":[{"count":0,"href":"https:\/\/www.europesays.com\/fr\/wp-json\/wp\/v2\/posts\/656499\/revisions"}],"wp:featuredmedia":[{"embeddable":true,"href":"https:\/\/www.europesays.com\/fr\/wp-json\/wp\/v2\/media\/656500"}],"wp:attachment":[{"href":"https:\/\/www.europesays.com\/fr\/wp-json\/wp\/v2\/media?parent=656499"}],"wp:term":[{"taxonomy":"category","embeddable":true,"href":"https:\/\/www.europesays.com\/fr\/wp-json\/wp\/v2\/categories?post=656499"},{"taxonomy":"post_tag","embeddable":true,"href":"https:\/\/www.europesays.com\/fr\/wp-json\/wp\/v2\/tags?post=656499"}],"curies":[{"name":"wp","href":"https:\/\/api.w.org\/{rel}","templated":true}]}}