{"id":656505,"date":"2026-01-11T16:48:13","date_gmt":"2026-01-11T16:48:13","guid":{"rendered":"https:\/\/www.europesays.com\/fr\/656505\/"},"modified":"2026-01-11T16:48:13","modified_gmt":"2026-01-11T16:48:13","slug":"israel-signe-un-nouveau-contrat-de-plusieurs-milliards-avec-lallemagne-pour-le-systeme-arrow-3","status":"publish","type":"post","link":"https:\/\/www.europesays.com\/fr\/656505\/","title":{"rendered":"Isra\u00ebl Signe Un Nouveau Contrat De Plusieurs Milliards Avec L\u2019Allemagne Pour Le Syst\u00e8me Arrow 3"},"content":{"rendered":"<p class=\"\" data-is=\"component-paragraph\">La Industrie a\u00e9rospatiale isra\u00e9lienne (IAI) a annonc\u00e9 dimanche la signature d\u2019un nouveau contrat d\u2019environ 9,8 milliards de shekels (pr\u00e8s de 3,1 milliards de dollars) avec le minist\u00e8re isra\u00e9lien de la D\u00e9fense, <a data-is=\"component-link\" href=\"https:\/\/www.i24news.tv\/fr\/actu\/israel\/diplomatie-defense\/artc-l-allemagne-negocie-avec-israel-l-achat-de-systemes-antimissiles-arrow-3-supplementaires\" title=\"https:\/\/www.i24news.tv\/fr\/actu\/israel\/diplomatie-defense\/artc-l-allemagne-negocie-avec-israel-l-achat-de-systemes-antimissiles-arrow-3-supplementaires\" target=\"\" class=\"link\" rel=\"noopener\">destin\u00e9 \u00e0 \u00e9largir l\u2019acquisition par l\u2019Allemagne du syst\u00e8me de d\u00e9fense antimissile Arrow 3.<\/a><\/p>\n<p class=\"\" data-is=\"component-paragraph\">Ce nouvel accord s\u2019inscrit dans la continuit\u00e9 du contrat strat\u00e9gique conclu avec Berlin, dont le montant total d\u00e9passe d\u00e9sormais 20 milliards de shekels, ce qui en fait la plus importante transaction de d\u00e9fense jamais r\u00e9alis\u00e9e par Isra\u00ebl. L\u2019annonce fait suite \u00e0 la ratification, le 17 d\u00e9cembre 2025, de l\u2019accord initial par le Parlement allemand.<\/p>\n<p><img alt=\"Video poster\" class=\"video-poster\" data-is=\"lazy-image\" data-observed-item-id=\"https:\/\/api.i24news.tv\/fr\/brightcove\/6385918330112\/poster\"\/>Vente d&rsquo;armes : Arrow 3. Des intercepteurs isra\u00e9liens dans le ciel de Berlin<\/p>\n<p class=\"\" data-is=\"component-paragraph\">Le syst\u00e8me Arrow 3, con\u00e7u pour intercepter des missiles balistiques de longue port\u00e9e, a d\u00e9montr\u00e9 ses capacit\u00e9s op\u00e9rationnelles lors de la guerre dite des \u00ab \u00c9p\u00e9es de fer \u00bb, renfor\u00e7ant l\u2019attractivit\u00e9 de la technologie isra\u00e9lienne aupr\u00e8s de partenaires internationaux.<\/p>\n<p class=\"\" data-is=\"component-paragraph\">Le directeur g\u00e9n\u00e9ral de l\u2019IAI, Boaz Levy, a salu\u00e9 un accord qui refl\u00e8te, selon lui, \u00ab une confiance profonde dans les capacit\u00e9s industrielles et technologiques d\u2019Isra\u00ebl, ainsi que dans le partenariat strat\u00e9gique entre les deux pays \u00bb. Il a soulign\u00e9 que la livraison d\u2019un syst\u00e8me \u00e9prouv\u00e9 en conditions r\u00e9elles, dans des d\u00e9lais stricts, contribuera de mani\u00e8re significative \u00e0 la d\u00e9fense allemande face \u00e0 l\u2019\u00e9volution des menaces.<\/p>\n<p class=\"\" data-is=\"component-paragraph\">D\u00e9velopp\u00e9 par l\u2019IAI en coop\u00e9ration avec l\u2019Organisation de d\u00e9fense antimissile du minist\u00e8re isra\u00e9lien de la D\u00e9fense et l\u2019Agence am\u00e9ricaine de d\u00e9fense antimissile, Arrow 3 constitue un pilier central de la strat\u00e9gie isra\u00e9lienne visant \u00e0 accro\u00eetre les exportations de d\u00e9fense.<\/p>\n<p class=\"\" data-is=\"component-paragraph\">Cette transaction renforce \u00e0 la fois la position d\u2019Isra\u00ebl comme acteur majeur du secteur antimissile mondial et la capacit\u00e9 industrielle de son complexe de d\u00e9fense, dans<a data-is=\"component-link\" href=\"https:\/\/www.i24news.tv\/fr\/actu\/israel\/artc-israel-et-l-allemagne-vont-elargir-leur-cooperation-securitaire\" title=\"https:\/\/www.i24news.tv\/fr\/actu\/israel\/artc-israel-et-l-allemagne-vont-elargir-leur-cooperation-securitaire\" target=\"\" class=\"link\" rel=\"noopener\"> un contexte de demande croissante pour des syst\u00e8mes de protection avanc\u00e9s en Europe.<\/a><\/p>\n","protected":false},"excerpt":{"rendered":"La Industrie a\u00e9rospatiale isra\u00e9lienne (IAI) a annonc\u00e9 dimanche la signature d\u2019un nouveau contrat d\u2019environ 9,8 milliards de shekels&hellip;\n","protected":false},"author":2,"featured_media":562058,"comment_status":"","ping_status":"","sticky":false,"template":"","format":"standard","meta":{"footnotes":""},"categories":[1587],"tags":[11,672,1804,1805,1803,1777,674,1801,12,1802],"class_list":{"0":"post-656505","1":"post","2":"type-post","3":"status-publish","4":"format-standard","5":"has-post-thumbnail","7":"category-allemagne","8":"tag-actualites","9":"tag-allemagne","10":"tag-bundesrepublik-deutschland","11":"tag-de","12":"tag-deutschland","13":"tag-eu","14":"tag-europe","15":"tag-germany","16":"tag-news","17":"tag-republique-federale-dallemagne"},"share_on_mastodon":{"url":"https:\/\/pubeurope.com\/@fr\/115877491969272695","error":""},"_links":{"self":[{"href":"https:\/\/www.europesays.com\/fr\/wp-json\/wp\/v2\/posts\/656505","targetHints":{"allow":["GET"]}}],"collection":[{"href":"https:\/\/www.europesays.com\/fr\/wp-json\/wp\/v2\/posts"}],"about":[{"href":"https:\/\/www.europesays.com\/fr\/wp-json\/wp\/v2\/types\/post"}],"author":[{"embeddable":true,"href":"https:\/\/www.europesays.com\/fr\/wp-json\/wp\/v2\/users\/2"}],"replies":[{"embeddable":true,"href":"https:\/\/www.europesays.com\/fr\/wp-json\/wp\/v2\/comments?post=656505"}],"version-history":[{"count":0,"href":"https:\/\/www.europesays.com\/fr\/wp-json\/wp\/v2\/posts\/656505\/revisions"}],"wp:featuredmedia":[{"embeddable":true,"href":"https:\/\/www.europesays.com\/fr\/wp-json\/wp\/v2\/media\/562058"}],"wp:attachment":[{"href":"https:\/\/www.europesays.com\/fr\/wp-json\/wp\/v2\/media?parent=656505"}],"wp:term":[{"taxonomy":"category","embeddable":true,"href":"https:\/\/www.europesays.com\/fr\/wp-json\/wp\/v2\/categories?post=656505"},{"taxonomy":"post_tag","embeddable":true,"href":"https:\/\/www.europesays.com\/fr\/wp-json\/wp\/v2\/tags?post=656505"}],"curies":[{"name":"wp","href":"https:\/\/api.w.org\/{rel}","templated":true}]}}