{"id":656506,"date":"2026-01-11T16:49:12","date_gmt":"2026-01-11T16:49:12","guid":{"rendered":"https:\/\/www.europesays.com\/fr\/656506\/"},"modified":"2026-01-11T16:49:12","modified_gmt":"2026-01-11T16:49:12","slug":"ca-sameliore-en-allemagne-et-en-france-mais-le-royaume-uni-compte-un-mort","status":"publish","type":"post","link":"https:\/\/www.europesays.com\/fr\/656506\/","title":{"rendered":"\u00c7a s\u2019am\u00e9liore en Allemagne et en France, mais le Royaume-Uni compte un mort"},"content":{"rendered":"<p>La<a href=\"https:\/\/www.20minutes.fr\/planete\/4194809-20260107-meteo-faut-craindre-tempete-goretti-bombe-meteorologique-fonce-nord-france\" target=\"_blank\" class=\"c-link c-link--is-underlined\" rel=\"noopener\"> temp\u00eate Goretti<\/a> a balay\u00e9 le <a href=\"https:\/\/www.20minutes.fr\/monde\/royaume-uni\/\" class=\"c-link c-link--is-underlined\" target=\"_blank\" rel=\"noopener\">Royaume-Uni<\/a> dans la nuit de jeudi \u00e0 vendredi. Bilan, des rafales qui ont fr\u00f4l\u00e9 les 160\u00a0km\/h dans le sud-ouest de l\u2019Angleterre et du <a href=\"https:\/\/www.20minutes.fr\/dossier\/pays_de_galles\" class=\"c-link c-link--is-underlined\" target=\"_blank\" rel=\"noopener\">Pays de Galles<\/a> et de fortes chutes de <a href=\"https:\/\/www.20minutes.fr\/dossier\/neige\" class=\"c-link c-link--is-underlined\" target=\"_blank\" rel=\"noopener\">neige<\/a>, du verglas et de la pluie vendredi sur l\u2019Ecosse, le Pays de Galles, l\u2019Irlande du Nord et le nord de l\u2019Angleterre, entra\u00eenant de nombreuses perturbations. Si la situation m\u00e9t\u00e9orologique s\u2019est am\u00e9lior\u00e9e ce week-end en <a href=\"https:\/\/www.20minutes.fr\/dossier\/allemagne\" class=\"c-link c-link--is-underlined\" target=\"_blank\" rel=\"noopener\">Allemagne<\/a> et en France, au Royaume-Uni, 28.000 foyers \u00e9taient encore priv\u00e9s d\u2019\u00e9lectricit\u00e9 samedi matin.<\/p>\n<\/p>\n<p>Un arbre tombe sur une caravane habit\u00e9e<\/p>\n<p>La police de la r\u00e9gion des Cornouailles et du Devon, dans le sud-ouest de l\u2019Angleterre, a annonc\u00e9 samedi le d\u00e9c\u00e8s d\u2019un homme dans la ville de Helston, retrouv\u00e9 par les services d\u2019urgence dans sa caravane sur laquelle un arbre \u00e9tait tomb\u00e9 jeudi. \u00ab\u00a0Des op\u00e9rations ont \u00e9t\u00e9 men\u00e9es sur place [vendredi] pour retirer l\u2019arbre en toute s\u00e9curit\u00e9 et [\u2026] tragiquement, un homme d\u2019une cinquantaine d\u2019ann\u00e9es a \u00e9t\u00e9 retrouv\u00e9 mort <a href=\"https:\/\/www.20minutes.fr\/faits_divers\/\" class=\"c-link c-link--is-underlined\" target=\"_blank\" rel=\"noopener\">\u00e0 l\u2019int\u00e9rieur de la caravane<\/a>\u00a0\u00bb, a indiqu\u00e9 la police locale dans un communiqu\u00e9.<\/p>\n<p>Rappelons que la temp\u00eate Goretti a \u00e9galement fait d\u2019importants d\u00e9g\u00e2ts mat\u00e9riels en France, o\u00f9 moins de 100.000 foyers restaient priv\u00e9s d\u2019\u00e9lectricit\u00e9 samedi matin, essentiellement en Normandie (ouest), mais aucun mort n\u2019a \u00e9t\u00e9 recens\u00e9. Au plus fort des intemp\u00e9ries, 380.000 foyers ont \u00e9t\u00e9 priv\u00e9s d\u2019\u00e9lectricit\u00e9, loin du bilan de la temp\u00eate Ciaran qui avait plong\u00e9 dans le noir 1,2\u00a0million de clients en novembre\u00a02023.<\/p>\n<p>En Allemagne, c\u2019est le <a href=\"https:\/\/www.20minutes.fr\/dossier\/train\" class=\"c-link c-link--is-underlined\" target=\"_blank\" rel=\"noopener\">trafic ferroviaire<\/a> longue distance qui a souffert. Particuli\u00e8rement touch\u00e9e, la ville de Hambourg a \u00e9t\u00e9 tr\u00e8s affect\u00e9e par une quantit\u00e9 de neige \u00e0 laquelle la ville n\u2019est pas habitu\u00e9e. La Deutsche Bahn a \u00e9galement mis en garde les voyageurs contre des annulations et des retards sur les trains r\u00e9gionaux en Basse Saxe et dans le Schleswig-Holtstein, deux r\u00e9gions du nord de l\u2019Allemagne.<\/p>\n","protected":false},"excerpt":{"rendered":"La temp\u00eate Goretti a balay\u00e9 le Royaume-Uni dans la nuit de jeudi \u00e0 vendredi. Bilan, des rafales qui&hellip;\n","protected":false},"author":2,"featured_media":656507,"comment_status":"","ping_status":"","sticky":false,"template":"","format":"standard","meta":{"footnotes":""},"categories":[1586],"tags":[47,11,672,1777,674,118,1011,27,1900,6736,16776,2487,10584,12,5161,5140,25,473,656,7747,7919,66801],"class_list":{"0":"post-656506","1":"post","2":"type-post","3":"status-publish","4":"format-standard","5":"has-post-thumbnail","7":"category-europe","8":"tag-actualite","9":"tag-actualites","10":"tag-allemagne","11":"tag-eu","12":"tag-europe","13":"tag-faits-divers","14":"tag-fr","15":"tag-france","16":"tag-hambourg","17":"tag-hiver","18":"tag-irlande-du-nord","19":"tag-meteo","20":"tag-neige","21":"tag-news","22":"tag-normandie","23":"tag-rechauffement-climatique","24":"tag-republique-francaise","25":"tag-royaume-uni","26":"tag-securite","27":"tag-tempete","28":"tag-vent","29":"tag-verglas"},"share_on_mastodon":{"url":"https:\/\/pubeurope.com\/@fr\/115877495787355090","error":""},"_links":{"self":[{"href":"https:\/\/www.europesays.com\/fr\/wp-json\/wp\/v2\/posts\/656506","targetHints":{"allow":["GET"]}}],"collection":[{"href":"https:\/\/www.europesays.com\/fr\/wp-json\/wp\/v2\/posts"}],"about":[{"href":"https:\/\/www.europesays.com\/fr\/wp-json\/wp\/v2\/types\/post"}],"author":[{"embeddable":true,"href":"https:\/\/www.europesays.com\/fr\/wp-json\/wp\/v2\/users\/2"}],"replies":[{"embeddable":true,"href":"https:\/\/www.europesays.com\/fr\/wp-json\/wp\/v2\/comments?post=656506"}],"version-history":[{"count":0,"href":"https:\/\/www.europesays.com\/fr\/wp-json\/wp\/v2\/posts\/656506\/revisions"}],"wp:featuredmedia":[{"embeddable":true,"href":"https:\/\/www.europesays.com\/fr\/wp-json\/wp\/v2\/media\/656507"}],"wp:attachment":[{"href":"https:\/\/www.europesays.com\/fr\/wp-json\/wp\/v2\/media?parent=656506"}],"wp:term":[{"taxonomy":"category","embeddable":true,"href":"https:\/\/www.europesays.com\/fr\/wp-json\/wp\/v2\/categories?post=656506"},{"taxonomy":"post_tag","embeddable":true,"href":"https:\/\/www.europesays.com\/fr\/wp-json\/wp\/v2\/tags?post=656506"}],"curies":[{"name":"wp","href":"https:\/\/api.w.org\/{rel}","templated":true}]}}