{"id":656508,"date":"2026-01-11T16:50:14","date_gmt":"2026-01-11T16:50:14","guid":{"rendered":"https:\/\/www.europesays.com\/fr\/656508\/"},"modified":"2026-01-11T16:50:14","modified_gmt":"2026-01-11T16:50:14","slug":"alors-quun-accord-commercial-ue-inde-se-profile-le-chancelier-merz-senvole-pour-new-delhi-pour-parler-commerce-et-vendre-aux-pays-six-sous-marins-pour-8-milliards-de-dollars","status":"publish","type":"post","link":"https:\/\/www.europesays.com\/fr\/656508\/","title":{"rendered":"Alors qu&rsquo;un accord commercial UE-Inde se profile, le chancelier Merz s&rsquo;envole pour New Delhi pour parler commerce (et vendre aux pays six sous-marins pour 8 milliards de dollars)"},"content":{"rendered":"<p>Accompagn\u00e9 par une d\u00e9l\u00e9gation d&rsquo;industriels, Friedrich Merz se rend en Inde pour une visite de deux jours, alors que l&rsquo;Allemagne cherche de nouveaux d\u00e9bouch\u00e9s commerciaux. Berlin pourrait particuli\u00e8rement b\u00e9n\u00e9ficier de l&rsquo;accord de libre-\u00e9change sur le point d&rsquo;aboutir entre Bruxelles et New Delhi.<\/p>\n<p>Deux semaines avant un sommet UE-Inde, le chancelier allemand entame lundi 12 janvier une visite de deux jours dans ce pays, pour renforcer leurs liens face \u00e0 <a href=\"https:\/\/www.bfmtv.com\/economie\/economie-social\/union-europeenne\/guerre-commerciale-sur-deux-fronts-les-importations-chinoises-en-europe-pourraient-grimper-de-10_AV-202508030269.html\" title=\"&quot;Guerre commerciale sur deux fronts&quot;: les importations chinoises en Europe pourraient grimper de 10%\" class=\"internal_link\" target=\"_blank\" rel=\"noopener\">l&rsquo;agressivit\u00e9 politique et commerciale croissante<\/a> de Washington et de P\u00e9kin. Au sein de l&rsquo;UE, l&rsquo;Allemagne est le principal partenaire de l&rsquo;Inde avec un volume d&rsquo;\u00e9changes bilat\u00e9raux de pr\u00e8s de 50 milliards d&rsquo;euros. Par cons\u00e9quent, elle pourrait particuli\u00e8rement profiter du <a href=\"https:\/\/www.bfmtv.com\/economie\/economie-social\/union-europeenne\/de-grands-progres-apres-le-mercosur-l-ue-est-tout-pres-de-signer-un-accord-commercial-avec-l-inde-pour-exporter-des-voitures-et-importer-du-textile_AD-202601100230.html\" title=\"&quot;De grands progr\u00e8s&quot;: apr\u00e8s le Mercosur, l&#039;UE est tout pr\u00e8s de signer un accord commercial avec l&#039;Inde pour exporter des voitures et importer du textile\" class=\"internal_link\" target=\"_blank\" rel=\"noopener\">trait\u00e9 de libre-\u00e9change que Bruxelles et New Delhi<\/a> comptaient finaliser avant la fin 2025.<\/p>\n<p>Il s&rsquo;agit pour Friedrich Merz de sa premi\u00e8re visite en Asie depuis son entr\u00e9e en fonction au printemps 2025, et ce avant m\u00eame d&rsquo;aller en Chine, avec qui l&rsquo;Allemagne a pourtant \u00e9chang\u00e9 le plus gros montant de marchandises au premier semestre de l&rsquo;an pass\u00e9.<\/p>\n<blockquote class=\"embed embed_quote\"><p>\u00ab\u00a0Cela montre combien l&rsquo;Inde, la plus grande d\u00e9mocratie du monde, est un partenaire strat\u00e9gique important pour l&rsquo;Allemagne\u00a0\u00bb, a comment\u00e9 vendredi un porte-parole du chancelier, soulignant que l&rsquo;un des objectifs principaux de ce voyage \u00e9tait \u00ab\u00a0d&rsquo;approfondir les relations \u00e9conomiques\u00a0\u00bb.<\/p><\/blockquote>\n<p>Avec 1,4 milliard d&rsquo;habitants, le pays le plus peupl\u00e9 au monde repr\u00e9sente pour la premi\u00e8re \u00e9conomie europ\u00e9enne, fortement exportatrice, de grandes opportunit\u00e9s et une alternative \u00e0 la Chine avec qui <a href=\"https:\/\/www.bfmtv.com\/economie\/international\/ses-entreprises-ont-investi-6-milliards-d-euros-en-chine-l-annee-derniere-l-allemagne-ne-veut-plus-etre-aussi-dependante-de-son-premier-partenaire-commercial_AV-202511180335.html\" title=\"Ses entreprises ont investi 6 milliards d&#039;euros en Chine l&#039;ann\u00e9e derni\u00e8re: l&#039;Allemagne ne veut plus \u00eatre aussi d\u00e9pendante de son premier partenaire commercial\" class=\"internal_link\" target=\"_blank\" rel=\"noopener\">les relations se sont r\u00e9cemment tendues<\/a> sur les terres rares et les puces \u00e9lectroniques.<\/p>\n<p>Vers un accord avec l&rsquo;UE<\/p>\n<p>Vendredi, de hauts responsables europ\u00e9ens et indiens du commerce ont indiqu\u00e9 que les n\u00e9gociations avaient beaucoup progress\u00e9. Un sommet est pr\u00e9vu le 27 janvier avec la visite de la pr\u00e9sidente de la Commission europ\u00e9enne, Ursula von der Leyen, et un accord de s\u00e9curit\u00e9 est aussi en discussion.<\/p>\n<p>Avant l&rsquo;arriv\u00e9e de Friedrich Merz, le cabinet du Premier ministre indien, Narendra Modi a indiqu\u00e9 que les discussions porteraient \u00ab\u00a0sur le renforcement de la coop\u00e9ration dans les domaines du commerce et de l&rsquo;investissement, de la technologie, de l&rsquo;\u00e9ducation, de la formation professionnelle et de la mobilit\u00e9\u00a0\u00bb, \u00e9voquant aussi une \u00ab\u00a0collaboration rapproch\u00e9e dans le domaine de la d\u00e9fense et la s\u00e9curit\u00e9\u00a0\u00bb.<\/p>\n<p>Le chancelier sera accompagn\u00e9 d&rsquo;une d\u00e9l\u00e9gation de dirigeants de 25 entreprises, des PME mais aussi des g\u00e9ants, comme Siemens et Airbus, et des firmes du secteur de la d\u00e9fense.<\/p>\n<p>Depuis pr\u00e8s de trois ans, le constructeur allemand de sous-marins et de fr\u00e9gates Thyssen-Krupp Marine Systems (TKMS) discute d&rsquo;une commande d&rsquo;un montant de huit milliards de dollars, selon la presse, pour \u00e9quiper la marine indienne de six sous-marins. <a href=\"https:\/\/www.bfmtv.com\/economie\/entreprises\/defense\/l-inde-a-commande-de-nombreux-sous-marins-a-la-france-mais-se-tourne-vers-la-russie-pour-avoir-un-modele-nucleaire-pourquoi-paris-n-a-pas-le-droit-d-en-fournir-a-new-delhi_AV-202512040488.html\" title=\"L&#039;Inde a command\u00e9 de nombreux sous-marins \u00e0 la France mais se tourne vers la Russie pour avoir un mod\u00e8le nucl\u00e9aire: pourquoi Paris n&#039;a pas le droit d&#039;en fournir \u00e0 New Delhi\" class=\"internal_link\" target=\"_blank\" rel=\"noopener\">L&rsquo;Inde est d\u00e9j\u00e0 \u00e9quip\u00e9e de sous-marins fran\u00e7ais<\/a>, il s&rsquo;agit des mod\u00e8les Scorp\u00e8ne de Naval Group.<\/p>\n<p>Jusqu&rsquo;ici, l&rsquo;Inde, adepte du multilat\u00e9ralisme, s&rsquo;est principalement fournie aupr\u00e8s de la Russie pour ses \u00e9quipements militaires, mais elle s&rsquo;est r\u00e9cemment tourn\u00e9e vers d&rsquo;autres pays, <a href=\"https:\/\/www.bfmtv.com\/economie\/entreprises\/defense\/pour-la-premiere-fois-des-fuselages-de-rafale-seront-produits-hors-de-france-dassault-delocalise-en-inde-une-partie-de-sa-production_AD-202506050469.html\" title=\"&quot;Pour la premi\u00e8re fois, des fuselages de Rafale seront produits hors de France&quot;: Dassault d\u00e9localise en Inde une partie de sa production\" class=\"internal_link\" target=\"_blank\" rel=\"noopener\">comme l&rsquo;Allemagne et la France<\/a>. Elle privil\u00e9gie d\u00e9sormais les armements qu&rsquo;elle produit elle-m\u00eame: c&rsquo;est pour cette raison que TKMS a propos\u00e9 de travailler en collaboration avec les chantiers navals publics indiens Mazagon Dock Shipbuilders (MDL).<\/p>\n<p>\u00ab\u00a0TKMS aidera MDL \u00e0 r\u00e9pondre aux exigences du projet en s&rsquo;appuyant sur sa cha\u00eene d&rsquo;approvisionnement et sa base industrielle en Inde\u00a0\u00bb, a dit \u00e0 l&rsquo;AFP l&rsquo;un de ses porte-paroles. Selon plusieurs sources, le contrat ne devrait toutefois pas \u00eatre sign\u00e9 lors de la visite du chancelier.<\/p>\n<p>Exercices militaires<\/p>\n<p>Dans la r\u00e9gion indo-pacifique, o\u00f9 la puissance militaire chinoise ne cesse de s&rsquo;\u00e9tendre, les forces arm\u00e9es allemandes et indiennes ont d\u00e9j\u00e0 proc\u00e9d\u00e9 \u00e0 des exercices communs.<\/p>\n<blockquote class=\"embed embed_quote\"><p>\u00ab\u00a0Cette ann\u00e9e, la Bundeswehr pr\u00e9voit de participer avec des a\u00e9ronefs \u00e0 des exercices multilat\u00e9raux indiens\u00a0\u00bb, ont indiqu\u00e9 des sources gouvernementales allemandes.<\/p><\/blockquote>\n<p>M. Modi doit recevoir M. Merz \u00e0 Ahmedabad, principale ville du Gujarat (nord-ouest), la province dont il est originaire. Un \u00ab\u00a0signe d&rsquo;estime particulier\u00a0\u00bb, selon le gouvernement allemand. Les deux dirigeants assisteront \u00e0 un festival de cerfs-volants et visiteront l&rsquo;ashram de Sabarmati, retraite spirituelle de Gandhi, p\u00e8re de l&rsquo;ind\u00e9pendance indienne. Friedrich Merz se rendra ensuite \u00e0 Bengalore (sud), principal p\u00f4le de la haute technologie en Inde.<\/p>\n<p>En manque chronique de main-d&rsquo;oeuvre, l&rsquo;Allemagne fait depuis longtemps appel au personnel qualifi\u00e9 indien, notamment dans le domaine informatique. Lors de la visite de M. Merz, est pr\u00e9vue aussi la signature d&rsquo;un accord cadre entre les deux pays pour le recrutement de personnel de sant\u00e9, l&rsquo;Allemagne vieillissante ayant particuli\u00e8rement besoin de soignants.<\/p>\n","protected":false},"excerpt":{"rendered":"Accompagn\u00e9 par une d\u00e9l\u00e9gation d&rsquo;industriels, Friedrich Merz se rend en Inde pour une visite de deux jours, alors&hellip;\n","protected":false},"author":2,"featured_media":615111,"comment_status":"","ping_status":"","sticky":false,"template":"","format":"standard","meta":{"footnotes":""},"categories":[1586],"tags":[11,1777,674,1779,1011,27,12,25,1778,364],"class_list":{"0":"post-656508","1":"post","2":"type-post","3":"status-publish","4":"format-standard","5":"has-post-thumbnail","7":"category-europe","8":"tag-actualites","9":"tag-eu","10":"tag-europe","11":"tag-european-union","12":"tag-fr","13":"tag-france","14":"tag-news","15":"tag-republique-francaise","16":"tag-ue","17":"tag-union-europeenne"},"share_on_mastodon":{"url":"https:\/\/pubeurope.com\/@fr\/115877499616274162","error":""},"_links":{"self":[{"href":"https:\/\/www.europesays.com\/fr\/wp-json\/wp\/v2\/posts\/656508","targetHints":{"allow":["GET"]}}],"collection":[{"href":"https:\/\/www.europesays.com\/fr\/wp-json\/wp\/v2\/posts"}],"about":[{"href":"https:\/\/www.europesays.com\/fr\/wp-json\/wp\/v2\/types\/post"}],"author":[{"embeddable":true,"href":"https:\/\/www.europesays.com\/fr\/wp-json\/wp\/v2\/users\/2"}],"replies":[{"embeddable":true,"href":"https:\/\/www.europesays.com\/fr\/wp-json\/wp\/v2\/comments?post=656508"}],"version-history":[{"count":0,"href":"https:\/\/www.europesays.com\/fr\/wp-json\/wp\/v2\/posts\/656508\/revisions"}],"wp:featuredmedia":[{"embeddable":true,"href":"https:\/\/www.europesays.com\/fr\/wp-json\/wp\/v2\/media\/615111"}],"wp:attachment":[{"href":"https:\/\/www.europesays.com\/fr\/wp-json\/wp\/v2\/media?parent=656508"}],"wp:term":[{"taxonomy":"category","embeddable":true,"href":"https:\/\/www.europesays.com\/fr\/wp-json\/wp\/v2\/categories?post=656508"},{"taxonomy":"post_tag","embeddable":true,"href":"https:\/\/www.europesays.com\/fr\/wp-json\/wp\/v2\/tags?post=656508"}],"curies":[{"name":"wp","href":"https:\/\/api.w.org\/{rel}","templated":true}]}}