{"id":656513,"date":"2026-01-11T16:53:11","date_gmt":"2026-01-11T16:53:11","guid":{"rendered":"https:\/\/www.europesays.com\/fr\/656513\/"},"modified":"2026-01-11T16:53:11","modified_gmt":"2026-01-11T16:53:11","slug":"lens-assure-contre-sochaux-et-file-en-huitiemes","status":"publish","type":"post","link":"https:\/\/www.europesays.com\/fr\/656513\/","title":{"rendered":"Lens assure contre Sochaux et file en huiti\u00e8mes"},"content":{"rendered":"<p>Sochaux &#8211; Lens<\/p>\n<p>0 -3<\/p>\n<p>Lens, leader de L1, s&rsquo;est qualifi\u00e9 pour les huiti\u00e8mes de finale de la Coupe de France, en battant 3-0 Sochaux (National). Odsonne Edouard (22e) en premi\u00e8re p\u00e9riode, puis <a href=\"https:\/\/www.ledauphine.com\/p\/matthieu-udol\" target=\"_blank\" rel=\"noopener\">Matthieu Udol<\/a> (87e) et Abdallah Sima (89e) en fin de match, ont donn\u00e9 au champion d&rsquo;automne sa neuvi\u00e8me victoire d&rsquo;affil\u00e9e toutes comp\u00e9titions confondues.<\/p>\n<p>Alors qu&rsquo;il avait fait tourner son effectif au tour pr\u00e9c\u00e9dent (3-1) contre l&rsquo;Entente Feignies Aulnoye (N2), l&rsquo;entra\u00eeneur <a href=\"https:\/\/www.ledauphine.com\/p\/pierre-sage\" target=\"_blank\" rel=\"noopener\">Pierre Sage<\/a>, lui-m\u00eame originaire de Franche-Comt\u00e9, a d\u00e9cid\u00e9 d&rsquo;aligner quasiment son \u00e9quipe-type, \u00e0 l&rsquo;exception de Florian Thauvin, entr\u00e9 en fin de match. Et il en a eu bien besoin pour \u00e9viter le pi\u00e8ge sochalien.<\/p>\n<p>Ce contenu est bloqu\u00e9 car vous n&rsquo;avez pas accept\u00e9 les cookies et autres traceurs.<\/p>\n<p>En cliquant sur \u00ab J\u2019accepte \u00bb, les cookies et autres traceurs seront d\u00e9pos\u00e9s et vous pourrez visualiser les contenus  (<a href=\"\" class=\"consentModule_policy\" target=\"_blank\" title=\"Consulter la politique de protection des donn\u00e9es du fournisseur\">plus d&rsquo;informations<\/a>).<\/p>\n<p>En cliquant sur \u00ab J\u2019accepte tous les cookies \u00bb, vous autorisez des d\u00e9p\u00f4ts de cookies et autres traceurs pour le stockage de vos donn\u00e9es sur nos sites et applications \u00e0 des fins de personnalisation et de ciblage publicitaire.<\/p>\n<p class=\"consentModule_secondaryText\">Vous gardez la possibilit\u00e9 de retirer votre consentement \u00e0 tout moment en consultant notre <a href=\"https:\/\/www.ledauphine.com\/protection-des-donnees\" target=\"_blank\" title=\"Consulter notre politique de protection des donn\u00e9es\" rel=\"noopener\">politique de protection des donn\u00e9es<\/a>. <br \/>&#13;<br \/>\n            <a href=\"https:\/\/www.ledauphine.com\/sport\/2026\/01\/11\/javascript:Didomi.notice.show()\" class=\"consentModule_cmp\" target=\"_blank\" rel=\"noopener\">G\u00e9rer mes choix<\/a>&#13;\n        <\/p>\n<p>&#13;<br \/>\n                        J&rsquo;accepte&#13;<br \/>\n            J&rsquo;accepte tous les cookies&#13;\n        <\/p>\n<p>Dans cette rencontre pr\u00e9vue samedi soir \u00e0 l&rsquo;origine, mais d\u00e9plac\u00e9e en raison de la neige, le champion d&rsquo;automne a rapidement domin\u00e9 territorialement, mettant en difficult\u00e9 la d\u00e9fense du FC Sochaux. Toutefois, les Sang et Or ont mis longtemps \u00e0 s&rsquo;assurer la victoire malgr\u00e9 l&rsquo;ouverture du score logique de l&rsquo;attaquant Odsonne Edouard, qui a repris victorieusement une remise au second poteau de Samson Baidoo (22e).<\/p>\n<p>Sochaux a esp\u00e9r\u00e9 l&rsquo;exploit<\/p>\n<p>Sochaux, quatri\u00e8me de National, peut regretter d&rsquo;avoir rat\u00e9 son d\u00e9but de match car il a ensuite fait jeu \u00e9gal avec les joueurs de l&rsquo;Artois, avec deux occasions en fin de premi\u00e8re p\u00e9riode: d&rsquo;abord un tir l\u00e9g\u00e8rement trop enlev\u00e9 de Jonathan Mexique (39e) puis une reprise trop molle de Kapitbafan Djoco (45e).<\/p>\n<p>En seconde p\u00e9riode, Sochaux, double vainqueur de la comp\u00e9tition (1937, 2007) contrairement \u00e0 Lens, qui n&rsquo;a jamais soulev\u00e9 la Coupe de France, a r\u00e9ussi \u00e0 rester au contact, ce qui pouvait lui faire esp\u00e9rer un exploit. Mais les Lionceaux ont c\u00e9d\u00e9 dans les derni\u00e8res minutes face au RCL. Pas de surprise, Lens a fait le travail.<\/p>\n","protected":false},"excerpt":{"rendered":"Sochaux &#8211; Lens 0 -3 Lens, leader de L1, s&rsquo;est qualifi\u00e9 pour les huiti\u00e8mes de finale de la&hellip;\n","protected":false},"author":2,"featured_media":656514,"comment_status":"","ping_status":"","sticky":false,"template":"","format":"standard","meta":{"footnotes":""},"categories":[4],"tags":[11,15922,107,63,1011,27,12,25,517,1947],"class_list":{"0":"post-656513","1":"post","2":"type-post","3":"status-publish","4":"format-standard","5":"has-post-thumbnail","7":"category-france","8":"tag-actualites","9":"tag-coupe-de-france-de-football","10":"tag-fil-info","11":"tag-football","12":"tag-fr","13":"tag-france","14":"tag-news","15":"tag-republique-francaise","16":"tag-sport","17":"tag-sport-national"},"share_on_mastodon":{"url":"https:\/\/pubeurope.com\/@fr\/115877511369550481","error":""},"_links":{"self":[{"href":"https:\/\/www.europesays.com\/fr\/wp-json\/wp\/v2\/posts\/656513","targetHints":{"allow":["GET"]}}],"collection":[{"href":"https:\/\/www.europesays.com\/fr\/wp-json\/wp\/v2\/posts"}],"about":[{"href":"https:\/\/www.europesays.com\/fr\/wp-json\/wp\/v2\/types\/post"}],"author":[{"embeddable":true,"href":"https:\/\/www.europesays.com\/fr\/wp-json\/wp\/v2\/users\/2"}],"replies":[{"embeddable":true,"href":"https:\/\/www.europesays.com\/fr\/wp-json\/wp\/v2\/comments?post=656513"}],"version-history":[{"count":0,"href":"https:\/\/www.europesays.com\/fr\/wp-json\/wp\/v2\/posts\/656513\/revisions"}],"wp:featuredmedia":[{"embeddable":true,"href":"https:\/\/www.europesays.com\/fr\/wp-json\/wp\/v2\/media\/656514"}],"wp:attachment":[{"href":"https:\/\/www.europesays.com\/fr\/wp-json\/wp\/v2\/media?parent=656513"}],"wp:term":[{"taxonomy":"category","embeddable":true,"href":"https:\/\/www.europesays.com\/fr\/wp-json\/wp\/v2\/categories?post=656513"},{"taxonomy":"post_tag","embeddable":true,"href":"https:\/\/www.europesays.com\/fr\/wp-json\/wp\/v2\/tags?post=656513"}],"curies":[{"name":"wp","href":"https:\/\/api.w.org\/{rel}","templated":true}]}}