{"id":656543,"date":"2026-01-11T17:14:10","date_gmt":"2026-01-11T17:14:10","guid":{"rendered":"https:\/\/www.europesays.com\/fr\/656543\/"},"modified":"2026-01-11T17:14:10","modified_gmt":"2026-01-11T17:14:10","slug":"le-chanteur-colombien-yeison-jimenez-meurt-a-34-ans-dans-le-crash-dun-petit-avion-de-tourisme","status":"publish","type":"post","link":"https:\/\/www.europesays.com\/fr\/656543\/","title":{"rendered":"le chanteur colombien Yeison Jimenez meurt \u00e0 34 ans dans le crash d&rsquo;un petit avion de tourisme"},"content":{"rendered":"<p>Plusieurs membres de son entourage professionnel se trouvaient avec lui dans l&rsquo;avion priv\u00e9 qui s&rsquo;est \u00e9cras\u00e9 pr\u00e8s de l&rsquo;a\u00e9roport de Paipa, dans le d\u00e9partement de Boyaca, peu apr\u00e8s avoir d\u00e9coll\u00e9 \u00e0 destination de Medellin .<\/p>\n<p>Six personnes, dont le populaire chanteur colombien Yeison Jimenez, ont p\u00e9ri dans le crash d&rsquo;un avion de tourisme dans le centre de la Colombie, ont annonc\u00e9 les autorit\u00e9s ce dimanche 11 janvier.<\/p>\n<blockquote class=\"embed embed_quote\"><p>\u00ab\u00a0Il n&rsquo;y a pas de survivants\u00a0\u00bb, a d\u00e9clar\u00e9 \u00e0 Caracol Radio le colonel Alvaro Bello, de la direction de l&rsquo;Aviation civile colombienne.<\/p><\/blockquote>\n<p>Yeison Jimenez est un chanteur de 34 ans, tr\u00e8s connu en Colombie pour ses \u00ab\u00a0rancheras\u00a0\u00bb et \u00ab\u00a0corridos\u00a0\u00bb d&rsquo;inspiration mexicaine, dont certains accumulent des millions d&rsquo;\u00e9coutes sur Spotify et YouTube.<\/p>\n<p>\u00ab\u00a0Aujourd&rsquo;hui nous ne disons pas seulement adieu \u00e0 un artiste, nous disons adieu \u00e0 un fils, un fr\u00e8re, un ami, un \u00eatre humain plein de r\u00eaves et de courage qui a fait de son histoire une source d&rsquo;espoir pour des milliers de personnes\u00a0\u00bb, a d\u00e9clar\u00e9 son \u00e9quipe dans un communiqu\u00e9 publi\u00e9 sur ses r\u00e9seaux sociaux.<\/p>\n<p>Indiquant \u00e9galement que plusieurs membres de son entourage professionnel se trouvaient avec lui dans l&rsquo;avion.<\/p>\n<p>L&rsquo;avion priv\u00e9 s&rsquo;est \u00e9cras\u00e9 pr\u00e8s de l&rsquo;a\u00e9roport de Paipa, dans le d\u00e9partement de Boyaca, peu apr\u00e8s avoir d\u00e9coll\u00e9 \u00e0 destination de Medellin (nord-ouest), selon le minist\u00e8re des Transports.<\/p>\n<p>Des vid\u00e9os circulant sur les r\u00e9seaux sociaux ont montr\u00e9 l&rsquo;appareil, incapable de s&rsquo;\u00e9lever, s&rsquo;\u00e9crasant \u00e0 grande vitesse dans un pr\u00e9 en bout de piste avant de prendre feu.<\/p>\n","protected":false},"excerpt":{"rendered":"Plusieurs membres de son entourage professionnel se trouvaient avec lui dans l&rsquo;avion priv\u00e9 qui s&rsquo;est \u00e9cras\u00e9 pr\u00e8s de&hellip;\n","protected":false},"author":2,"featured_media":656544,"comment_status":"","ping_status":"","sticky":false,"template":"","format":"standard","meta":{"footnotes":""},"categories":[5],"tags":[11,1011,27,14,12,28],"class_list":{"0":"post-656543","1":"post","2":"type-post","3":"status-publish","4":"format-standard","5":"has-post-thumbnail","7":"category-international","8":"tag-actualites","9":"tag-fr","10":"tag-france","11":"tag-international","12":"tag-news","13":"tag-world"},"share_on_mastodon":{"url":"https:\/\/pubeurope.com\/@fr\/115877594067260277","error":""},"_links":{"self":[{"href":"https:\/\/www.europesays.com\/fr\/wp-json\/wp\/v2\/posts\/656543","targetHints":{"allow":["GET"]}}],"collection":[{"href":"https:\/\/www.europesays.com\/fr\/wp-json\/wp\/v2\/posts"}],"about":[{"href":"https:\/\/www.europesays.com\/fr\/wp-json\/wp\/v2\/types\/post"}],"author":[{"embeddable":true,"href":"https:\/\/www.europesays.com\/fr\/wp-json\/wp\/v2\/users\/2"}],"replies":[{"embeddable":true,"href":"https:\/\/www.europesays.com\/fr\/wp-json\/wp\/v2\/comments?post=656543"}],"version-history":[{"count":0,"href":"https:\/\/www.europesays.com\/fr\/wp-json\/wp\/v2\/posts\/656543\/revisions"}],"wp:featuredmedia":[{"embeddable":true,"href":"https:\/\/www.europesays.com\/fr\/wp-json\/wp\/v2\/media\/656544"}],"wp:attachment":[{"href":"https:\/\/www.europesays.com\/fr\/wp-json\/wp\/v2\/media?parent=656543"}],"wp:term":[{"taxonomy":"category","embeddable":true,"href":"https:\/\/www.europesays.com\/fr\/wp-json\/wp\/v2\/categories?post=656543"},{"taxonomy":"post_tag","embeddable":true,"href":"https:\/\/www.europesays.com\/fr\/wp-json\/wp\/v2\/tags?post=656543"}],"curies":[{"name":"wp","href":"https:\/\/api.w.org\/{rel}","templated":true}]}}