{"id":656549,"date":"2026-01-11T17:17:10","date_gmt":"2026-01-11T17:17:10","guid":{"rendered":"https:\/\/www.europesays.com\/fr\/656549\/"},"modified":"2026-01-11T17:17:10","modified_gmt":"2026-01-11T17:17:10","slug":"travaux-dans-la-loire-des-voies-neutralisees-sur-la47-et-la-rn88-cette-semaine","status":"publish","type":"post","link":"https:\/\/www.europesays.com\/fr\/656549\/","title":{"rendered":"Travaux dans la Loire : des voies neutralis\u00e9es sur l&rsquo;A47 et la RN88 cette semaine\u00a0"},"content":{"rendered":"<p>Cette semaine, des travaux vont perturber la circulation sur les grands axes routiers du sud de la Loire. Certaines voies de l&rsquo;A47 et la RN88 seront neutralis\u00e9es. Les automobilistes sont invit\u00e9s \u00e0 anticiper leurs trajets. On fait le point.<\/p>\n<p>Cette semaine, du lundi au jeudi, la circulation sera impact\u00e9e par des travaux sur deux axes majeurs de la Loire : l&rsquo;<b>A47<\/b> et la <b>RN88<\/b>.\u00a0<\/p>\n<p>Les op\u00e9rations se d\u00e9rouleront en journ\u00e9e comme de nuit, avec des neutralisations de voies dans les deux sens et des bretelles ferm\u00e9es.\u00a0<\/p>\n<p>RN88 \u00e0 La Ricamarie\u00a0<\/p>\n<p>Dans le sens <b>Saint-\u00c9tienne\/Le Puy<\/b>, la voie de droite sera neutralis\u00e9e la journ\u00e9e du mercredi 14 janvier de 9 heures \u00e0 15 h 30, en raison d&rsquo;am\u00e9nagements acoustiques.<\/p>\n<p>A47 \u00e0 Lorette\u00a0<\/p>\n<p>Dans le sens <b>Lyon\/Saint-\u00c9tienne<\/b>, la voie de gauche sera neutralis\u00e9e la journ\u00e9e du jeudi 15 janvier de 14 heures \u00e0 16 heures, en raison de travaux li\u00e9s \u00e0 la pr\u00e9sence d&rsquo;amiante<\/p>\n<p>RN88 \u00e0 Saint-Chamond et La Varizelle\u00a0<\/p>\n<p>Dans le sens <b>Lyon\/Saint-\u00c9tienne<\/b>, la voie de gauche sera neutralis\u00e9e la nuit du lundi 12 janvier de 21 heures \u00e0 5 heures, puis de mani\u00e8re permanente du 15 janvier au 4 f\u00e9vrier, en raison des travaux du nouvel \u00e9changeur.<\/p>\n<p>Dans le sens <b>Saint-\u00c9tienne\/Lyon<\/b>, la RN88 sera ferm\u00e9e \u00e0 la circulation entre les \u00e9changeurs n\u00b017 (La Varizelle) et n\u00b016 (Saint-Chamond-centre) les nuits du lundi 12, du mardi 13, du mercredi 14 et du jeudi 15 janvier, de 21 heures \u00e0 5 heures. Une d\u00e9viation sera mise en place via la sortie n\u00b017 \u00ab Saint-Chamond\/La Varizelle \u00bb.<\/p>\n<p>Dans le sens <b>Lyon\/Saint-\u00c9tienne<\/b>, la RN88 sera ferm\u00e9e \u00e0 la circulation entre les \u00e9changeurs n\u00b016 (Saint-Chamond-centre) et n\u00b017 (La Varizelle) les nuits du mardi 13, du mercredi 14 et du jeudi 15 janvier de 21 heures \u00e0 5 heures. Une d\u00e9viation sera mise en place via la sortie n\u00b016 \u00ab Saint-Chamond-centre \u00bb.<\/p>\n<p>A47 \u00e0 Lorette\u00a0<\/p>\n<p>Les voies de droite et\/ou de gauche seront neutralis\u00e9es, alternativement dans les deux sens de circulation, les nuits du lundi 12, du mardi 13, du mercredi 14 et du jeudi 15 janvier de 21 heures \u00e0 5 heures, en raison de travaux sur l&rsquo;\u00e9changeur du Sardon.\u00a0<img loading=\"lazy\" decoding=\"async\" src=\"https:\/\/www.europesays.com\/fr\/wp-content\/uploads\/2026\/01\/1768151830_29_img.png\" width=\"350\" height=\"200\" border=\"0\" title=\"L'a\u00c3\u00a9roport de Lyon-Saint-Exup\u00c3\u00a9ry.\"\/><\/p>\n<p>\u25baTransport<\/p>\n<p style=\"font-size: 22px;\"><b>Une nouvelle destination propos\u00e9e au d\u00e9part de l&rsquo;a\u00e9roport de Lyon\u00a0<\/b><\/p>\n<p>D\u00e8s l&rsquo;\u00e9t\u00e9 2026, la compagnie Ethiopian Airlines&#8230;<\/p>\n<p><\/p>\n","protected":false},"excerpt":{"rendered":"Cette semaine, des travaux vont perturber la circulation sur les grands axes routiers du sud de la Loire.&hellip;\n","protected":false},"author":2,"featured_media":644588,"comment_status":"","ping_status":"","sticky":false,"template":"","format":"standard","meta":{"footnotes":""},"categories":[9653],"tags":[15291,1111,11,2430,3542,1777,674,13407,1011,27,11324,75085,18870,12,25,15292,9669,4001,2086],"class_list":{"0":"post-656549","1":"post","2":"type-post","3":"status-publish","4":"format-standard","5":"has-post-thumbnail","7":"category-saint-etienne","8":"tag-a47","9":"tag-actu","10":"tag-actualites","11":"tag-auvergne-rhone-alpes","12":"tag-circulation","13":"tag-eu","14":"tag-europe","15":"tag-fermeture","16":"tag-fr","17":"tag-france","18":"tag-la-ricamarie","19":"tag-la-varizelle","20":"tag-lorette","21":"tag-news","22":"tag-republique-francaise","23":"tag-rn88","24":"tag-saint-chamond","25":"tag-saint-etienne","26":"tag-travaux"},"share_on_mastodon":{"url":"https:\/\/pubeurope.com\/@fr\/115877605945749618","error":""},"_links":{"self":[{"href":"https:\/\/www.europesays.com\/fr\/wp-json\/wp\/v2\/posts\/656549","targetHints":{"allow":["GET"]}}],"collection":[{"href":"https:\/\/www.europesays.com\/fr\/wp-json\/wp\/v2\/posts"}],"about":[{"href":"https:\/\/www.europesays.com\/fr\/wp-json\/wp\/v2\/types\/post"}],"author":[{"embeddable":true,"href":"https:\/\/www.europesays.com\/fr\/wp-json\/wp\/v2\/users\/2"}],"replies":[{"embeddable":true,"href":"https:\/\/www.europesays.com\/fr\/wp-json\/wp\/v2\/comments?post=656549"}],"version-history":[{"count":0,"href":"https:\/\/www.europesays.com\/fr\/wp-json\/wp\/v2\/posts\/656549\/revisions"}],"wp:featuredmedia":[{"embeddable":true,"href":"https:\/\/www.europesays.com\/fr\/wp-json\/wp\/v2\/media\/644588"}],"wp:attachment":[{"href":"https:\/\/www.europesays.com\/fr\/wp-json\/wp\/v2\/media?parent=656549"}],"wp:term":[{"taxonomy":"category","embeddable":true,"href":"https:\/\/www.europesays.com\/fr\/wp-json\/wp\/v2\/categories?post=656549"},{"taxonomy":"post_tag","embeddable":true,"href":"https:\/\/www.europesays.com\/fr\/wp-json\/wp\/v2\/tags?post=656549"}],"curies":[{"name":"wp","href":"https:\/\/api.w.org\/{rel}","templated":true}]}}