{"id":656558,"date":"2026-01-11T17:24:10","date_gmt":"2026-01-11T17:24:10","guid":{"rendered":"https:\/\/www.europesays.com\/fr\/656558\/"},"modified":"2026-01-11T17:24:10","modified_gmt":"2026-01-11T17:24:10","slug":"il-pointe-une-arme-trouvee-dans-la-rue-sur-son-educateur-et-profere-des-menaces-contre-sa-voisine-un-montpellierain-condamne-a-un-an-de-prison","status":"publish","type":"post","link":"https:\/\/www.europesays.com\/fr\/656558\/","title":{"rendered":"Il pointe une arme \u00ab\u00a0trouv\u00e9e dans la rue\u00a0\u00bb sur son \u00e9ducateur et prof\u00e8re des menaces contre sa voisine\u00a0: un Montpelli\u00e9rain condamn\u00e9 \u00e0 un an de prison"},"content":{"rendered":"<p>\n                                                                Un Montpelli\u00e9rain, souffrant de troubles\u00a0psychologiques, a \u00e9t\u00e9 condamn\u00e9 ce vendredi 9\u00a0janvier par le tribunal de Montpellier pour violence avec menace d\u2019une arme.\n                            <\/p>\n<p>Le d\u00e9calage entre le discours de ce Montpelli\u00e9rain 47 ans et la gravit\u00e9 des faits qui lui sont reproch\u00e9s a plus qu\u2019interpell\u00e9 la justice. L\u2019homme comparaissait ce vendredi 9\u00a0janvier pour violence avec usage ou menace d\u2019une arme et d\u00e9tention sans d\u00e9claration de cette derni\u00e8re. Des faits commis en septembre dernier, dans un appartement proche de la place Jean-Jaur\u00e8s qui lui avait \u00e9t\u00e9 mis \u00e0 disposition dans le cadre d\u2019un programme d\u2019accompagnement social.<\/p>\n<p>Des menaces envers sa voisine de 23 ans<\/p>\n<p>Alors qu\u2019un \u00e9ducateur s\u2019\u00e9tait pr\u00e9sent\u00e9 dans le studio \u00e0 la suite d\u2019une alerte sur des propos incoh\u00e9rents, l\u2019accus\u00e9 avait bri\u00e8vement point\u00e9 sur lui une arme, en l\u2019esp\u00e8ce un r\u00e9volver d\u2019alarme, tout en prof\u00e9rant des menaces \u00e0 l\u2019encontre de l\u2019une de ses voisines \u00e2g\u00e9e de 23 ans. Interrog\u00e9e, cette derni\u00e8re indiquera aux policiers n\u2019avoir jamais eu affaire \u00e0 lui, mais entendre r\u00e9guli\u00e8rement ses cris.<\/p>\n<p>Le revolver aurait \u00e9t\u00e9 trouv\u00e9 entre deux poubelles, place Jean-Jaur\u00e8s, puis stock\u00e9 dans l\u2019appartement. Et s\u2019il l\u2019avait en main au moment de l\u2019arriv\u00e9e de son \u00e9ducateur, c\u2019est en raison d\u2019un grand m\u00e9nage entrepris dans le logement. Des arguments qui n\u2019ont pas convaincu les juges du tribunal correctionnel de Montpellier, attentifs au profil du mis en cause.<\/p>\n<p>\u00ab\u00a0J\u2019ai besoin de soins\u00a0\u00bb<\/p>\n<p>D\u00e9tenu \u00e0 dix-neuf reprises, portant 34 mentions sur son casier judiciaire dont la premi\u00e8re remonte \u00e0 1997, l\u2019accus\u00e9 pr\u00e9sente \u00e9galement un trouble schizophr\u00e9nique confirm\u00e9 par un rapport d\u2019expertise psychologique. En situation de handicap et en rupture familiale, d\u00e9sormais sans logement, il a reconnu ce vendredi \u00ab\u00a0avoir besoin de soins.\u00a0\u00bb<\/p>\n<p>\u00ab\u00a0J\u2019avais cette arme. Quand quelqu\u2019un s\u2019est pr\u00e9sent\u00e9 j\u2019ai eu peur. J\u2019ai paniqu\u00e9. Je ne savais pas que c\u2019\u00e9tait un \u00e9ducateur.\u00a0\u00bb Retenant une \u00ab\u00a0dangerosit\u00e9 certaine\u00a0\u00bb, le tribunal a prononc\u00e9 une peine de douze moins de prison, avec maintien en d\u00e9tention, et une interdiction de d\u00e9tenir une arme pendant cinq ans.<\/p>\n","protected":false},"excerpt":{"rendered":"Un Montpelli\u00e9rain, souffrant de troubles\u00a0psychologiques, a \u00e9t\u00e9 condamn\u00e9 ce vendredi 9\u00a0janvier par le tribunal de Montpellier pour violence&hellip;\n","protected":false},"author":2,"featured_media":656559,"comment_status":"","ping_status":"","sticky":false,"template":"","format":"standard","meta":{"footnotes":""},"categories":[9599],"tags":[1111,11,1777,674,1011,27,7089,303,2208,12,2680,25],"class_list":{"0":"post-656558","1":"post","2":"type-post","3":"status-publish","4":"format-standard","5":"has-post-thumbnail","7":"category-montpellier","8":"tag-actu","9":"tag-actualites","10":"tag-eu","11":"tag-europe","12":"tag-fr","13":"tag-france","14":"tag-herault","15":"tag-justice","16":"tag-montpellier","17":"tag-news","18":"tag-occitanie","19":"tag-republique-francaise"},"share_on_mastodon":{"url":"https:\/\/pubeurope.com\/@fr\/115877633293105980","error":""},"_links":{"self":[{"href":"https:\/\/www.europesays.com\/fr\/wp-json\/wp\/v2\/posts\/656558","targetHints":{"allow":["GET"]}}],"collection":[{"href":"https:\/\/www.europesays.com\/fr\/wp-json\/wp\/v2\/posts"}],"about":[{"href":"https:\/\/www.europesays.com\/fr\/wp-json\/wp\/v2\/types\/post"}],"author":[{"embeddable":true,"href":"https:\/\/www.europesays.com\/fr\/wp-json\/wp\/v2\/users\/2"}],"replies":[{"embeddable":true,"href":"https:\/\/www.europesays.com\/fr\/wp-json\/wp\/v2\/comments?post=656558"}],"version-history":[{"count":0,"href":"https:\/\/www.europesays.com\/fr\/wp-json\/wp\/v2\/posts\/656558\/revisions"}],"wp:featuredmedia":[{"embeddable":true,"href":"https:\/\/www.europesays.com\/fr\/wp-json\/wp\/v2\/media\/656559"}],"wp:attachment":[{"href":"https:\/\/www.europesays.com\/fr\/wp-json\/wp\/v2\/media?parent=656558"}],"wp:term":[{"taxonomy":"category","embeddable":true,"href":"https:\/\/www.europesays.com\/fr\/wp-json\/wp\/v2\/categories?post=656558"},{"taxonomy":"post_tag","embeddable":true,"href":"https:\/\/www.europesays.com\/fr\/wp-json\/wp\/v2\/tags?post=656558"}],"curies":[{"name":"wp","href":"https:\/\/api.w.org\/{rel}","templated":true}]}}