{"id":656562,"date":"2026-01-11T17:26:10","date_gmt":"2026-01-11T17:26:10","guid":{"rendered":"https:\/\/www.europesays.com\/fr\/656562\/"},"modified":"2026-01-11T17:26:10","modified_gmt":"2026-01-11T17:26:10","slug":"le-rendez-vous-incontournable-des-chineurs","status":"publish","type":"post","link":"https:\/\/www.europesays.com\/fr\/656562\/","title":{"rendered":"le rendez-vous incontournable des chineurs"},"content":{"rendered":"<p melodystyle=\"texte\">La plus grande brocante de Seine-Maritime est de retour du vendredi\u00a016 au dimanche 18\u00a0janvier, au Parc des Expositions de Rouen. Les Puces rouennaises envahiront les diff\u00e9rents halls avec plus de deux cents exposants de 10 \u00e0 20\u00a0heures.<\/p>\n<p>13\u00a0000 m\u00b2 d&rsquo;exposition<\/p>\n<p melodystyle=\"texte\">Les brocanteurs seront r\u00e9partis dans les cinq halls pour vous proposer divers objets. Pour guider les chineurs lors de leurs achats, un service d&rsquo;experts est offert. Si le week-end du 16 au 18\u00a0janvier est d\u00e9di\u00e9 au grand public, le jeudi 15\u00a0janvier est r\u00e9serv\u00e9 exclusivement aux professionnels de la Brocante et de l&rsquo;Antiquit\u00e9 (sur pr\u00e9sentation d&rsquo;une pi\u00e8ce justificative).<\/p>\n<p>Des concerts pour animer la journ\u00e9e<\/p>\n<p melodystyle=\"texte\">Comme l&rsquo;an pass\u00e9, des concerts sont organis\u00e9s sur les trois jours pour rythmer vos achats\u00a0:<\/p>\n<p melodystyle=\"texte\">14h-15h\u00a0: Improvisations Jazz par Anima Trio<\/p>\n<p melodystyle=\"texte\">16h-17h\u00a0: Standards Jazz par Anima Trio Jazz<\/p>\n<p melodystyle=\"texte\">18h-19h\u00a0: Bossa Nova par Ossanha Quartet<\/p>\n<p melodystyle=\"texte\">14h-15h30\u00a0: Cr\u00e9ation Musicale Originale par Alquimia le Concert<\/p>\n<p melodystyle=\"texte\">16h30-18h\u00a0: Pop, Rock &amp; Soul par Anima Wild &amp; Free live Sessions<\/p>\n<p melodystyle=\"texte\">11h-12h\u00a0: Bossa Nova, Samba et MPB par Ossanha Sextet<\/p>\n<p melodystyle=\"texte\">13h30-14h30\u00a0: Jazz Manouche par Mari Amman<\/p>\n<p melodystyle=\"texte\">15h-16h\u00a0: Tous styles, toutes \u00e9poques par Anima Millefiori<\/p>\n<p melodystyle=\"texte\"><a href=\"https:\/\/ticketevent.fr\/lpr26\/public-1?mkg=site\" target=\"_blank\" rel=\"noopener\">La billetterie en ligne est ouverte.<\/a><\/p>\n<p style=\"font-weight:bold;color:#002458;\">Tarifs : 5,50 euros (en ligne) \/ 4 euros (dimanche) \/ 2 euros (jeune de 12\u00e0 25 ans) \/ Gratuit pour les moins de 12 ans.<\/p>\n","protected":false},"excerpt":{"rendered":"La plus grande brocante de Seine-Maritime est de retour du vendredi\u00a016 au dimanche 18\u00a0janvier, au Parc des Expositions&hellip;\n","protected":false},"author":2,"featured_media":656563,"comment_status":"","ping_status":"","sticky":false,"template":"","format":"standard","meta":{"footnotes":""},"categories":[9587],"tags":[1111,11,1777,674,1011,27,12,5161,25,9590],"class_list":{"0":"post-656562","1":"post","2":"type-post","3":"status-publish","4":"format-standard","5":"has-post-thumbnail","7":"category-rouen","8":"tag-actu","9":"tag-actualites","10":"tag-eu","11":"tag-europe","12":"tag-fr","13":"tag-france","14":"tag-news","15":"tag-normandie","16":"tag-republique-francaise","17":"tag-rouen"},"share_on_mastodon":{"url":"https:\/\/pubeurope.com\/@fr\/115877641280994031","error":""},"_links":{"self":[{"href":"https:\/\/www.europesays.com\/fr\/wp-json\/wp\/v2\/posts\/656562","targetHints":{"allow":["GET"]}}],"collection":[{"href":"https:\/\/www.europesays.com\/fr\/wp-json\/wp\/v2\/posts"}],"about":[{"href":"https:\/\/www.europesays.com\/fr\/wp-json\/wp\/v2\/types\/post"}],"author":[{"embeddable":true,"href":"https:\/\/www.europesays.com\/fr\/wp-json\/wp\/v2\/users\/2"}],"replies":[{"embeddable":true,"href":"https:\/\/www.europesays.com\/fr\/wp-json\/wp\/v2\/comments?post=656562"}],"version-history":[{"count":0,"href":"https:\/\/www.europesays.com\/fr\/wp-json\/wp\/v2\/posts\/656562\/revisions"}],"wp:featuredmedia":[{"embeddable":true,"href":"https:\/\/www.europesays.com\/fr\/wp-json\/wp\/v2\/media\/656563"}],"wp:attachment":[{"href":"https:\/\/www.europesays.com\/fr\/wp-json\/wp\/v2\/media?parent=656562"}],"wp:term":[{"taxonomy":"category","embeddable":true,"href":"https:\/\/www.europesays.com\/fr\/wp-json\/wp\/v2\/categories?post=656562"},{"taxonomy":"post_tag","embeddable":true,"href":"https:\/\/www.europesays.com\/fr\/wp-json\/wp\/v2\/tags?post=656562"}],"curies":[{"name":"wp","href":"https:\/\/api.w.org\/{rel}","templated":true}]}}