{"id":656564,"date":"2026-01-11T17:27:09","date_gmt":"2026-01-11T17:27:09","guid":{"rendered":"https:\/\/www.europesays.com\/fr\/656564\/"},"modified":"2026-01-11T17:27:09","modified_gmt":"2026-01-11T17:27:09","slug":"tempete-neige-et-verglas-nmr-candidat-retrouvez-les-infos-de-la-semaine-a-rouen","status":"publish","type":"post","link":"https:\/\/www.europesays.com\/fr\/656564\/","title":{"rendered":"Temp\u00eate, neige et verglas, NMR candidat&#8230; Retrouvez les infos de la semaine \u00e0 Rouen"},"content":{"rendered":"<p>                    Par<br \/>\n        <strong><br \/>\n            <a href=\"https:\/\/actu.fr\/auteur\/fmass\" title=\"Consulter tous les articles de Fabien Massin\" target=\"_blank\" rel=\"noopener\">Fabien Massin<\/a><br \/>\n                    <\/strong><\/p>\n<p>        Publi\u00e9 le<\/p>\n<p>            11 janv. 2026 \u00e0 17h10        <\/p>\n<p>Une semaine largement marqu\u00e9e par la m\u00e9t\u00e9o. Mais pas que. Temp\u00eate, neige et verglas, <a href=\"https:\/\/actu.fr\/tag\/nicolas-mayer-rossignol\" target=\"_blank\" rel=\"noopener\">Nicolas Mayer-Rossignol<\/a> candidat \u00e0 sa r\u00e9\u00e9lection, fin des halles Biltoki\u2026 Retrouvez le r\u00e9cap\u2019 actu de la semaine \u00e0 <a href=\"https:\/\/actu.fr\/normandie\/rouen_76540\" target=\"_blank\" rel=\"noopener\">Rouen (Seine-Maritime)<\/a>.<\/p>\n<p>Les infos de la semaine \u00e0 Rouen<\/p>\n<p class=\"expresso-item wall-content\"><a title=\"Lire l&#039;article\" href=\"https:\/\/actu.fr\/meteo\/neige-et-verglas-en-seine-maritime-jusqu-a-10-centimetres-par-endroits_63649243.html\" target=\"_blank\" rel=\"noopener\"><strong>Neige en Seine-Maritime. Transports, circulation\u2026 revivez la journ\u00e9e de ce lundi hivernal<\/strong><\/a><br \/>La neige est tomb\u00e9e en Seine-Maritime ce lundi 5\u00a0janvier 2026. Le d\u00e9partement est plac\u00e9 en vigilance orange neige-verglas jusqu\u2019\u00e0 mardi\u00a010 heures.<\/p>\n<p class=\"expresso-item wall-content\"><a title=\"Lire l&#039;article\" href=\"https:\/\/actu.fr\/meteo\/tempete-goretti-transports-degats-suivez-en-temps-reel-la-situation-en-seine-maritime_63673772.html\" target=\"_blank\" rel=\"noopener\"><strong>Temp\u00eate Goretti en Seine-Maritime\u2009: d\u00e9g\u00e2ts \u00e0 \u00c9tretat, \u00e9cole ferm\u00e9e, transports\u2026 Revivez notre direct<\/strong><\/a><br \/>Le passage de la temp\u00eate Goretti a fait des d\u00e9g\u00e2ts en Seine-Maritime, dans la nuit du 8 au 9\u00a0janvier 2026. Transports, \u00e9cole ferm\u00e9e, coupures d\u2019\u00e9lectricit\u00e9\u2026 Revivez notre direct.<\/p>\n<p class=\"expresso-item wall-content\"><a title=\"Lire l&#039;article\" href=\"https:\/\/actu.fr\/normandie\/rouen_76540\/candidat-ou-pas-nicolas-mayer-rossignol-sort-enfin-du-bois-pour-les-municipales-a-rouen_63663242.html\" target=\"_blank\" rel=\"noopener\"><strong>\u00c9lections municipales. (Enfin) candidat, NMR veut emmener Rouen \u00ab\u2009en Ligue des Champions\u2009\u00bb<\/strong><\/a><br \/>Alors que les prochaines \u00e9lections municipales approchent, Nicolas Mayer-Rossignol, maire sortant de Rouen, l\u00e8ve, ce mercredi 7\u00a0janvier 2026 le voile sur sa candidature.<\/p>\n<p class=\"expresso-item wall-content\"><a title=\"Lire l&#039;article\" href=\"https:\/\/actu.fr\/normandie\/rouen_76540\/apres-trois-ans-ces-halles-gourmandes-a-rouen-ferment-leurs-portes-voici-pourquoi_63656146.html\" target=\"_blank\" rel=\"noopener\"><strong>Apr\u00e8s trois ans, ces halles gourmandes \u00e0 Rouen ferment leurs portes\u2009: voici pourquoi<\/strong><\/a><br \/>Ouvertes en grande pompe il y a trois ans, les Halles Biltoki \u00e0 c\u00f4t\u00e9 des Docks 76 \u00e0 Rouen ont ferm\u00e9 d\u00e9finitivement le 31\u00a0d\u00e9cembre 2025. Voici pourquoi.<\/p>\n<p class=\"expresso-item wall-content\"><a title=\"Lire l&#039;article\" href=\"https:\/\/actu.fr\/normandie\/rouen_76540\/neige-epidemies-greve-les-urgences-du-chu-de-rouen-sont-toujours-en-forte-tension_63657869.html\" target=\"_blank\" rel=\"noopener\"><strong>Neige, \u00e9pid\u00e9mies, gr\u00e8ve\u2026 Les urgences du CHU de Rouen sont toujours en forte tension<\/strong><\/a><br \/>Depuis les f\u00eates de fin d\u2019ann\u00e9e, les urgences du CHU de Rouen sont en forte tension. Le CHU note que les passages aux urgences \u00ab\u2009doivent \u00eatre r\u00e9serv\u00e9s aux situations graves\u2009\u00bb.<\/p>\n<p>Bon \u00e0 savoir \u00e0 Rouen<\/p>\n<p class=\"expresso-item wall-content\"><a title=\"Lire l&#039;article\" href=\"https:\/\/actu.fr\/normandie\/rouen_76540\/origines-utilisation-caracteristiques-les-anecdotes-a-savoir-sur-le-francais-bientot-a-quai-a-rouen_63640073.html\" target=\"_blank\" rel=\"noopener\"><strong>Origines, utilisation, caract\u00e9ristiques\u2026 Les anecdotes \u00e0 savoir sur Le Fran\u00e7ais, bient\u00f4t \u00e0 quai \u00e0 Rouen<\/strong><\/a><br \/>Grand habitu\u00e9 de la Normandie, le navire Le Fran\u00e7ais sera \u00e0 Rouen (Seine-Maritime) \u00e0 partir du 5\u00a0janvier 2026. Voici quelques anecdotes \u00e0 son sujet.<\/p>\n<p class=\"expresso-item wall-content\"><a title=\"Lire l&#039;article\" href=\"https:\/\/actu.fr\/normandie\/rouen_76540\/rouen-figure-dans-un-top-10-des-destinations-europeennes-en-2026-une-vraie-consecration_63651736.html\" target=\"_blank\" rel=\"noopener\"><strong>Rouen figure dans un Top\u00a010 des destinations europ\u00e9ennes en 2026\u2009: une vraie cons\u00e9cration\u2009?<\/strong><\/a><br \/>Le site European Best Destinations a dress\u00e9 son palmar\u00e8s des destinations culturelles europ\u00e9ennes pour 2026. Et Rouen figure dans ce prestigieux (?) classement.<\/p>\n<p class=\"expresso-item wall-content\"><a title=\"Lire l&#039;article\" href=\"https:\/\/actu.fr\/normandie\/rouen_76540\/le-nouveau-poste-de-police-municipale-de-saint-sever-pierre-de-plus-pour-la-securite-de-rouen_63658500.html\" target=\"_blank\" rel=\"noopener\"><strong>Le nouveau poste de police municipale de Saint-Sever, \u00ab\u2009pierre de plus\u2009\u00bb pour la s\u00e9curit\u00e9 de Rouen<\/strong><\/a><br \/>Le poste de police municipale du quartier Saint-Sever a \u00e9t\u00e9 inaugur\u00e9 mardi par Nicolas Mayer-Rossignol, maire de Rouen. Un pas de plus dans le dispositif s\u00e9curit\u00e9 voulu par l\u2019\u00e9lu.<\/p>\n<p>Suivez l\u2019actualit\u00e9 de Rouen sur notre <a href=\"https:\/\/www.whatsapp.com\/channel\/0029VaKfnf99hXF2ddApFB1D\" target=\"_blank\" rel=\"noopener\">cha\u00eene WhatsApp<\/a> et sur notre <a href=\"https:\/\/www.tiktok.com\/@76actu.fr?lang=fr\" target=\"_blank\" rel=\"noopener\">compte TikTok<\/a><\/p>\n<p class=\" wall-content\">Personnalisez votre actualit\u00e9 en ajoutant vos villes et m\u00e9dias en favori avec <a href=\"https:\/\/moncompte.actu.fr\" title=\"D\u00e9couvez Mon Actu\" rel=\"nofollow noopener\" data-trk=\"{&quot;cta&quot;:{&quot;action&quot;:&quot;https:\\\/\\\/moncompte.actu.fr&quot;,&quot;category&quot;:&quot;mon compte&quot;,&quot;from&quot;:&quot;article footer&quot;,&quot;name&quot;:&quot;Mon actu&quot;,&quot;type&quot;:&quot;cta&quot;}}\" target=\"_blank\">Mon Actu<\/a>.<\/p>\n<p>                    <script async src=\"\/\/www.tiktok.com\/embed.js\"><\/script><\/p>\n","protected":false},"excerpt":{"rendered":"Par Fabien Massin Publi\u00e9 le 11 janv. 2026 \u00e0 17h10 Une semaine largement marqu\u00e9e par la m\u00e9t\u00e9o. Mais&hellip;\n","protected":false},"author":2,"featured_media":656565,"comment_status":"","ping_status":"","sticky":false,"template":"","format":"standard","meta":{"footnotes":""},"categories":[9587],"tags":[1111,11,1777,674,1011,27,10584,12,13268,5161,25,9590,104,75296],"class_list":{"0":"post-656564","1":"post","2":"type-post","3":"status-publish","4":"format-standard","5":"has-post-thumbnail","7":"category-rouen","8":"tag-actu","9":"tag-actualites","10":"tag-eu","11":"tag-europe","12":"tag-fr","13":"tag-france","14":"tag-neige","15":"tag-news","16":"tag-nicolas-mayer-rossignol","17":"tag-normandie","18":"tag-republique-francaise","19":"tag-rouen","20":"tag-societe","21":"tag-tempete-goretti"},"share_on_mastodon":{"url":"https:\/\/pubeurope.com\/@fr\/115877645117023989","error":""},"_links":{"self":[{"href":"https:\/\/www.europesays.com\/fr\/wp-json\/wp\/v2\/posts\/656564","targetHints":{"allow":["GET"]}}],"collection":[{"href":"https:\/\/www.europesays.com\/fr\/wp-json\/wp\/v2\/posts"}],"about":[{"href":"https:\/\/www.europesays.com\/fr\/wp-json\/wp\/v2\/types\/post"}],"author":[{"embeddable":true,"href":"https:\/\/www.europesays.com\/fr\/wp-json\/wp\/v2\/users\/2"}],"replies":[{"embeddable":true,"href":"https:\/\/www.europesays.com\/fr\/wp-json\/wp\/v2\/comments?post=656564"}],"version-history":[{"count":0,"href":"https:\/\/www.europesays.com\/fr\/wp-json\/wp\/v2\/posts\/656564\/revisions"}],"wp:featuredmedia":[{"embeddable":true,"href":"https:\/\/www.europesays.com\/fr\/wp-json\/wp\/v2\/media\/656565"}],"wp:attachment":[{"href":"https:\/\/www.europesays.com\/fr\/wp-json\/wp\/v2\/media?parent=656564"}],"wp:term":[{"taxonomy":"category","embeddable":true,"href":"https:\/\/www.europesays.com\/fr\/wp-json\/wp\/v2\/categories?post=656564"},{"taxonomy":"post_tag","embeddable":true,"href":"https:\/\/www.europesays.com\/fr\/wp-json\/wp\/v2\/tags?post=656564"}],"curies":[{"name":"wp","href":"https:\/\/api.w.org\/{rel}","templated":true}]}}