{"id":656571,"date":"2026-01-11T17:31:24","date_gmt":"2026-01-11T17:31:24","guid":{"rendered":"https:\/\/www.europesays.com\/fr\/656571\/"},"modified":"2026-01-11T17:31:24","modified_gmt":"2026-01-11T17:31:24","slug":"travaux-a-rennes-voici-ou-il-sera-difficile-de-circuler-a-partir-du-lundi-12-janvier","status":"publish","type":"post","link":"https:\/\/www.europesays.com\/fr\/656571\/","title":{"rendered":"Travaux \u00e0 Rennes\u00a0: voici o\u00f9 il sera difficile de circuler \u00e0 partir du lundi 12\u00a0janvier"},"content":{"rendered":"<p><strong>&#8211; Boulevard de Guines<\/strong> : le lundi 12 janvier, la circulation sera interdite dans le sens est-ouest, entre le boulevard de la Tour d\u2019Auvergne et le boulevard Saint-Conwo\u00efon, afin de permettre la r\u00e9fection de voirie suite aux travaux de chauffage urbain. Une d\u00e9viation sera mise en place par le boulevard de la Tour d\u2019Auvergne, le cours Rapha\u00ebl Binet et le boulevard Saint-Conwo\u00efon.<\/p>\n<p><strong>&#8211; Rue Brindejonc des Moulinais<\/strong> : du lundi 12 au mardi 13 janvier, la circulation sera interdite dans le sens sud-nord, entre la rue de Lorient et la rue \u00c9tienne Pinault, <a href=\"https:\/\/www.letelegramme.fr\/ille-et-vilaine\/rennes-35000\/cest-parti-pour-deux-ans-de-travaux-voici-ou-va-debuter-le-chantier-du-trambus-a-rennes-des-janvier-2026-6948974.php\" target=\"_blank\" rel=\"noopener\">dans le cadre des travaux du trambus<\/a> r\u00e9alis\u00e9s par Rennes M\u00e9tropole. Une d\u00e9viation sera mise en place par la rue de Lorient, la rue Charles et Paul G\u00e9niaux et la rue des Arts.<\/p>\n<p><strong>&#8211; Boulevard Villebois-Mareuil<\/strong> : du lundi 12 au vendredi 16 janvier, la circulation sera altern\u00e9e de 9 h \u00e0 16 h 30, entre la rue Jeanne Malivel et la rue Jules Andrade, afin de permettre une installation de chantier.<\/p>\n<p>Tous les travaux en cours pouvant perturber vos trajets sur Rennes et Rennes M\u00e9tropole sont \u00e0 retrouver <a href=\"https:\/\/travaux.rennesmetropole.fr\/meteo-travaux\/\" target=\"_blank\" rel=\"noopener\">ici<\/a>.<\/p>\n","protected":false},"excerpt":{"rendered":"&#8211; Boulevard de Guines : le lundi 12 janvier, la circulation sera interdite dans le sens est-ouest, entre&hellip;\n","protected":false},"author":2,"featured_media":656572,"comment_status":"","ping_status":"","sticky":false,"template":"","format":"standard","meta":{"footnotes":""},"categories":[2821],"tags":[1111,11,829,21017,1777,674,1011,27,848,12,584,25],"class_list":{"0":"post-656571","1":"post","2":"type-post","3":"status-publish","4":"format-standard","5":"has-post-thumbnail","7":"category-rennes","8":"tag-actu","9":"tag-actualites","10":"tag-bretagne","11":"tag-deplacements-a-rennes","12":"tag-eu","13":"tag-europe","14":"tag-fr","15":"tag-france","16":"tag-ille-et-vilaine","17":"tag-news","18":"tag-rennes","19":"tag-republique-francaise"},"share_on_mastodon":{"url":"https:\/\/pubeurope.com\/@fr\/115877660931638525","error":""},"_links":{"self":[{"href":"https:\/\/www.europesays.com\/fr\/wp-json\/wp\/v2\/posts\/656571","targetHints":{"allow":["GET"]}}],"collection":[{"href":"https:\/\/www.europesays.com\/fr\/wp-json\/wp\/v2\/posts"}],"about":[{"href":"https:\/\/www.europesays.com\/fr\/wp-json\/wp\/v2\/types\/post"}],"author":[{"embeddable":true,"href":"https:\/\/www.europesays.com\/fr\/wp-json\/wp\/v2\/users\/2"}],"replies":[{"embeddable":true,"href":"https:\/\/www.europesays.com\/fr\/wp-json\/wp\/v2\/comments?post=656571"}],"version-history":[{"count":0,"href":"https:\/\/www.europesays.com\/fr\/wp-json\/wp\/v2\/posts\/656571\/revisions"}],"wp:featuredmedia":[{"embeddable":true,"href":"https:\/\/www.europesays.com\/fr\/wp-json\/wp\/v2\/media\/656572"}],"wp:attachment":[{"href":"https:\/\/www.europesays.com\/fr\/wp-json\/wp\/v2\/media?parent=656571"}],"wp:term":[{"taxonomy":"category","embeddable":true,"href":"https:\/\/www.europesays.com\/fr\/wp-json\/wp\/v2\/categories?post=656571"},{"taxonomy":"post_tag","embeddable":true,"href":"https:\/\/www.europesays.com\/fr\/wp-json\/wp\/v2\/tags?post=656571"}],"curies":[{"name":"wp","href":"https:\/\/api.w.org\/{rel}","templated":true}]}}