{"id":656601,"date":"2026-01-11T17:47:15","date_gmt":"2026-01-11T17:47:15","guid":{"rendered":"https:\/\/www.europesays.com\/fr\/656601\/"},"modified":"2026-01-11T17:47:15","modified_gmt":"2026-01-11T17:47:15","slug":"lyon-27-familles-sans-toit-trouvent-refuge-au-parc-blandan-jusqua-la-fin-de-la-treve-hivernale","status":"publish","type":"post","link":"https:\/\/www.europesays.com\/fr\/656601\/","title":{"rendered":"Lyon. 27 familles sans toit trouvent refuge au parc Blandan \u00ab\u00a0jusqu\u2019\u00e0 la fin de la tr\u00eave hivernale\u00a0\u00bb"},"content":{"rendered":"<p>Ce vendredi 9\u00a0janvier au soir, douze jours apr\u00e8s l\u2019activation du\u00a0plan Grand Froid dans le Rh\u00f4ne &#8211; reconduit jusqu\u2019au mardi 13\u00a0janvier &#8211; le collectif Jamais Sans Toit (JST) annon\u00e7ait la mise \u00e0 l\u2019abri de 27 familles sans solution d\u2019h\u00e9bergement, repr\u00e9sentant 80 enfants, au sein d\u2019une \u00ab\u00a0\u00e9cole d\u00e9saffect\u00e9e\u00a0\u00bb du parc Blandan (Lyon 7e). \u00ab\u00a0Cette occupation n\u2019est pas un choix, c\u2019est la seule option restante\u00a0\u00bb, se d\u00e9fendait le collectif.<\/p>\n<p>\u00ab\u00a0La plupart des familles sans toit que nous accompagnons [\u2026] n\u2019ont pas pu b\u00e9n\u00e9ficier d\u2019une nuit au gymnase Rosset (ouvert en&#8230;<\/p>\n","protected":false},"excerpt":{"rendered":"Ce vendredi 9\u00a0janvier au soir, douze jours apr\u00e8s l\u2019activation du\u00a0plan Grand Froid dans le Rh\u00f4ne &#8211; reconduit jusqu\u2019au&hellip;\n","protected":false},"author":2,"featured_media":656602,"comment_status":"","ping_status":"","sticky":false,"template":"","format":"standard","meta":{"footnotes":""},"categories":[1889],"tags":[1111,11,2430,2757,1777,674,107,1011,27,1908,2428,2756,12,25,2429,104],"class_list":{"0":"post-656601","1":"post","2":"type-post","3":"status-publish","4":"format-standard","5":"has-post-thumbnail","7":"category-lyon","8":"tag-actu","9":"tag-actualites","10":"tag-auvergne-rhone-alpes","11":"tag-edition-lyon-villeurbanne","12":"tag-eu","13":"tag-europe","14":"tag-fil-info","15":"tag-fr","16":"tag-france","17":"tag-logement","18":"tag-lyon","19":"tag-lyon-bassin","20":"tag-news","21":"tag-republique-francaise","22":"tag-rhone","23":"tag-societe"},"share_on_mastodon":{"url":"https:\/\/pubeurope.com\/@fr\/115877723709730471","error":""},"_links":{"self":[{"href":"https:\/\/www.europesays.com\/fr\/wp-json\/wp\/v2\/posts\/656601","targetHints":{"allow":["GET"]}}],"collection":[{"href":"https:\/\/www.europesays.com\/fr\/wp-json\/wp\/v2\/posts"}],"about":[{"href":"https:\/\/www.europesays.com\/fr\/wp-json\/wp\/v2\/types\/post"}],"author":[{"embeddable":true,"href":"https:\/\/www.europesays.com\/fr\/wp-json\/wp\/v2\/users\/2"}],"replies":[{"embeddable":true,"href":"https:\/\/www.europesays.com\/fr\/wp-json\/wp\/v2\/comments?post=656601"}],"version-history":[{"count":0,"href":"https:\/\/www.europesays.com\/fr\/wp-json\/wp\/v2\/posts\/656601\/revisions"}],"wp:featuredmedia":[{"embeddable":true,"href":"https:\/\/www.europesays.com\/fr\/wp-json\/wp\/v2\/media\/656602"}],"wp:attachment":[{"href":"https:\/\/www.europesays.com\/fr\/wp-json\/wp\/v2\/media?parent=656601"}],"wp:term":[{"taxonomy":"category","embeddable":true,"href":"https:\/\/www.europesays.com\/fr\/wp-json\/wp\/v2\/categories?post=656601"},{"taxonomy":"post_tag","embeddable":true,"href":"https:\/\/www.europesays.com\/fr\/wp-json\/wp\/v2\/tags?post=656601"}],"curies":[{"name":"wp","href":"https:\/\/api.w.org\/{rel}","templated":true}]}}