{"id":656611,"date":"2026-01-11T17:53:11","date_gmt":"2026-01-11T17:53:11","guid":{"rendered":"https:\/\/www.europesays.com\/fr\/656611\/"},"modified":"2026-01-11T17:53:11","modified_gmt":"2026-01-11T17:53:11","slug":"lancien-maire-ps-bertrand-delanoe-saffiche-avec-emmanuel-gregoire-sur-un-marche","status":"publish","type":"post","link":"https:\/\/www.europesays.com\/fr\/656611\/","title":{"rendered":"l&rsquo;ancien maire PS Bertrand Delano\u00eb s&rsquo;affiche avec Emmanuel Gr\u00e9goire sur un march\u00e9"},"content":{"rendered":"<p>\n    \u00abBertrand Delano\u00eb, c\u2019est pour nous une r\u00e9f\u00e9rence, celle de la conqu\u00eate symbolique de Paris\u00bb il y a 25 ans, a dit devant les journalistes Emmanuel Gr\u00e9goire, ex-premier adjoint d\u2019Anne Hidalgo, qui n\u2019a pas apport\u00e9 son soutien \u00e0 son ancien dauphin dans la campagne.<\/p>\n<p class=\"fig-paragraph\">L&rsquo;ex-maire socialiste de Paris\u00a0<a href=\"http:\/\/www.lefigaro.fr\/politique\/municipales-2026-a-paris-bertrand-delanoe-assure-qu-il-va-s-engager-totalement-pour-emmanuel-gregoire-20251208\" data-fig-type=\"Article\" data-gtm-custom-categorie=\"navigation\" data-gtm-custom-action=\"crossclick\" data-gtm-custom-label=\"Contextuel\" data-gtm-event=\"customEventSPE\" data-fig-domain=\"LEFIGARO\" target=\"_blank\" rel=\"noopener\">Bertrand Delano\u00eb<\/a>\u00a0est venu afficher dimanche son soutien au candidat de la gauche\u00a0<a href=\"http:\/\/www.lefigaro.fr\/automobile\/municipales-a-paris-emmanuel-gregoire-compte-t-il-reprendre-a-son-compte-l-interdiction-de-stationnement-des-suv-20251217\" target=\"_blank\" data-fig-type=\"NewsFlash\" rel=\"noopener\" data-gtm-custom-categorie=\"navigation\" data-gtm-custom-action=\"crossclick\" data-gtm-custom-label=\"Contextuel\" data-gtm-event=\"customEventSPE\" data-fig-domain=\"LEFIGARO\">Emmanuel Gr\u00e9goire<\/a>, en campagne sur un march\u00e9 o\u00f9 l&rsquo;ancien \u00e9dile a \u00e9t\u00e9 chaleureusement accueilli et parfois davantage reconnu que le candidat \u00e0 l&rsquo;H\u00f4tel de ville.<\/p>\n<p class=\"fig-paragraph\">\u00abBertrand Delano\u00eb, c&rsquo;est pour nous une r\u00e9f\u00e9rence, celle de la conqu\u00eate symbolique de Paris\u00bb il y a 25 ans, a dit devant les journalistes Emmanuel Gr\u00e9goire, ex-premier adjoint d&rsquo;Anne Hidalgo, qui n&rsquo;a pas apport\u00e9 son soutien \u00e0 son ancien dauphin dans la campagne.<\/p>\n<p>                                            <a class=\"fig-a11y-skip\" href=\"#fig-a11y-skip-main-inarticle\" data-module=\"a11y-skip\" data-context=\"was @visible\"><br \/>\n    Passer la publicit\u00e9<br \/>\n<\/a>            <\/p>\n<p>                                            \u00abIl y en a qui sont meilleurs dans le fait d\u2019agresser\u00bb<\/p>\n<p class=\"fig-paragraph\">\u00abVous connaissez Emmanuel\u00a0? Il est formidable\u00a0!\u00bb, a souffl\u00e9 Bertrand Delano\u00eb \u00e0 une femme venue saluer l&rsquo;ancien maire de 75 ans sur un march\u00e9 du 13e arrondissement (sud-est), o\u00f9 venaient tracter les \u00e9quipes d&rsquo;Emmanuel Gr\u00e9goire et du maire de gauche J\u00e9r\u00f4me Coumet.<\/p>\n<p class=\"fig-paragraph\">\u00abIl y en a qui sont meilleurs dans le spectacle, le buzz et le fait d&rsquo;agresser\u00bb, a tacl\u00e9 Bertrand Delano\u00eb en visant la candidate de droite Rachida Dati. \u00abEmmanuel a \u00e9t\u00e9 mon chef de cabinet, il a cet amour de Paris, la comp\u00e9tence et le s\u00e9rieux. En principe, ce sont les meilleurs atouts pour devenir maire\u00bb, a ajout\u00e9 celui qui a fait deux mandats \u00e0 la t\u00eate de Paris (2001-2014). Il s&rsquo;est depuis retir\u00e9 de la vie politique et ne vit qu&rsquo;en partie dans la capitale.<\/p>\n<p class=\"fig-paragraph\">Son apparition sur le march\u00e9, en doudoune et en jean dans un froid mordant, a \u00e9t\u00e9 remarqu\u00e9e, voire davantage que celle du candidat de gauche. \u00abMais c&rsquo;est Delano\u00eb, \u00e7a faisait un bail\u00a0!\u00bb, s&rsquo;est exclam\u00e9e une retrait\u00e9e.<\/p>\n<p>                                            \u00abUne exigence \u00e9cologique\u00bb<\/p>\n<p class=\"fig-paragraph\">Venue faire campagne pour Emmanuel Gr\u00e9goire, S\u00e9verine Matheus, 54 ans, regrette que son candidat soit \u00abtrop discret\u00bb. \u00abJe lui ai dit qu&rsquo;il devrait se montrer plus, j&rsquo;ai crois\u00e9 plein de gens sur le march\u00e9 qui ne savent pas qui il est. Tout le monde ne parle que de Dati!\u00bb, regrette cette virologue. \u00abMoi j&rsquo;aimais bien Delano\u00eb, avec lui la ville \u00e9tait bien g\u00e9r\u00e9e. Mais je suis m\u00e9content de ce qu&rsquo;a fait Anne Hidalgo sur la circulation, \u00e7a devient horrible\u00bb, se plaint Gabriel Aboudaya, 71 ans, qui n&rsquo;exclut pas de voter pour Rachida Dati.<\/p>\n<p class=\"fig-paragraph\">\u00abIl y a chez les Parisiens un certain nombre d&rsquo;insatisfactions. Ce qu&rsquo;ils veulent, c&rsquo;est une nouvelle \u00e9tape\u00bb, analyse Bertrand Delano\u00eb. \u00abMais qu&rsquo;ils veuillent tourner la page de 25 ans de gauche, je ne suis pas s\u00fbr, car ils sont attach\u00e9s \u00e0 une modernit\u00e9 qui passe par une exigence \u00e9cologique et une volont\u00e9 de vivre ensemble dans la diversit\u00e9\u00bb, estime-t-il.<\/p>\n<p>                                            <a class=\"fig-a11y-skip\" href=\"#fig-a11y-skip-main-inarticle_mtf\" data-module=\"a11y-skip\" data-context=\"was @visible\"><br \/>\n    Passer la publicit\u00e9<br \/>\n<\/a>            <\/p>\n<p class=\"fig-paragraph\">Selon deux sondages publi\u00e9s samedi, la liste d&rsquo;union de la gauche conduite par Emmanuel Gr\u00e9goire (socialistes, \u00e9cologistes, ex-Insoumis de l&rsquo;Apr\u00e8s) devancerait l\u00e9g\u00e8rement celle de la candidate de droite\u00a0<a href=\"http:\/\/www.lefigaro.fr\/politique\/municipales-a-paris-la-strategie-de-rachida-dati-face-a-ses-rivaux-de-reconquete-et-horizons-20260110\" target=\"_blank\" data-fig-type=\"Article\" rel=\"noopener\" data-gtm-custom-categorie=\"navigation\" data-gtm-custom-action=\"crossclick\" data-gtm-custom-label=\"Contextuel\" data-gtm-event=\"customEventSPE\" data-fig-domain=\"LEFIGARO\">Rachida Dati<\/a>\u00a0au premier tour des municipales le 15 mars, avant un second tour tr\u00e8s serr\u00e9 le 22.<\/p>\n","protected":false},"excerpt":{"rendered":"\u00abBertrand Delano\u00eb, c\u2019est pour nous une r\u00e9f\u00e9rence, celle de la conqu\u00eate symbolique de Paris\u00bb il y a 25&hellip;\n","protected":false},"author":2,"featured_media":656612,"comment_status":"","ping_status":"","sticky":false,"template":"","format":"standard","meta":{"footnotes":""},"categories":[1888],"tags":[11,70026,8186,1777,674,1011,27,12,626,429,25],"class_list":{"0":"post-656611","1":"post","2":"type-post","3":"status-publish","4":"format-standard","5":"has-post-thumbnail","7":"category-paris","8":"tag-actualites","9":"tag-bertrand-delanoe","10":"tag-emmanuel-gregoire","11":"tag-eu","12":"tag-europe","13":"tag-fr","14":"tag-france","15":"tag-news","16":"tag-paris","17":"tag-ps","18":"tag-republique-francaise"},"share_on_mastodon":{"url":"https:\/\/pubeurope.com\/@fr\/115877749798765240","error":""},"_links":{"self":[{"href":"https:\/\/www.europesays.com\/fr\/wp-json\/wp\/v2\/posts\/656611","targetHints":{"allow":["GET"]}}],"collection":[{"href":"https:\/\/www.europesays.com\/fr\/wp-json\/wp\/v2\/posts"}],"about":[{"href":"https:\/\/www.europesays.com\/fr\/wp-json\/wp\/v2\/types\/post"}],"author":[{"embeddable":true,"href":"https:\/\/www.europesays.com\/fr\/wp-json\/wp\/v2\/users\/2"}],"replies":[{"embeddable":true,"href":"https:\/\/www.europesays.com\/fr\/wp-json\/wp\/v2\/comments?post=656611"}],"version-history":[{"count":0,"href":"https:\/\/www.europesays.com\/fr\/wp-json\/wp\/v2\/posts\/656611\/revisions"}],"wp:featuredmedia":[{"embeddable":true,"href":"https:\/\/www.europesays.com\/fr\/wp-json\/wp\/v2\/media\/656612"}],"wp:attachment":[{"href":"https:\/\/www.europesays.com\/fr\/wp-json\/wp\/v2\/media?parent=656611"}],"wp:term":[{"taxonomy":"category","embeddable":true,"href":"https:\/\/www.europesays.com\/fr\/wp-json\/wp\/v2\/categories?post=656611"},{"taxonomy":"post_tag","embeddable":true,"href":"https:\/\/www.europesays.com\/fr\/wp-json\/wp\/v2\/tags?post=656611"}],"curies":[{"name":"wp","href":"https:\/\/api.w.org\/{rel}","templated":true}]}}