{"id":656615,"date":"2026-01-11T17:55:18","date_gmt":"2026-01-11T17:55:18","guid":{"rendered":"https:\/\/www.europesays.com\/fr\/656615\/"},"modified":"2026-01-11T17:55:18","modified_gmt":"2026-01-11T17:55:18","slug":"guerre-en-ukraine-les-reins-de-ramzan-kadyrov-ont-lache-le-chef-tchetchene-hospitalise-le-renseignement-ukrainien-donne-lalerte","status":"publish","type":"post","link":"https:\/\/www.europesays.com\/fr\/656615\/","title":{"rendered":"Guerre en Ukraine\u00a0: \u00ab\u00a0Les reins de Ramzan Kadyrov ont l\u00e2ch\u00e9\u00a0\u00bb\u2026 Le chef tch\u00e9tch\u00e8ne hospitalis\u00e9, le renseignement ukrainien donne l\u2019alerte"},"content":{"rendered":"<p>\n                                                                La sant\u00e9 de Ramzan Kadyrov, leader tch\u00e9tch\u00e8ne sous administration russe, suscite l\u2019inqui\u00e9tude. Hospitalis\u00e9, ses reins auraient l\u00e2ch\u00e9. Selon le GUR ukrainien, la question de sa succession s\u2019intensifie, avec des candidats d\u00e9j\u00e0 \u00e9voqu\u00e9s. Quel impact sur la stabilit\u00e9 r\u00e9gionale\u00a0?\n                            <\/p>\n<p>L\u2019information agite les observateurs de l\u2019invasion russe en Ukraine. Et pour cause\u00a0: si elle est confirm\u00e9e, elle pourrait avoir de s\u00e9rieuses cons\u00e9quences alors que l\u2019Europe et les \u00c9tats-Unis mettent la pression sur Volodymyr Zelensky et Vladimir Poutine pour enfin s\u2019accorder sur des n\u00e9gociations de paix qui tra\u00eenent en longueur, pr\u00e8s de 4 ans apr\u00e8s le d\u00e9but de la guerre.<\/p>\n<p><a href=\"https:\/\/x.com\/UKRINFORM\/status\/2010303003060769119\" target=\"_self\">Dans une publication sur X datant de ce dimanche matin \u00e0 11h49,<\/a> Ukrinform annonce que Ramzan Kadyrov, leader de la Tch\u00e9tch\u00e9nie sous administration russe, est actuellement hospitalis\u00e9.\u00a0Alors qu\u2019on pr\u00eate au chef tch\u00e9tch\u00e8ne des probl\u00e8mes de sant\u00e9 depuis quelques ann\u00e9es, l\u2019agence de pressse ukrainienne indique que \u00ab\u00a0les reins de Ramzan Kadyrov ont l\u00e2ch\u00e9\u00a0\u00bb.\u00a0Citant des sources anonymes au sein du GUR, le renseignement ukrainien, Ukrinform pr\u00e9cise que \u00ab\u00a0Kadyrov se trouve actuellement dans son propre h\u00f4pital en Tch\u00e9tch\u00e9nie\u00a0; des membres de son clan familial, y compris d\u2019autres pays, se sont r\u00e9unis pour lui rendre visite\u00a0\u00bb.<\/p>\n<p>Qui pour lui succ\u00e9der\u00a0?<\/p>\n<p>De plus, l\u2019agence de presse indique que\u00a0\u00ab\u00a0le processus de d\u00e9signation d\u2019un successeur s\u2019est consid\u00e9rablement intensifi\u00e9\u00a0\u00bb. \u00ab\u00a0La Russie discute des candidats pour le poste de nouveau chef de la Tch\u00e9tch\u00e9nie\u00a0\u00bb. \u00ab\u00a0Parmi les candidats les plus probables figurent Magomed Daudov, Apti Alaudinov et Akhmat, le fils a\u00een\u00e9 de Ramzan\u00a0\u00bb.<\/p>\n<p>\u00c2g\u00e9 de 49 ans, Ramzan Kadyrov est l\u2019un des bras droits de Vladimir Poutine et permet \u00e0 Moscou de contr\u00f4ler la r\u00e9gion d\u2019une main de fer. En\u00a0f\u00e9vrier\u00a02022, Kadyrov avait envoy\u00e9 10\u00a0000 hommes combattre aupr\u00e8s des Russes en Ukraine. Depuis 2022, des rumeurs concernant ses probl\u00e8mes de sant\u00e9 sont r\u00e9guli\u00e8rement colport\u00e9es et ses apparitions publiques sont tr\u00e8s \u00e9pisodiques.<\/p>\n<p>Si elle est largement partag\u00e9e par les observateurs du conflit sur les r\u00e9seaux sociaux, l\u2019information concernant son hospitalisation n\u2019a pas \u00e9t\u00e9 confirm\u00e9e par les canaux officiels.<\/p>\n<p>La question de sa succession constitue un probl\u00e8me \u00ab\u00a0interne\u00a0\u00bb dont Vladimir Poutine se serait s\u00fbrement bien pass\u00e9 \u00e0 l\u2019heure o\u00f9 la Russie est sur la sellette en termes de relations internationales.<\/p>\n","protected":false},"excerpt":{"rendered":"La sant\u00e9 de Ramzan Kadyrov, leader tch\u00e9tch\u00e8ne sous administration russe, suscite l\u2019inqui\u00e9tude. Hospitalis\u00e9, ses reins auraient l\u00e2ch\u00e9. Selon&hellip;\n","protected":false},"author":2,"featured_media":656616,"comment_status":"","ping_status":"","sticky":false,"template":"","format":"standard","meta":{"footnotes":""},"categories":[1590],"tags":[1111,11,1777,674,131,14,12,220],"class_list":{"0":"post-656615","1":"post","2":"type-post","3":"status-publish","4":"format-standard","5":"has-post-thumbnail","7":"category-ukraine","8":"tag-actu","9":"tag-actualites","10":"tag-eu","11":"tag-europe","12":"tag-guerre-en-ukraine","13":"tag-international","14":"tag-news","15":"tag-ukraine"},"share_on_mastodon":{"url":"","error":""},"_links":{"self":[{"href":"https:\/\/www.europesays.com\/fr\/wp-json\/wp\/v2\/posts\/656615","targetHints":{"allow":["GET"]}}],"collection":[{"href":"https:\/\/www.europesays.com\/fr\/wp-json\/wp\/v2\/posts"}],"about":[{"href":"https:\/\/www.europesays.com\/fr\/wp-json\/wp\/v2\/types\/post"}],"author":[{"embeddable":true,"href":"https:\/\/www.europesays.com\/fr\/wp-json\/wp\/v2\/users\/2"}],"replies":[{"embeddable":true,"href":"https:\/\/www.europesays.com\/fr\/wp-json\/wp\/v2\/comments?post=656615"}],"version-history":[{"count":0,"href":"https:\/\/www.europesays.com\/fr\/wp-json\/wp\/v2\/posts\/656615\/revisions"}],"wp:featuredmedia":[{"embeddable":true,"href":"https:\/\/www.europesays.com\/fr\/wp-json\/wp\/v2\/media\/656616"}],"wp:attachment":[{"href":"https:\/\/www.europesays.com\/fr\/wp-json\/wp\/v2\/media?parent=656615"}],"wp:term":[{"taxonomy":"category","embeddable":true,"href":"https:\/\/www.europesays.com\/fr\/wp-json\/wp\/v2\/categories?post=656615"},{"taxonomy":"post_tag","embeddable":true,"href":"https:\/\/www.europesays.com\/fr\/wp-json\/wp\/v2\/tags?post=656615"}],"curies":[{"name":"wp","href":"https:\/\/api.w.org\/{rel}","templated":true}]}}