{"id":656619,"date":"2026-01-11T17:57:12","date_gmt":"2026-01-11T17:57:12","guid":{"rendered":"https:\/\/www.europesays.com\/fr\/656619\/"},"modified":"2026-01-11T17:57:12","modified_gmt":"2026-01-11T17:57:12","slug":"bruxelles-exige-une-clause-farage-pour-toucher-des-compensations-au-cas-ou-larchitecte-du-brexit-arrivait-au-pouvoir","status":"publish","type":"post","link":"https:\/\/www.europesays.com\/fr\/656619\/","title":{"rendered":"Bruxelles exige une \u00ab\u00a0clause Farage\u00a0\u00bb pour toucher des compensations au cas o\u00f9 l'\u00a0\u00bbarchitecte du Brexit\u00a0\u00bb arrivait au pouvoir"},"content":{"rendered":"<p>Le Royaume-Uni et l&rsquo;Union europ\u00e9enne n\u00e9gocient une lev\u00e9e de certaines contraintes administratives impos\u00e9es depuis le Brexit, mais Bruxelles redoute que ces efforts soient ruin\u00e9s par le retour au premier plan de Nigel Farage et demande des garanties, selon le Financial Times.<\/p>\n<p>Chat \u00e9chaud\u00e9 craint l&rsquo;eau froide. Alors que le Royaume-Uni a entam\u00e9 des <a href=\"https:\/\/www.bfmtv.com\/economie\/international\/il-est-dans-notre-interet-national-d-aller-plus-loin-10-ans-apres-le-vote-du-brexit-starmer-plaide-pour-un-alignement-du-royaume-uni-plus-etroit-avec-le-marche-unique-de-l-ue_AD-202601040198.html\" title=\"&quot;Il est dans notre int\u00e9r\u00eat national d&#039;aller plus loin&quot;: 10 ans apr\u00e8s le vote du Brexit, Starmer plaide pour un alignement du Royaume-Uni &quot;plus \u00e9troit avec le march\u00e9 unique&quot; de l&#039;UE\" class=\"internal_link\" target=\"_blank\" rel=\"noopener\">d\u00e9marches pour se rapprocher de l&rsquo;Union europ\u00e9enne<\/a> depuis l&rsquo;arriv\u00e9e au pouvoir du travailliste Keir Starmer en 2024, Bruxelles veut se pr\u00e9munir du \u00ab\u00a0risque Nigel Farage\u00a0\u00bb. Ce dernier, grand promoteur du Brexit, est <a href=\"https:\/\/www.bfmtv.com\/international\/europe\/angleterre\/royaume-uni-victoire-de-l-extreme-droite-dans-une-election-partielle-un-revers-pour-le-premier-ministre-keir-starmer_AD-202505020313.html\" title=\"Royaume-uni: victoire de l&#039;extr\u00eame droite dans une \u00e9lection partielle, un revers pour le Premier ministre Keir Starmer\" class=\"internal_link\" target=\"_blank\" rel=\"noopener\">revenu sur le devant de la sc\u00e8ne politique<\/a> britannique avec son parti d&rsquo;extr\u00eame droite Reform UK, et promet \u00e0 nouveau de couper les ponts avec le continent s&rsquo;il parvenait au pouvoir.<\/p>\n<p>Pour poursuivre les discussions, l&rsquo;Union europ\u00e9enne a donc exig\u00e9 que Londres s&rsquo;engage \u00e0 lui verser une compensation financi\u00e8re si le gouvernement britannique venait encore \u00e0 faire volte-face.<\/p>\n<p>Selon le <a href=\"https:\/\/www.ft.com\/content\/3733b2b0-5d1e-47ba-b39f-ac8b113cce65\" target=\"_blank\" class=\"external_link\" rel=\"noopener\">Financial Times<\/a>, une clause de r\u00e9siliation &#8211; assortie \u00ab\u00a0d&rsquo;une importante indemnit\u00e9\u00a0\u00bb &#8211; a ainsi \u00e9t\u00e9 convenue au cas o\u00f9 le Royaume-Uni finissait par se retirer d&rsquo;un accord visant \u00e0 all\u00e9ger les contraintes administratives sur les \u00e9changes de produits alimentaires. Un projet d\u2019accord v\u00e9t\u00e9rinaire destin\u00e9 \u00e0 r\u00e9duire drastiquement les lourdeurs administratives pesant sur les exportations britanniques de produits alimentaires et de boissons vers l\u2019UE.<\/p>\n<p>Cet accord sanitaire et phytosanitaire strat\u00e9gique pour le gouvernement Starmer pourrait faire grimper les exportations agroalimentaires britanniques vers l&rsquo;UE de 22%, selon une \u00e9tude des universit\u00e9s d&rsquo;Aston et de Bristol, publi\u00e9e en 2024.<\/p>\n<p>\u00ab\u00a0Un accord \u00e0 long terme\u00a0\u00bb<\/p>\n<p>D&rsquo;apr\u00e8s le m\u00e9dia anglais, les diplomates de Bruxelles ont surnomm\u00e9 cette disposition la \u00ab\u00a0clause Farage\u00a0\u00bb, l&rsquo;un d&rsquo;eux pr\u00e9cisant qu&rsquo;il s&rsquo;agit d&rsquo;une \u00ab\u00a0mesure de s\u00e9curit\u00e9 visant \u00e0 assurer la stabilit\u00e9 et \u00e0 dissuader Farage et ses acolytes\u00a0\u00bb.<\/p>\n<blockquote class=\"embed embed_quote\"><p>Ce diplomate ajoute que \u00ab\u00a0l&rsquo;UE souhaite un accord \u00e0 long terme et pas seulement jusqu&rsquo;en 2029\u00a0\u00bb, date des prochaines \u00e9lections g\u00e9n\u00e9rales.<\/p><\/blockquote>\n<p>Car le projet est politiquement explosif. Reform UK et les conservateurs ont d\u00e9j\u00e0 promis de l\u2019abroger, d\u00e9non\u00e7ant une atteinte \u00e0 la souverainet\u00e9 juridique du Royaume-Uni. Nigel Farage accuse Keir Starmer de \u00ab\u00a0brader notre souverainet\u00e9 parlementaire\u00a0\u00bb, tandis que la cheffe des conservateurs Kemi Badenoch rejette tout accord impliquant une influence de la Cour de justice de l\u2019Union europ\u00e9enne.<\/p>\n<p>Apr\u00e8s avoir caracol\u00e9 en t\u00eate des sondages l&rsquo;ann\u00e9e derni\u00e8re, la dynamique de Nigel Farage semble toutefois s&rsquo;essouffler. Fin d\u00e9cembre, Reform UK recueillait 25% des intentions de vote, soit son niveau le plus faible depuis plus de six mois apr\u00e8s avoir atteint un pic \u00e0 32% en septembre, selon un sondage r\u00e9alis\u00e9 par YouGov, rapport\u00e9 par <a href=\"https:\/\/www.independent.co.uk\/news\/uk\/politics\/reform-uk-yougov-poll-labour-nigel-farage-b2889430.html*\" target=\"_blank\" class=\"external_link\" rel=\"noopener\">The Independent<\/a>. Les travaillistes et les conservateurs se redressent l\u00e9g\u00e8rement (20% et 19% des intentions de vote), mais restent en grande difficult\u00e9.<\/p>\n<p><img decoding=\"async\" src=\"https:\/\/www.europesays.com\/fr\/wp-content\/uploads\/2025\/04\/principale-56_3.jpg\"  alt=\"Le monde qui bouge - L'Interview : Le budget britannique rassure les march\u00e9s - 28\/11\" title=\"Le monde qui bouge - L'Interview : Le budget britannique rassure les march\u00e9s - 28\/11\"\/>Le monde qui bouge &#8211; L&rsquo;Interview : Le budget britannique rassure les march\u00e9s &#8211; 28\/11<\/p>\n<p>Depuis son retour au pouvoir, le Parti travailliste est confront\u00e9 \u00e0 une <a href=\"https:\/\/www.bfmtv.com\/economie\/economie-social\/union-europeenne\/croissance-molle-inflation-a-3-6-deficit-autour-5-le-gouvernement-britannique-accuse-le-brexit-d-etre-la-cause-des-grandes-difficultes-du-royaume-uni_AD-202511230221.html\" title=\"Croissance molle, inflation \u00e0 3,6%, d\u00e9ficit autour de 5%... Le gouvernement britannique accuse le Brexit d&#039;\u00eatre la cause des grandes difficult\u00e9s du Royaume-Uni\" class=\"internal_link\" target=\"_blank\" rel=\"noopener\">\u00e9conomie \u00e0 la peine.<\/a> La croissance stagne (+0,1% au troisi\u00e8me trimestre), tandis que le d\u00e9ficit (aux alentours de 5% du PIB l&rsquo;an pass\u00e9) et la dette inqui\u00e8tent les march\u00e9s. Keir Starmer et les travaillistes bl\u00e2ment les cons\u00e9quences du Brexit et les \u00ab\u00a0d\u00e9cisions n\u00e9fastes\u00a0\u00bb des conservateurs, au pouvoir pendant 14 ans.<\/p>\n","protected":false},"excerpt":{"rendered":"Le Royaume-Uni et l&rsquo;Union europ\u00e9enne n\u00e9gocient une lev\u00e9e de certaines contraintes administratives impos\u00e9es depuis le Brexit, mais Bruxelles&hellip;\n","protected":false},"author":2,"featured_media":656620,"comment_status":"","ping_status":"","sticky":false,"template":"","format":"standard","meta":{"footnotes":""},"categories":[1588],"tags":[11,1777,674,12,473,1853,1851,1850,1852],"class_list":{"0":"post-656619","1":"post","2":"type-post","3":"status-publish","4":"format-standard","5":"has-post-thumbnail","7":"category-royaume-uni","8":"tag-actualites","9":"tag-eu","10":"tag-europe","11":"tag-news","12":"tag-royaume-uni","13":"tag-royaume-uni-de-grande-bretagne-et-dirlande-du-nord","14":"tag-uk","15":"tag-united-kingdom","16":"tag-united-kingdom-of-great-britain-and-northern-ireland"},"share_on_mastodon":{"url":"https:\/\/pubeurope.com\/@fr\/115877763127461900","error":""},"_links":{"self":[{"href":"https:\/\/www.europesays.com\/fr\/wp-json\/wp\/v2\/posts\/656619","targetHints":{"allow":["GET"]}}],"collection":[{"href":"https:\/\/www.europesays.com\/fr\/wp-json\/wp\/v2\/posts"}],"about":[{"href":"https:\/\/www.europesays.com\/fr\/wp-json\/wp\/v2\/types\/post"}],"author":[{"embeddable":true,"href":"https:\/\/www.europesays.com\/fr\/wp-json\/wp\/v2\/users\/2"}],"replies":[{"embeddable":true,"href":"https:\/\/www.europesays.com\/fr\/wp-json\/wp\/v2\/comments?post=656619"}],"version-history":[{"count":0,"href":"https:\/\/www.europesays.com\/fr\/wp-json\/wp\/v2\/posts\/656619\/revisions"}],"wp:featuredmedia":[{"embeddable":true,"href":"https:\/\/www.europesays.com\/fr\/wp-json\/wp\/v2\/media\/656620"}],"wp:attachment":[{"href":"https:\/\/www.europesays.com\/fr\/wp-json\/wp\/v2\/media?parent=656619"}],"wp:term":[{"taxonomy":"category","embeddable":true,"href":"https:\/\/www.europesays.com\/fr\/wp-json\/wp\/v2\/categories?post=656619"},{"taxonomy":"post_tag","embeddable":true,"href":"https:\/\/www.europesays.com\/fr\/wp-json\/wp\/v2\/tags?post=656619"}],"curies":[{"name":"wp","href":"https:\/\/api.w.org\/{rel}","templated":true}]}}