{"id":656621,"date":"2026-01-11T17:58:52","date_gmt":"2026-01-11T17:58:52","guid":{"rendered":"https:\/\/www.europesays.com\/fr\/656621\/"},"modified":"2026-01-11T17:58:52","modified_gmt":"2026-01-11T17:58:52","slug":"zalando-va-fermer-son-centre-de-distribution-derfurt-allemagne-qui-emploie-2-700-personnes","status":"publish","type":"post","link":"https:\/\/www.europesays.com\/fr\/656621\/","title":{"rendered":"Zalando va fermer son centre de distribution d&rsquo;Erfurt (Allemagne), qui emploie 2 700 personnes"},"content":{"rendered":"<p>Dans un communiqu\u00e9 publi\u00e9 le 8 janvier 2026, Zalando annonce la fermeture planifi\u00e9e, pour fin septembre 2026, de son immense centre de distribution d\u2019Erfurt, au\u00a0c\u0153ur de l\u2019Allemagne. \u00c9tendu sur environ 130 000 m\u00b2, ce site logistique, en service depuis 2012, emploie 2 700 personnes. Le sp\u00e9cialiste de la vente en ligne de v\u00eatements et de chaussures justifie sa d\u00e9cision par une volont\u00e9 de restructurer son r\u00e9seau logistique continental, \u00ab afin de renforcer davantage sa position sur le march\u00e9 europ\u00e9en de la mode et du lifestyle \u00bb.<\/p>\n<p>\u00a0<\/p>\n<p>Un plan social en ligne de mire<\/p>\n<p>L\u2019e-commer\u00e7ant allemand est le plus important employeur priv\u00e9 de la ville d\u2019Erfurt, capitale du Land de Thuringe. Son maire, Andreas Horn, a d\u00e9clar\u00e9 \u00ab regretter profond\u00e9ment cette d\u00e9cision, d&rsquo;autant plus que nous n&rsquo;avons eu aucune possibilit\u00e9 d&rsquo;influer sur elle \u00bb. De son c\u00f4t\u00e9, Zalando d\u00e9clare s\u2019engager \u00ab \u00e0 maintenir un dialogue ouvert avec [ses] salari\u00e9s, leurs repr\u00e9sentants et tous [ses] partenaires \u00bb. \u00ab Nous entamerons imm\u00e9diatement des n\u00e9gociations avec le comit\u00e9 d&rsquo;entreprise d&rsquo;Erfurt en vue d&rsquo;\u00e9tablir un \u00e9quilibre des int\u00e9r\u00eats et un plan social \u00bb, assure-t-il.<\/p>\n<p>\u00a0<\/p>\n<p>Trois entrep\u00f4ts europ\u00e9ens vont cesser leurs activit\u00e9s avec Zalando<\/p>\n<p>En parall\u00e8le, Zalando annonce aussi la cessation prochaine des activit\u00e9s de trois autres entrep\u00f4ts, \u00ab situ\u00e9s hors d&rsquo;Allemagne et exploit\u00e9s par des prestataires de services externes pour Zalando et About You \u00bb. Pour rappel, Zalando a finalis\u00e9 en juillet 2025 le rachat de son concurrent About You aupr\u00e8s du groupe allemand Otto, pour 1,1 milliard d&rsquo;euros.\u00a0Joint par Voxlog, le service de presse de Zalando d\u00e9clare : \u00ab En effet, dans le but d&rsquo;ajuster les capacit\u00e9s du r\u00e9seau combin\u00e9 de Zalando et d\u2019About You, nous avons d\u00e9cid\u00e9 de ne pas renouveler les contrats avec trois sites exploit\u00e9s par des partenaires en dehors de l&rsquo;Allemagne. Les employ\u00e9s de ces sites sont directement employ\u00e9s par les prestataires de services concern\u00e9s. Nous accompagnerons toutefois nos partenaires dans une transition en douceur et dans le respect pour leurs \u00e9quipes. En raison d&rsquo;obligations contractuelles, nous ne pouvons malheureusement pas divulguer d&rsquo;autres informations \u00e0 ce stade. \u00bb La localisation exacte desdits sites concern\u00e9s ne nous a ainsi pas \u00e9t\u00e9 pr\u00e9cis\u00e9e.<\/p>\n<p>\u00a0<\/p>\n<p>\u00a0<\/p>\n<p>\u00c0 lire \u00e9galement :\u00a0<a href=\"https:\/\/www.voxlog.fr\/actualite\/10348\/zalando-installe-des-robots-de-nomagic-dans-ses-entrepots\" target=\"_blank\" rel=\"nofollow noopener\">Zalando installe des robots de Nomagic dans ses entrep\u00f4ts<\/a><\/p>\n","protected":false},"excerpt":{"rendered":"Dans un communiqu\u00e9 publi\u00e9 le 8 janvier 2026, Zalando annonce la fermeture planifi\u00e9e, pour fin septembre 2026, de&hellip;\n","protected":false},"author":2,"featured_media":656622,"comment_status":"","ping_status":"","sticky":false,"template":"","format":"standard","meta":{"footnotes":""},"categories":[1587],"tags":[11,672,1804,7024,1805,1803,7027,75913,1777,674,13407,1801,2726,12,1802,49661],"class_list":{"0":"post-656621","1":"post","2":"type-post","3":"status-publish","4":"format-standard","5":"has-post-thumbnail","7":"category-allemagne","8":"tag-actualites","9":"tag-allemagne","10":"tag-bundesrepublik-deutschland","11":"tag-centre-de-distribution","12":"tag-de","13":"tag-deutschland","14":"tag-e-commerce","15":"tag-erfurt","16":"tag-eu","17":"tag-europe","18":"tag-fermeture","19":"tag-germany","20":"tag-logistique","21":"tag-news","22":"tag-republique-federale-dallemagne","23":"tag-zalando"},"share_on_mastodon":{"url":"https:\/\/pubeurope.com\/@fr\/115877770972458370","error":""},"_links":{"self":[{"href":"https:\/\/www.europesays.com\/fr\/wp-json\/wp\/v2\/posts\/656621","targetHints":{"allow":["GET"]}}],"collection":[{"href":"https:\/\/www.europesays.com\/fr\/wp-json\/wp\/v2\/posts"}],"about":[{"href":"https:\/\/www.europesays.com\/fr\/wp-json\/wp\/v2\/types\/post"}],"author":[{"embeddable":true,"href":"https:\/\/www.europesays.com\/fr\/wp-json\/wp\/v2\/users\/2"}],"replies":[{"embeddable":true,"href":"https:\/\/www.europesays.com\/fr\/wp-json\/wp\/v2\/comments?post=656621"}],"version-history":[{"count":0,"href":"https:\/\/www.europesays.com\/fr\/wp-json\/wp\/v2\/posts\/656621\/revisions"}],"wp:featuredmedia":[{"embeddable":true,"href":"https:\/\/www.europesays.com\/fr\/wp-json\/wp\/v2\/media\/656622"}],"wp:attachment":[{"href":"https:\/\/www.europesays.com\/fr\/wp-json\/wp\/v2\/media?parent=656621"}],"wp:term":[{"taxonomy":"category","embeddable":true,"href":"https:\/\/www.europesays.com\/fr\/wp-json\/wp\/v2\/categories?post=656621"},{"taxonomy":"post_tag","embeddable":true,"href":"https:\/\/www.europesays.com\/fr\/wp-json\/wp\/v2\/tags?post=656621"}],"curies":[{"name":"wp","href":"https:\/\/api.w.org\/{rel}","templated":true}]}}