{"id":656623,"date":"2026-01-11T17:59:14","date_gmt":"2026-01-11T17:59:14","guid":{"rendered":"https:\/\/www.europesays.com\/fr\/656623\/"},"modified":"2026-01-11T17:59:14","modified_gmt":"2026-01-11T17:59:14","slug":"genie-ou-heresie-leurope-va-legiferer","status":"publish","type":"post","link":"https:\/\/www.europesays.com\/fr\/656623\/","title":{"rendered":"g\u00e9nie ou h\u00e9r\u00e9sie\u00a0? L&rsquo;Europe va l\u00e9gif\u00e9rer"},"content":{"rendered":"<p>                    <b>Faut-il laisser les voitures \u00e9lectriques imiter le grondement des moteurs thermiques\u00a0? C&rsquo;est le d\u00e9bat qui agite actuellement les instances europ\u00e9ennes, avec une d\u00e9cision attendue d\u00e9but 2026.<\/b><\/p>\n<p>                                                                                                                                                        <img decoding=\"async\" src=\"https:\/\/www.europesays.com\/fr\/wp-content\/uploads\/2026\/01\/ef8aaa1544_vroum.webp.webp\" alt=\"VROUM\" width=\"1200\" height=\"800\" loading=\"lazy\"\/>                VROUM<\/p>\n<p>Un d\u00e9bat r\u00e9glementaire qui monte en puissance<\/p>\n<p>Comme le rapporte <a href=\"https:\/\/www.automobile-propre.com\/articles\/le-faux-bruit-de-moteur-des-voitures-electriques-bientot-interdit\/\" target=\"_blank\" rel=\"noopener\">Automobile Propre<\/a>, la <b>Commission \u00e9conomique des Nations Unies pour l&rsquo;Europe<\/b> d\u00e9bat depuis 2024 sur les syst\u00e8mes ESES (Exterior Sound Enhancement Systems). Ces dispositifs permettent aux constructeurs de diffuser des sons de moteur thermique \u00e0 travers des haut-parleurs externes, et ce, bien au-del\u00e0 des simples alerteurs sonores obligatoires depuis 2019 pour pr\u00e9venir les pi\u00e9tons. L&rsquo;Organisation internationale des constructeurs automobiles pousse pour leur autorisation, avec le soutien de l&rsquo;Allemagne et du Japon. En face, la France, les Pays-Bas et la Suisse s&rsquo;y opposent fermement.<\/p>\n<p>Trois philosophies sonores chez les constructeurs<\/p>\n<p>Tous les constructeurs n&rsquo;abordent pas la question de la m\u00eame fa\u00e7on. D&rsquo;un c\u00f4t\u00e9, <a href=\"https:\/\/www.mac4ever.com\/auto\/189505-hyundai-obsidian-un-concept-car-qui-s-inspire-beaucoup-de-honda-et-tesla\" target=\"_blank\" rel=\"noopener\">Hyundai<\/a> et Dodge assument pleinement la nostalgie du thermique. L&rsquo;Ioniq 5 N simule le <b>grondement d&rsquo;un moteur et les \u00e0-coups d&rsquo;une bo\u00eete manuelle<\/b> via les technologies N Active Sound+ et N e-shift, jusqu&rsquo;aux p\u00e9tarades \u00e0 l&rsquo;acc\u00e9l\u00e9ration. La Dodge Charger Daytona va jusqu&rsquo;\u00e0 reproduire le son du V8 de l&rsquo;ancienne Hellcat.<\/p>\n<p>De l&rsquo;autre c\u00f4t\u00e9, <a href=\"https:\/\/www.mac4ever.com\/auto\/181197-porsche-taycan-2025-938ch-678km-d-autonomie-et-un-0-a-100-en-2-4s\" target=\"_blank\" rel=\"noopener\">Porsche<\/a> adopte une approche diff\u00e9rente avec son Electric Sport Sound sur la Taycan\u00a0: plut\u00f4t que de simuler un moteur thermique, le syst\u00e8me <b>amplifie les sons r\u00e9els du moteur \u00e9lectrique<\/b> en filtrant les bruits parasites. <a href=\"https:\/\/www.mac4ever.com\/auto\/187402-800v-v2l-frunk-batteries-moteurs-les-secrets-inedits-de-la-bmw-neue-klasse-reportage\" target=\"_blank\" rel=\"noopener\">BMW<\/a>, de son c\u00f4t\u00e9, a carr\u00e9ment fait appel au compositeur Hans Zimmer pour cr\u00e9er une signature sonore originale. Le cr\u00e9ateur des bandes-son d&rsquo;Inception et Interstellar y voit m\u00eame une opportunit\u00e9 unique de redessiner les sons de nos villes.<\/p>\n<p>                                                                                                                                                        <img decoding=\"async\" src=\"https:\/\/www.europesays.com\/fr\/wp-content\/uploads\/2026\/01\/7ab303a1fa_simuler-un-moteur-thermique-sur-une-electrique-genie-ou-heresie-l-europe-va-legiferer.web.webp\" alt=\"Simuler un moteur thermique sur une \u00e9lectrique\u00a0: g\u00e9nie ou h\u00e9r\u00e9sie\u00a0? L'Europe va l\u00e9gif\u00e9rer\" width=\"1200\" height=\"1084\" loading=\"lazy\"\/>        <\/p>\n<p>Un enjeu de sant\u00e9 publique<\/p>\n<p>Les opposants \u00e0 ces syst\u00e8mes avancent eux des arguments de poids. L&rsquo;Agence europ\u00e9enne pour l&rsquo;environnement classe le <b>bruit routier comme deuxi\u00e8me risque environnemental<\/b> du continent, juste derri\u00e8re la pollution atmosph\u00e9rique. Plus de 110 millions d&rsquo;Europ\u00e9ens seraient expos\u00e9s \u00e0 des niveaux sonores nocifs, et l&rsquo;OMS estime que ce bruit fait perdre entre 1 et 1,3 million d&rsquo;ann\u00e9es de vie en bonne sant\u00e9 chaque ann\u00e9e. Un compromis circule vaguement dans les couloirs de Gen\u00e8ve\u00a0: autoriser ces sons, mais les d\u00e9sactiver par d\u00e9faut. La d\u00e9cision finale est attendue lors de la session pl\u00e9ni\u00e8re de f\u00e9vrier 2026.<\/p>\n<p>                                                                                                                                                        <img decoding=\"async\" src=\"https:\/\/www.europesays.com\/fr\/wp-content\/uploads\/2026\/01\/796e3b81ce_simuler-un-moteur-thermique-sur-une-electrique-genie-ou-heresie-l-europe-va-legiferer.web.webp\" alt=\"Simuler un moteur thermique sur une \u00e9lectrique\u00a0: g\u00e9nie ou h\u00e9r\u00e9sie\u00a0? L'Europe va l\u00e9gif\u00e9rer\" width=\"1200\" height=\"640\" loading=\"lazy\"\/>        <\/p>\n<p>        On en dit quoi\u00a0?<\/p>\n<p>C&rsquo;est quand m\u00eame un dr\u00f4le de paradoxe\u00a0: des constructeurs d\u00e9pensent des fortunes pour concevoir des voitures silencieuses, puis en d\u00e9pensent encore pour leur coller un <b>faux bruit de V8<\/b>. L&rsquo;approche de Porsche ou BMW semble plus coh\u00e9rente\u00a0: cr\u00e9er une nouvelle identit\u00e9 sonore plut\u00f4t que d&rsquo;essayer d&rsquo;imiter un bruit p\u00e9nible pour tout le monde. Et puis franchement\u2026 le silence des voitures \u00e9lectriques, c&rsquo;est quand m\u00eame l&rsquo;un de leurs meilleurs atouts. Bon, au moins, si le compromis du son d\u00e9sactiv\u00e9 par d\u00e9faut est adopt\u00e9, chacun pourra choisir son camp, mais pour moi c&rsquo;est tout choisi, je vote pour le silence\u00a0! Et vous\u00a0?<\/p>\n","protected":false},"excerpt":{"rendered":"Faut-il laisser les voitures \u00e9lectriques imiter le grondement des moteurs thermiques\u00a0? C&rsquo;est le d\u00e9bat qui agite actuellement les&hellip;\n","protected":false},"author":2,"featured_media":656624,"comment_status":"","ping_status":"","sticky":false,"template":"","format":"standard","meta":{"footnotes":""},"categories":[1586],"tags":[11,1777,674,1011,27,12,25,9406],"class_list":{"0":"post-656623","1":"post","2":"type-post","3":"status-publish","4":"format-standard","5":"has-post-thumbnail","7":"category-europe","8":"tag-actualites","9":"tag-eu","10":"tag-europe","11":"tag-fr","12":"tag-france","13":"tag-news","14":"tag-republique-francaise","15":"tag-ve"},"share_on_mastodon":{"url":"https:\/\/pubeurope.com\/@fr\/115877771207303551","error":""},"_links":{"self":[{"href":"https:\/\/www.europesays.com\/fr\/wp-json\/wp\/v2\/posts\/656623","targetHints":{"allow":["GET"]}}],"collection":[{"href":"https:\/\/www.europesays.com\/fr\/wp-json\/wp\/v2\/posts"}],"about":[{"href":"https:\/\/www.europesays.com\/fr\/wp-json\/wp\/v2\/types\/post"}],"author":[{"embeddable":true,"href":"https:\/\/www.europesays.com\/fr\/wp-json\/wp\/v2\/users\/2"}],"replies":[{"embeddable":true,"href":"https:\/\/www.europesays.com\/fr\/wp-json\/wp\/v2\/comments?post=656623"}],"version-history":[{"count":0,"href":"https:\/\/www.europesays.com\/fr\/wp-json\/wp\/v2\/posts\/656623\/revisions"}],"wp:featuredmedia":[{"embeddable":true,"href":"https:\/\/www.europesays.com\/fr\/wp-json\/wp\/v2\/media\/656624"}],"wp:attachment":[{"href":"https:\/\/www.europesays.com\/fr\/wp-json\/wp\/v2\/media?parent=656623"}],"wp:term":[{"taxonomy":"category","embeddable":true,"href":"https:\/\/www.europesays.com\/fr\/wp-json\/wp\/v2\/categories?post=656623"},{"taxonomy":"post_tag","embeddable":true,"href":"https:\/\/www.europesays.com\/fr\/wp-json\/wp\/v2\/tags?post=656623"}],"curies":[{"name":"wp","href":"https:\/\/api.w.org\/{rel}","templated":true}]}}