{"id":656625,"date":"2026-01-11T18:00:11","date_gmt":"2026-01-11T18:00:11","guid":{"rendered":"https:\/\/www.europesays.com\/fr\/656625\/"},"modified":"2026-01-11T18:00:11","modified_gmt":"2026-01-11T18:00:11","slug":"lunion-europeenne-devrait-envisager-de-constituer-une-armee-commune-estime-son-responsable-de-la-defense","status":"publish","type":"post","link":"https:\/\/www.europesays.com\/fr\/656625\/","title":{"rendered":"L&rsquo;Union europ\u00e9enne devrait envisager de constituer une arm\u00e9e commune, estime son responsable de la d\u00e9fense"},"content":{"rendered":"<p>\n    Andrius Kubilius, ex-premier ministre lituanien, a \u00e9voqu\u00e9 la cr\u00e9ation d\u2019une \u00abforce militaire europ\u00e9enne permanente de 100.000 hommes\u00bb comme une option possible pour mieux prot\u00e9ger le continent.<\/p>\n<p class=\"fig-paragraph\">Les pays de l&rsquo;Union europ\u00e9enne devraient envisager de mettre sur pied une force militaire commune qui pourrait remplacer les troupes am\u00e9ricaines stationn\u00e9es en Europe, a estim\u00e9 dimanche le commissaire europ\u00e9en \u00e0 la d\u00e9fense,\u00a0<a href=\"http:\/\/www.lefigaro.fr\/international\/les-defis-d-andrius-kubilius-le-nouveau-commissaire-europeen-a-la-defense-20241001\" target=\"_blank\" data-fig-type=\"Article\" rel=\"noopener\" data-gtm-custom-categorie=\"navigation\" data-gtm-custom-action=\"crossclick\" data-gtm-custom-label=\"Contextuel\" data-gtm-event=\"customEventSPE\" data-fig-domain=\"LEFIGARO\">Andrius Kubilius<\/a>.<\/p>\n<p class=\"fig-paragraph\">Andrius Kubilius, ex-premier ministre lituanien, a \u00e9voqu\u00e9 la cr\u00e9ation d&rsquo;une \u00abforce militaire europ\u00e9enne permanente de 100.000 hommes\u00bb comme une option possible pour mieux prot\u00e9ger le continent.<\/p>\n<p>                                            <a class=\"fig-a11y-skip\" href=\"#fig-a11y-skip-main-inarticle\" data-module=\"a11y-skip\" data-context=\"was @visible\"><br \/>\n    Passer la publicit\u00e9<br \/>\n<\/a>            <\/p>\n<p>                                            Vis\u00e9es de Donald Trump sur le Groenland<\/p>\n<p class=\"fig-paragraph\">\u00abComment remplacerons-nous la force am\u00e9ricaine de 100.000 hommes, qui est la colonne vert\u00e9brale des forces arm\u00e9es en Europe\u00a0?\u00bb, a-t-il interrog\u00e9 lors d&rsquo;un discours en Su\u00e8de.<\/p>\n<p class=\"fig-paragraph\">Ces d\u00e9clarations interviennent alors que les propos insistants du pr\u00e9sident am\u00e9ricain Donald Trump sur son\u00a0<a href=\"http:\/\/www.lefigaro.fr\/international\/groenland-les-europeens-misent-sur-la-diplomatie-pour-eviter-la-confrontation-avec-donald-trump-20260111\" target=\"_blank\" data-fig-type=\"Article\" rel=\"noopener\" data-gtm-custom-categorie=\"navigation\" data-gtm-custom-action=\"crossclick\" data-gtm-custom-label=\"Contextuel\" data-gtm-event=\"customEventSPE\" data-fig-domain=\"LEFIGARO\">ambition d&rsquo;annexer le Groenland<\/a>\u00a0alimente les craintes des dirigeants de l&rsquo;Otan quant \u00e0 la fiabilit\u00e9 de l&rsquo;alliance avec Washington.<\/p>\n<p class=\"fig-paragraph\">Les inqui\u00e9tudes concernant la position de Donald Trump vis-\u00e0-vis de l&rsquo;Europe ont d\u00e9j\u00e0 incit\u00e9 des pays \u00e0 intensifier leurs efforts pour renforcer leurs arm\u00e9es face \u00e0 la menace russe.<\/p>\n<p>                                            Cr\u00e9er un \u00abconseil de s\u00e9curit\u00e9 europ\u00e9en\u00bb<\/p>\n<p class=\"fig-paragraph\">Si l&rsquo;id\u00e9e de cr\u00e9er une arm\u00e9e europ\u00e9enne n&rsquo;est pas nouvelle, elle n&rsquo;a pas r\u00e9ussi \u00e0 s&rsquo;imposer jusqu&rsquo;ici, les gouvernements \u00e9tant r\u00e9ticents \u00e0 l&rsquo;id\u00e9e de c\u00e9der le contr\u00f4le de leurs forces arm\u00e9es.<\/p>\n<p class=\"fig-paragraph\">Washington a incit\u00e9 ses alli\u00e9s europ\u00e9ens \u00e0 davantage assumer leur propre s\u00e9curit\u00e9, \u00e9voquant la possibilit\u00e9 de red\u00e9ployer ses troupes stationn\u00e9es en Europe pour se concentrer sur la Chine.<\/p>\n<p>                                            <a class=\"fig-a11y-skip\" href=\"#fig-a11y-skip-main-inarticle_mtf\" data-module=\"a11y-skip\" data-context=\"was @visible\"><br \/>\n    Passer la publicit\u00e9<br \/>\n<\/a>            <\/p>\n<p class=\"fig-paragraph\">\u00abDans un tel contexte, nous ne devons pas \u00e9luder les questions les plus urgentes concernant notre capacit\u00e9 institutionnelle de d\u00e9fense\u00bb, a d\u00e9clar\u00e9 Andrius Kubilius. Le commissaire europ\u00e9en \u00e0 la d\u00e9fense a \u00e9galement d\u00e9fendu l&rsquo;id\u00e9e de cr\u00e9er un \u00abconseil de s\u00e9curit\u00e9 europ\u00e9en\u00bb regroupant les grandes puissances du continent, dont potentiellement le Royaume-Uni, pour faciliter et acc\u00e9l\u00e9rer la prise de d\u00e9cision en Europe en mati\u00e8re de d\u00e9fense.<\/p>\n<p>                                            Tenter de modifier la dynamique du conflit en Ukraine<\/p>\n<p class=\"fig-paragraph\">\u00abLe Conseil de s\u00e9curit\u00e9 europ\u00e9en pourrait \u00eatre compos\u00e9 de membres permanents cl\u00e9s, et d&rsquo;autres membres tournants\u00bb, a-t-il indiqu\u00e9. \u00abIl y aurait 10 \u00e0 12 membres au total, qui auraient pour t\u00e2che de discuter des sujets essentiels en mati\u00e8re de d\u00e9fense\u00bb.<\/p>\n<p class=\"fig-paragraph\">La premi\u00e8re priorit\u00e9 de cet organe serait selon lui de tenter de modifier la dynamique du conflit en Ukraine afin d&rsquo;\u00e9viter une d\u00e9faite de Kiev.<\/p>\n<p class=\"fig-paragraph\">\u00abNous devons avoir une r\u00e9ponse claire\u00a0: comment l&rsquo;UE compte-t-elle infl\u00e9chir ce sc\u00e9nario\u00a0?\u00bb, a-t-il interrog\u00e9. \u00abC&rsquo;est la raison pour laquelle nous avons besoin d&rsquo;un Conseil de s\u00e9curit\u00e9 europ\u00e9en maintenant\u00bb.<\/p>\n","protected":false},"excerpt":{"rendered":"Andrius Kubilius, ex-premier ministre lituanien, a \u00e9voqu\u00e9 la cr\u00e9ation d\u2019une \u00abforce militaire europ\u00e9enne permanente de 100.000 hommes\u00bb comme&hellip;\n","protected":false},"author":2,"featured_media":656626,"comment_status":"","ping_status":"","sticky":false,"template":"","format":"standard","meta":{"footnotes":""},"categories":[1586],"tags":[11,1777,674,1779,1011,27,12,25,1778,364],"class_list":{"0":"post-656625","1":"post","2":"type-post","3":"status-publish","4":"format-standard","5":"has-post-thumbnail","7":"category-europe","8":"tag-actualites","9":"tag-eu","10":"tag-europe","11":"tag-european-union","12":"tag-fr","13":"tag-france","14":"tag-news","15":"tag-republique-francaise","16":"tag-ue","17":"tag-union-europeenne"},"share_on_mastodon":{"url":"https:\/\/pubeurope.com\/@fr\/115877774912619920","error":""},"_links":{"self":[{"href":"https:\/\/www.europesays.com\/fr\/wp-json\/wp\/v2\/posts\/656625","targetHints":{"allow":["GET"]}}],"collection":[{"href":"https:\/\/www.europesays.com\/fr\/wp-json\/wp\/v2\/posts"}],"about":[{"href":"https:\/\/www.europesays.com\/fr\/wp-json\/wp\/v2\/types\/post"}],"author":[{"embeddable":true,"href":"https:\/\/www.europesays.com\/fr\/wp-json\/wp\/v2\/users\/2"}],"replies":[{"embeddable":true,"href":"https:\/\/www.europesays.com\/fr\/wp-json\/wp\/v2\/comments?post=656625"}],"version-history":[{"count":0,"href":"https:\/\/www.europesays.com\/fr\/wp-json\/wp\/v2\/posts\/656625\/revisions"}],"wp:featuredmedia":[{"embeddable":true,"href":"https:\/\/www.europesays.com\/fr\/wp-json\/wp\/v2\/media\/656626"}],"wp:attachment":[{"href":"https:\/\/www.europesays.com\/fr\/wp-json\/wp\/v2\/media?parent=656625"}],"wp:term":[{"taxonomy":"category","embeddable":true,"href":"https:\/\/www.europesays.com\/fr\/wp-json\/wp\/v2\/categories?post=656625"},{"taxonomy":"post_tag","embeddable":true,"href":"https:\/\/www.europesays.com\/fr\/wp-json\/wp\/v2\/tags?post=656625"}],"curies":[{"name":"wp","href":"https:\/\/api.w.org\/{rel}","templated":true}]}}