{"id":656631,"date":"2026-01-11T18:03:13","date_gmt":"2026-01-11T18:03:13","guid":{"rendered":"https:\/\/www.europesays.com\/fr\/656631\/"},"modified":"2026-01-11T18:03:13","modified_gmt":"2026-01-11T18:03:13","slug":"coupe-de-france-le-rc-lens-annonce-rembourser-ses-supporters-qui-nont-pas-pu-se-rendre-a-sochaux","status":"publish","type":"post","link":"https:\/\/www.europesays.com\/fr\/656631\/","title":{"rendered":"Coupe de France\u00a0: le RC Lens annonce rembourser ses supporters qui n&rsquo;ont pas pu se rendre \u00e0 Sochaux"},"content":{"rendered":"<p>\u00c0 l&rsquo;issue du match des 16\u1d49\u02e2 de finale de Coupe de France de football ce dimanche 11 janvier, face \u00e0 Sochaux, le RC Lens annonce rembourser les frais de d\u00e9placement de ses supporters qui n&rsquo;ont pas pu assister au match. Initialement pr\u00e9vu samedi, il avait \u00e9t\u00e9 report\u00e9 en raison d&rsquo;intemp\u00e9ries. <\/p>\n<p>Les Sang et Or ont d\u00e9croch\u00e9 leur billet pour les 8\u1d49\u02e2 de finale de la Coupe de France de football ce dimanche 11 janvier apr\u00e8s-midi, face \u00e0 Sochaux au stade Bonal (0-3). Une rencontre initialement pr\u00e9vue samedi 10 janvier, <strong>reprogramm\u00e9e tardivement<\/strong> par la pr\u00e9fecture en raison de la neige et des restrictions de circulation, dans le d\u00e9partement du Doubs, o\u00f9 devait se tenir la rencontre.<\/p>\n<p>De nombreux supporters lensois ont donc d\u00fb rebrousser chemin hier. Le club indique ce dimanche vouloir <strong>d\u00e9dommager ces supporters<\/strong> qui n&rsquo;ont pas pu assister \u00e0 la rencontre. Pour cela, les sympathisants lensois sont invit\u00e9s \u00e0 se rapprocher des r\u00e9f\u00e9rents supporters du club et \u00e0 pr\u00e9senter les justificatifs n\u00e9cessaires, comme des billets de train, de bus, ou d&rsquo;autres moyens de transport.<\/p>\n<p>Lens va reverser une partie de sa recette au club de B\u00e9thune<\/p>\n<p>Ce dimanche, le RCL a \u00e9galement d\u00e9cid\u00e9 de <strong>faire un geste envers le Stade B\u00e9thunois<\/strong>, <strong>en reversant<\/strong>\u00a0<strong>une partie de la recette<\/strong>\u00a0de son match contre Sochaux, afin de rembourser la quote-part due \u00e0 B\u00e9thune, soit 6.000 euros.\u00a0En effet, le 20 d\u00e9cembre dernier, B\u00e9thune a affront\u00e9 Sochaux en 32\u1d49\u02e2 de finale de la Coupe de France (2-4). \u00c0 l&rsquo;issue de la rencontre, les Sochaliens sont repartis avec la moiti\u00e9 de la recette du match. Par solidarit\u00e9 avec le Stade B\u00e9thunois, <strong>le RC Lens avait pr\u00e9alablement convenu de verser cette argent \u00e0 son club voisin.<\/strong><\/p>\n<p>\u00c0 lire aussi   <img decoding=\"async\" src=\"https:\/\/www.europesays.com\/fr\/wp-content\/uploads\/2026\/01\/1768154593_169_400x400.jpeg\" alt=\"\" style=\"--_image-preview:url('data:image\/jpeg;base64,\/9j\/2wBDACgcHiMeGSgjISMtKygwPGRBPDc3PHtYXUlkkYCZlo+AjIqgtObDoKrarYqMyP\/L2u71\/\/\/\/m8H\/\/\/\/6\/+b9\/\/j\/2wBDASstLTw1PHZBQXb4pYyl+Pj4+Pj4+Pj4+Pj4+Pj4+Pj4+Pj4+Pj4+Pj4+Pj4+Pj4+Pj4+Pj4+Pj4+Pj4+Pj4+Pj\/wAARCAAXACoDASIAAhEBAxEB\/8QAFwABAQEBAAAAAAAAAAAAAAAAAAEDAv\/EABcQAQEBAQAAAAAAAAAAAAAAAAARARL\/xAAUAQEAAAAAAAAAAAAAAAAAAAAA\/8QAFBEBAAAAAAAAAAAAAAAAAAAAAP\/aAAwDAQACEQMRAD8A1qbqAOdcbjWJyDLlOW3JyDuEAFhABYQAf\/\/Z');\" loading=\"lazy\" fetchpriority=\"low\" aria-hidden=\"true\" class=\"svelte-1cksh76 rounded\" onload=\"this.__e=event\" onerror=\"this.__e=event\"\/><\/p>\n","protected":false},"excerpt":{"rendered":"\u00c0 l&rsquo;issue du match des 16\u1d49\u02e2 de finale de Coupe de France de football ce dimanche 11 janvier,&hellip;\n","protected":false},"author":2,"featured_media":656632,"comment_status":"","ping_status":"","sticky":false,"template":"","format":"standard","meta":{"footnotes":""},"categories":[4],"tags":[11,1011,27,12,25],"class_list":{"0":"post-656631","1":"post","2":"type-post","3":"status-publish","4":"format-standard","5":"has-post-thumbnail","7":"category-france","8":"tag-actualites","9":"tag-fr","10":"tag-france","11":"tag-news","12":"tag-republique-francaise"},"share_on_mastodon":{"url":"https:\/\/pubeurope.com\/@fr\/115877786621098893","error":""},"_links":{"self":[{"href":"https:\/\/www.europesays.com\/fr\/wp-json\/wp\/v2\/posts\/656631","targetHints":{"allow":["GET"]}}],"collection":[{"href":"https:\/\/www.europesays.com\/fr\/wp-json\/wp\/v2\/posts"}],"about":[{"href":"https:\/\/www.europesays.com\/fr\/wp-json\/wp\/v2\/types\/post"}],"author":[{"embeddable":true,"href":"https:\/\/www.europesays.com\/fr\/wp-json\/wp\/v2\/users\/2"}],"replies":[{"embeddable":true,"href":"https:\/\/www.europesays.com\/fr\/wp-json\/wp\/v2\/comments?post=656631"}],"version-history":[{"count":0,"href":"https:\/\/www.europesays.com\/fr\/wp-json\/wp\/v2\/posts\/656631\/revisions"}],"wp:featuredmedia":[{"embeddable":true,"href":"https:\/\/www.europesays.com\/fr\/wp-json\/wp\/v2\/media\/656632"}],"wp:attachment":[{"href":"https:\/\/www.europesays.com\/fr\/wp-json\/wp\/v2\/media?parent=656631"}],"wp:term":[{"taxonomy":"category","embeddable":true,"href":"https:\/\/www.europesays.com\/fr\/wp-json\/wp\/v2\/categories?post=656631"},{"taxonomy":"post_tag","embeddable":true,"href":"https:\/\/www.europesays.com\/fr\/wp-json\/wp\/v2\/tags?post=656631"}],"curies":[{"name":"wp","href":"https:\/\/api.w.org\/{rel}","templated":true}]}}