{"id":656633,"date":"2026-01-11T18:05:30","date_gmt":"2026-01-11T18:05:30","guid":{"rendered":"https:\/\/www.europesays.com\/fr\/656633\/"},"modified":"2026-01-11T18:05:30","modified_gmt":"2026-01-11T18:05:30","slug":"les-illacais-rois-des-money-time","status":"publish","type":"post","link":"https:\/\/www.europesays.com\/fr\/656633\/","title":{"rendered":"les Illacais rois des money-time"},"content":{"rendered":"<p>\u00ab\u00a0D\u00e9j\u00e0, il ne faut rien enlever \u00e0 cette \u00e9quipe de Royan qui s\u2019appuie sur de tr\u00e8s bons joueurs car on voit que les trois sets sont tr\u00e8s serr\u00e9s, assure Romain Sellier, le coach illacais. L\u2019encha\u00eenement de victoires am\u00e8ne de la confiance et permet de mieux jouer les fins de set avec une grande lucidit\u00e9. C\u2019est cette stabilit\u00e9 \u00e9motionnelle de ne pas surjouer les fins de set, de faire confiance \u00e0 nos syst\u00e8mes qui paient. Quand on gagne, \u00e7a aide les joueurs qui s\u2019appuient sur \u00e7a. On n\u2019est pas dans l\u2019inconnu quand on arrive aux moments d\u00e9cisifs. On sait ce qu\u2019on doit faire\u00a0\u00bb.<\/p>\n<p>Pas de panique<\/p>\n<p>M\u00eame dans un 3e set mal embarqu\u00e9 0-4 puis 5-11. Affirmer que l\u2019AS Illac allait s\u2019en relever, il fallait savoir lire dans le marc de caf\u00e9. \u00ab\u00a0M\u00eame men\u00e9 de six points, je n\u2019ai pas senti les joueurs \u00e9nerv\u00e9s et paniqu\u00e9s. Preuve qu\u2019ils se font de plus en plus confiance et appliquent les syst\u00e8mes \u00e0 la lettre alors c\u2019est super valorisant pour l\u2019ensemble du staff et des joueurs. C\u2019est ce c\u00f4t\u00e9 s\u00fbr de nos forces. Mais attention, l\u2019\u00e9quilibre est toujours fragile car une d\u00e9faite peut aussi tout remettre en question. Donc, il faut toujours rester tr\u00e8s humble\u00a0\u00bb.<\/p>\n<p>Ce succ\u00e8s permet \u00e0 la formation girondine de s\u2019installer \u00e0 la 4e place apr\u00e8s ses victoires d\u2019affil\u00e9e contre des gros bras de la division. M\u00eame si le classement n\u2019est pas la priorit\u00e9 de Romain Sellier\u00a0: \u00ab\u00a0En d\u00e9but de saison, j\u2019ai dit aux joueurs qu\u2019il n\u2019y avait pas vraiment de pression sur les r\u00e9sultats cette ann\u00e9e, on essaie de se mettre une pression sur le contenu, sur ce qu\u2019on propose. Si \u00e0 chaque fois, on progresse, on sera content. On verra si on se met un objectif de r\u00e9sultats un peu plus costaud au fil du temps. Mais ce championnat est tr\u00e8s long et il est important sur ces 20 premi\u00e8res journ\u00e9es de construire une identit\u00e9 de jeu\u00a0\u00bb. \u00c7a y ressemble.<\/p>\n","protected":false},"excerpt":{"rendered":"\u00ab\u00a0D\u00e9j\u00e0, il ne faut rien enlever \u00e0 cette \u00e9quipe de Royan qui s\u2019appuie sur de tr\u00e8s bons joueurs&hellip;\n","protected":false},"author":2,"featured_media":656634,"comment_status":"","ping_status":"","sticky":false,"template":"","format":"standard","meta":{"footnotes":""},"categories":[1417],"tags":[1011,27,60,1470,1469],"class_list":{"0":"post-656633","1":"post","2":"type-post","3":"status-publish","4":"format-standard","5":"has-post-thumbnail","7":"category-volley","8":"tag-fr","9":"tag-france","10":"tag-sports","11":"tag-volley","12":"tag-volleyball"},"share_on_mastodon":{"url":"https:\/\/pubeurope.com\/@fr\/115877794543655772","error":""},"_links":{"self":[{"href":"https:\/\/www.europesays.com\/fr\/wp-json\/wp\/v2\/posts\/656633","targetHints":{"allow":["GET"]}}],"collection":[{"href":"https:\/\/www.europesays.com\/fr\/wp-json\/wp\/v2\/posts"}],"about":[{"href":"https:\/\/www.europesays.com\/fr\/wp-json\/wp\/v2\/types\/post"}],"author":[{"embeddable":true,"href":"https:\/\/www.europesays.com\/fr\/wp-json\/wp\/v2\/users\/2"}],"replies":[{"embeddable":true,"href":"https:\/\/www.europesays.com\/fr\/wp-json\/wp\/v2\/comments?post=656633"}],"version-history":[{"count":0,"href":"https:\/\/www.europesays.com\/fr\/wp-json\/wp\/v2\/posts\/656633\/revisions"}],"wp:featuredmedia":[{"embeddable":true,"href":"https:\/\/www.europesays.com\/fr\/wp-json\/wp\/v2\/media\/656634"}],"wp:attachment":[{"href":"https:\/\/www.europesays.com\/fr\/wp-json\/wp\/v2\/media?parent=656633"}],"wp:term":[{"taxonomy":"category","embeddable":true,"href":"https:\/\/www.europesays.com\/fr\/wp-json\/wp\/v2\/categories?post=656633"},{"taxonomy":"post_tag","embeddable":true,"href":"https:\/\/www.europesays.com\/fr\/wp-json\/wp\/v2\/tags?post=656633"}],"curies":[{"name":"wp","href":"https:\/\/api.w.org\/{rel}","templated":true}]}}