{"id":656637,"date":"2026-01-11T18:07:17","date_gmt":"2026-01-11T18:07:17","guid":{"rendered":"https:\/\/www.europesays.com\/fr\/656637\/"},"modified":"2026-01-11T18:07:17","modified_gmt":"2026-01-11T18:07:17","slug":"24-francais-dans-le-tableau-des-qualifications","status":"publish","type":"post","link":"https:\/\/www.europesays.com\/fr\/656637\/","title":{"rendered":"24 Fran\u00e7ais dans le tableau des qualifications"},"content":{"rendered":"<p><strong>Douze Fran\u00e7ais et douze<br \/>\nFran\u00e7aises d\u00e9butent ce lundi les qualifications de l&rsquo;Open<br \/>\nd&rsquo;Australie, avec l&rsquo;espoir de remporter trois matchs et ainsi<br \/>\nint\u00e9grer le tableau principal.<\/strong><\/p>\n<p><strong>OPEN D\u2019AUSTRALIE \/<br \/>\nQUALIFICATIONS<\/strong><br \/><strong>1er tour<\/strong><\/p>\n<p><strong>Hommes<\/strong><br \/>Zdenek Kolar (RTC) \u2013 Arthur G\u00e9a<br \/>\n(FRA)<br \/>Pierre-Hugues Herbert (FRA) \u2013<br \/>\nGuy Den Ouden (PBS)<br \/>Tomas Barrios Vera (CHI, n\u00b04) \u2013 Sascha<br \/>\nGueymard Wayenburg (FRA)<br \/>Giulio Zeppieri (ITA) \u2013 Dan Added<br \/>\n(FRA)<br \/>Luka Pavlovic (FRA) \u2013 Colton<br \/>\nSmith (AUS, n\u00b032)<br \/>Daniel Galan (COL) \u2013 Hugo Grenier<br \/>\n(FRA)<br \/>Jason Kubler (AUS) \u2013 Harold Mayot<br \/>\n(FRA)<br \/>Coleman Wong (HGK) \u2013 Ugo Blanchet<br \/>\n(FRA, n\u00b031)<br \/>Daniil Glinka (EST) \u2013 Cl\u00e9ment Tabur<br \/>\n(FRA)<br \/>Luka Van Assche (FRA) \u2013 Moez<br \/>\nEchargui (TUN, n\u00b022)<br \/>Roberto Carballes Baena (ESP, n\u00b016) \u2013 Arthur Bouquier (FRA)<br \/>Titouan Droguet (FRA) \u2013 Nicolas<br \/>\nJarry (CHI, n\u00b021)<\/p>\n<p><strong>Femmes<\/strong><br \/>Chlo\u00e9 Paquet (FRA) \u2013<br \/>\nKristina Mladenovic (FRA)<br \/>Tamara Zidansek (SLO) \u2013 Jessika<br \/>\nPonchet (FRA)<br \/>Yuliia Starodubtseva (UKR, n\u00b06) \u2013 Alice Tubello (FRA)<br \/>Manon L\u00e9onard (FRA) \u2013 Himeno<br \/>\nSkatsume (JAP)<br \/>Aliaksandra Sasnovich (BIE, n\u00b08) \u2013 Ksenia Efremova (FRA, WC)<br \/>Alice Rame (FRA) \u2013 Jazmin<br \/>\nOrtenzi (ARG)<br \/>Jessica Pieri (ITA) \u2013 Harmony Tan<br \/>\n(FRA)<br \/>Diane Parry (FRA, n\u00b013) \u2013 Elena<br \/>\nPridankina (RUS)<br \/>Carole Monnet (FRA) \u2013 Elena<br \/>\nMicic (AUS, WC)<br \/>Fiona Ferro (FRA) \u2013 Yeonwoo Ku<br \/>\n(CdS)<br \/>Nikola Bartunkova (RTC, n\u00b016) \u2013 Selena<br \/>\nJanicijevic (FRA)<\/p>\n","protected":false},"excerpt":{"rendered":"Douze Fran\u00e7ais et douze Fran\u00e7aises d\u00e9butent ce lundi les qualifications de l&rsquo;Open d&rsquo;Australie, avec l&rsquo;espoir de remporter trois&hellip;\n","protected":false},"author":2,"featured_media":656638,"comment_status":"","ping_status":"","sticky":false,"template":"","format":"standard","meta":{"footnotes":""},"categories":[1415],"tags":[1011,27,4175,8524,57681,60,1467],"class_list":{"0":"post-656637","1":"post","2":"type-post","3":"status-publish","4":"format-standard","5":"has-post-thumbnail","7":"category-tennis","8":"tag-fr","9":"tag-france","10":"tag-open-daustralie","11":"tag-qualifications","12":"tag-sport365-fr","13":"tag-sports","14":"tag-tennis"},"share_on_mastodon":{"url":"https:\/\/pubeurope.com\/@fr\/115877802327042274","error":""},"_links":{"self":[{"href":"https:\/\/www.europesays.com\/fr\/wp-json\/wp\/v2\/posts\/656637","targetHints":{"allow":["GET"]}}],"collection":[{"href":"https:\/\/www.europesays.com\/fr\/wp-json\/wp\/v2\/posts"}],"about":[{"href":"https:\/\/www.europesays.com\/fr\/wp-json\/wp\/v2\/types\/post"}],"author":[{"embeddable":true,"href":"https:\/\/www.europesays.com\/fr\/wp-json\/wp\/v2\/users\/2"}],"replies":[{"embeddable":true,"href":"https:\/\/www.europesays.com\/fr\/wp-json\/wp\/v2\/comments?post=656637"}],"version-history":[{"count":0,"href":"https:\/\/www.europesays.com\/fr\/wp-json\/wp\/v2\/posts\/656637\/revisions"}],"wp:featuredmedia":[{"embeddable":true,"href":"https:\/\/www.europesays.com\/fr\/wp-json\/wp\/v2\/media\/656638"}],"wp:attachment":[{"href":"https:\/\/www.europesays.com\/fr\/wp-json\/wp\/v2\/media?parent=656637"}],"wp:term":[{"taxonomy":"category","embeddable":true,"href":"https:\/\/www.europesays.com\/fr\/wp-json\/wp\/v2\/categories?post=656637"},{"taxonomy":"post_tag","embeddable":true,"href":"https:\/\/www.europesays.com\/fr\/wp-json\/wp\/v2\/tags?post=656637"}],"curies":[{"name":"wp","href":"https:\/\/api.w.org\/{rel}","templated":true}]}}