{"id":656651,"date":"2026-01-11T18:18:23","date_gmt":"2026-01-11T18:18:23","guid":{"rendered":"https:\/\/www.europesays.com\/fr\/656651\/"},"modified":"2026-01-11T18:18:23","modified_gmt":"2026-01-11T18:18:23","slug":"sept-ans-apres-lascension-de-skywalker-les-sith-sur-le-point-de-revenir-dans-star-wars","status":"publish","type":"post","link":"https:\/\/www.europesays.com\/fr\/656651\/","title":{"rendered":"Sept ans apr\u00e8s \u00ab\u00a0L\u2019Ascension de Skywalker\u00a0\u00bb, les Sith sur le point de revenir dans Star Wars ?"},"content":{"rendered":"<p class=\"chapo\">Sept ans apr\u00e8s la sortie de \u00ab L\u2019Ascension de Skywalker \u00bb, l\u2019univers Star Wars semble pr\u00eat \u00e0 r\u00e9int\u00e9grer les Sith dans ses intrigues. Des indices r\u00e9cents suscitent interrogations et sp\u00e9culations chez les fans sur un possible retour des seigneurs obscurs.<\/p>\n<p>Tl;dr<\/p>\n<ul>\n<li>Nouveau film Star Wars pr\u00e9vu pour 2027 avec duel au sabre.<\/li>\n<li>Possibles retours des Sith ou \u00e9mergence de \u00ab\u00a0dark Jedi\u00a0\u00bb.<\/li>\n<li>R\u00e9flexion sur l\u2019h\u00e9ritage Jedi et l\u2019iconographie de la saga.<\/li>\n<\/ul>\n<p>Un anniversaire galactique sous le signe du sabre laser<\/p>\n<p>En 2027, la franchise <strong>Star Wars<\/strong> f\u00eatera un demi-si\u00e8cle d\u2019aventures spatiales. Pour c\u00e9l\u00e9brer cet \u00e9v\u00e9nement, Lucasfilm mise gros avec <a href=\"https:\/\/www.begeek.fr\/shawn-levy-reinvente-star-wars-avec-un-univers-sans-anciens-heros-424578\" target=\"_blank\" rel=\"noopener\"><strong>Star Wars: Starfighter<\/strong><\/a>, un nouveau film r\u00e9alis\u00e9 par Shawn Levy. Le casting promet une distribution \u00e9clatante, o\u00f9 Ryan Gosling se retrouve \u00e0 prot\u00e9ger une adolescente sensible \u00e0 la Force (Flynn Gray) et sa m\u00e8re (Amy Adams) contre de myst\u00e9rieuses forces men\u00e9es par Matt Smith et Mia Goth. Peu d\u2019informations concr\u00e8tes ont filtr\u00e9 sur l\u2019intrigue, mais un d\u00e9tail a d\u00e9j\u00e0 mis la communaut\u00e9 en \u00e9bullition : un duel au sabre laser, dont une partie aurait m\u00eame \u00e9t\u00e9 tourn\u00e9e par Tom Cruise, venu en visite sur le plateau.<\/p>\n<p>L\u2019h\u00e9ritage complexe des Sith et des Jedi<\/p>\n<p>Ce duel n\u2019est pas anodin. Install\u00e9 cinq ans apr\u00e8s les \u00e9v\u00e9nements de Rise of Skywalker, le r\u00e9cit pourrait bien raviver une tension embl\u00e9matique entre <strong>Jedi<\/strong> et potentiels adversaires obscurs. Si la tradition accorde les sabres lasers aux Jedi et aux Sith, la r\u00e9cente s\u00e9rie Disney+ a introduit des nuances avec les personnages de Baylan Skoll ou Shin Hati, arm\u00e9s de lames orange pour marquer leur diff\u00e9rence avec les Sith traditionnels. La question plane donc : ce nouvel affrontement signale-t-il le retour des l\u00e9gendaires <strong>Sith<\/strong>, ou marque-t-il l\u2019\u00e9mergence d\u2019une nouvelle g\u00e9n\u00e9ration de \u00ab\u00a0<strong>dark Jedi<\/strong>\u00a0\u00bb ?<\/p>\n<p>Sith ou dark Jedi\u00a0: quelle menace pour Rey et l\u2019ordre nouveau\u00a0?<\/p>\n<p>Si les antagonistes manient, eux aussi, le sabre, plusieurs sc\u00e9narios se dessinent. Il peut s\u2019agir :<\/p>\n<ul>\n<li>D\u2019anciens Jedi tomb\u00e9s du c\u00f4t\u00e9 obscur (\u00ab dark Jedi \u00bb)<\/li>\n<li>D\u2019un renouveau du culte Sith hors lign\u00e9e Darth Bane<\/li>\n<li>D\u2019opportunistes guid\u00e9s par des artefacts comme les anciens Holocrons Sith<\/li>\n<\/ul>\n<p>La notion m\u00eame de \u00ab\u00a0dark Jedi\u00a0\u00bb interroge dans cette p\u00e9riode o\u00f9 Rey n\u2019a eu que peu de temps pour former ses disciples, rendant improbable l\u2019apparition soudaine de tra\u00eetres majeurs. Quant aux Sith, leur retour bouleverserait les \u00e9quilibres esquiss\u00e9s depuis la proph\u00e9tie du \u00ab\u00a0Choisi\u00a0\u00bb, mais il reste possible que le sc\u00e9nario s\u2019oriente vers une version \u00ab pr\u00e9-Bane \u00bb du culte.<\/p>\n<p>Nouveaux horizons pour la mythologie Star Wars ?<\/p>\n<p>Reste \u00e0 savoir qui croisera le fer lors de cette sc\u00e8ne-cl\u00e9 \u2014 le myst\u00e8re demeure autour des r\u00f4les de Matt Smith, Mia Goth, voire d\u2019autres figures non r\u00e9v\u00e9l\u00e9es. La rumeur pr\u00eate \u00e0 Mia Goth un potentiel saisissant pour incarner une antagoniste fa\u00e7on <a href=\"https:\/\/www.begeek.fr\/la-serie-sur-dark-maul-pourrait-enfin-lever-le-voile-sur-un-mystere-majeur-de-star-wars-416261\" target=\"_blank\" rel=\"noopener\">Darth Maul<\/a>. Cette orientation offrirait \u00e0 la nouvelle trilogie l\u2019occasion de renouveler sa mythologie en opposant un ordre Jedi renaissant \u00e0 une r\u00e9surgence sombre, sans jamais ternir l\u2019aura unique des figures historiques telles que Palpatine ou Vador. Bref, alors que chaque information distill\u00e9e attise les sp\u00e9culations, un vent d\u2019excitation souffle d\u00e9j\u00e0 sur cette future page galactique.<\/p>\n","protected":false},"excerpt":{"rendered":"Sept ans apr\u00e8s la sortie de \u00ab L\u2019Ascension de Skywalker \u00bb, l\u2019univers Star Wars semble pr\u00eat \u00e0 r\u00e9int\u00e9grer&hellip;\n","protected":false},"author":2,"featured_media":656652,"comment_status":"","ping_status":"","sticky":false,"template":"","format":"standard","meta":{"footnotes":""},"categories":[1354],"tags":[58,59,1346,1011,27,1360],"class_list":{"0":"post-656651","1":"post","2":"type-post","3":"status-publish","4":"format-standard","5":"has-post-thumbnail","7":"category-films","8":"tag-divertissement","9":"tag-entertainment","10":"tag-films","11":"tag-fr","12":"tag-france","13":"tag-movies"},"share_on_mastodon":{"url":"https:\/\/pubeurope.com\/@fr\/115877845693133744","error":""},"_links":{"self":[{"href":"https:\/\/www.europesays.com\/fr\/wp-json\/wp\/v2\/posts\/656651","targetHints":{"allow":["GET"]}}],"collection":[{"href":"https:\/\/www.europesays.com\/fr\/wp-json\/wp\/v2\/posts"}],"about":[{"href":"https:\/\/www.europesays.com\/fr\/wp-json\/wp\/v2\/types\/post"}],"author":[{"embeddable":true,"href":"https:\/\/www.europesays.com\/fr\/wp-json\/wp\/v2\/users\/2"}],"replies":[{"embeddable":true,"href":"https:\/\/www.europesays.com\/fr\/wp-json\/wp\/v2\/comments?post=656651"}],"version-history":[{"count":0,"href":"https:\/\/www.europesays.com\/fr\/wp-json\/wp\/v2\/posts\/656651\/revisions"}],"wp:featuredmedia":[{"embeddable":true,"href":"https:\/\/www.europesays.com\/fr\/wp-json\/wp\/v2\/media\/656652"}],"wp:attachment":[{"href":"https:\/\/www.europesays.com\/fr\/wp-json\/wp\/v2\/media?parent=656651"}],"wp:term":[{"taxonomy":"category","embeddable":true,"href":"https:\/\/www.europesays.com\/fr\/wp-json\/wp\/v2\/categories?post=656651"},{"taxonomy":"post_tag","embeddable":true,"href":"https:\/\/www.europesays.com\/fr\/wp-json\/wp\/v2\/tags?post=656651"}],"curies":[{"name":"wp","href":"https:\/\/api.w.org\/{rel}","templated":true}]}}