{"id":656660,"date":"2026-01-11T18:23:35","date_gmt":"2026-01-11T18:23:35","guid":{"rendered":"https:\/\/www.europesays.com\/fr\/656660\/"},"modified":"2026-01-11T18:23:35","modified_gmt":"2026-01-11T18:23:35","slug":"voici-la-pire-capsule-de-cafe-selon-60-millions-de-consommateurs","status":"publish","type":"post","link":"https:\/\/www.europesays.com\/fr\/656660\/","title":{"rendered":"voici la pire capsule de caf\u00e9 selon 60 Millions de consommateurs"},"content":{"rendered":"<p>Capsules de caf\u00e9 en supermarch\u00e9 : l\u2019enqu\u00eate de 60 Millions de<br \/>\nconsommateurs<\/p>\n<p>Dans bien des cuisines, le r\u00e9veil commence par une dose<br \/>\nexpresso. Sauf que toutes les <strong>capsules de caf\u00e9<\/strong><br \/>\nvendues en <strong>supermarch\u00e9<\/strong> ne se valent pas. Le<br \/>\nmagazine <strong>60 Millions de consommateurs<\/strong> a pass\u00e9 au<br \/>\ncrible 18 r\u00e9f\u00e9rences de capsules disponibles en grande surface, en<br \/>\nrecherchant des substances ind\u00e9sirables comme les pesticides, les<br \/>\nhydrocarbures aromatiques polycycliques (HAP) et l\u2019acrylamide, un<br \/>\ncompos\u00e9 form\u00e9 lors de la torr\u00e9faction. Le verdict bouscule quelques<br \/>\n\u00e9vidences.<\/p>\n<p>Le classement distingue sans ambigu\u00eft\u00e9 les bonnes \u00e9l\u00e8ves et<br \/>\ncelles \u00e0 laisser au rayon. Une r\u00e9f\u00e9rence tr\u00e8s populaire ferme la<br \/>\nmarche, quand une autre, bien plus abordable, caracole en t\u00eate avec<br \/>\nune excellente note. La surprise est de taille.<\/p>\n<p>Carte Noire : la capsule bio qui termine derni\u00e8re<\/p>\n<p>Selon l\u2019enqu\u00eate, la <strong>Carte Noire Espresso Bio 100 %<br \/>\narabica<\/strong> obtient la note de <strong>10,5\/20<\/strong> et se<br \/>\nclasse derni\u00e8re des capsules test\u00e9es. En cause, une concentration<br \/>\njug\u00e9e trop \u00e9lev\u00e9e en <strong>HAP<\/strong>, des compos\u00e9s issus<br \/>\nnotamment du charbon ou du p\u00e9trole, dont certains sont class\u00e9s<br \/>\ncomme potentiellement canc\u00e9rog\u00e8nes. Le produit pr\u00e9senterait aussi<br \/>\ndavantage de r\u00e9sidus ind\u00e9sirables que la majorit\u00e9 des capsules<br \/>\n\u00e9valu\u00e9es. Un r\u00e9sultat qui interpelle, d\u2019autant que l\u2019\u00e9tiquette bio<br \/>\ninspire habituellement confiance.<\/p>\n<p>Pourquoi un caf\u00e9 certifi\u00e9 bio peut-il se retrouver si bas ?<br \/>\nL\u2019enqu\u00eate rappelle que le label bio concerne d\u2019abord l\u2019usage de<br \/>\npesticides sur la plante. Or, les HAP et<br \/>\nl\u2019<strong>acrylamide<\/strong> naissent surtout lors des proc\u00e9d\u00e9s<br \/>\nthermiques, en particulier \u00e0 la torr\u00e9faction. Autrement dit, un<br \/>\ncaf\u00e9 peut \u00eatre bio et malgr\u00e9 tout afficher des teneurs plus \u00e9lev\u00e9es<br \/>\nen ces compos\u00e9s li\u00e9s au mode de transformation. Voil\u00e0 le vrai<br \/>\nparadoxe.<\/p>\n<p>Auchan Bio, la meilleure alternative du rayon<\/p>\n<p>\u00c0 l\u2019inverse, les capsules <strong>Auchan Bio<\/strong><br \/>\ns\u2019installent au sommet du classement avec une note de<br \/>\n<strong>18\/20<\/strong>. Le magazine salue un bilan sanitaire<br \/>\nirr\u00e9prochable, avec un score au vert sur tous les indicateurs.<br \/>\nAucun r\u00e9sidu de pesticides d\u00e9tect\u00e9, ni trace significative<br \/>\nd\u2019acrylamide ou de HAP. Une r\u00e9f\u00e9rence de grande distribution qui<br \/>\ntire son \u00e9pingle du jeu, sans argument marketing tapageur.<\/p>\n<p>L\u2019autre bonne nouvelle, c\u2019est le ticket d\u2019entr\u00e9e. Selon l\u2019\u00e9tude<br \/>\nreprise par la presse conso, on trouve ces capsules autour de<br \/>\n<strong>2,85 \u20ac<\/strong> la bo\u00eete de 10, un prix qui rend<br \/>\nl\u2019alternative tr\u00e8s accessible. Pour celles et ceux qui veulent<br \/>\npasser \u00e0 une option mieux not\u00e9e sans exploser le budget, la<br \/>\ntransition est simple \u00e0 organiser d\u00e8s la prochaine vir\u00e9e<br \/>\ncourses.<\/p>\n<p>Que faire si vous avez d\u00e9j\u00e0 ces<br \/>\ncapsules \u00e0 la maison ?<\/p>\n<p>L\u2019int\u00e9r\u00eat du classement tient \u00e0 la hi\u00e9rarchie des risques<br \/>\nrelatifs observ\u00e9s sur les produits du quotidien. Si votre routine<br \/>\ninclut la r\u00e9f\u00e9rence point\u00e9e en queue de classement, le plus<br \/>\npragmatique reste de r\u00e9orienter vos achats \u00e0 venir vers des bo\u00eetes<br \/>\nmieux not\u00e9es, puis d\u2019\u00e9couler calmement votre stock. Changer de<br \/>\nmarque suffit \u00e0 r\u00e9duire l\u2019exposition r\u00e9p\u00e9t\u00e9e aux m\u00eames r\u00e9sidus.<\/p>\n<p>Au moment de choisir, ne vous fiez pas uniquement au logo bio.<br \/>\nFondez votre d\u00e9cision sur des tests ind\u00e9pendants publi\u00e9s par<br \/>\n<strong>60 Millions de consommateurs<\/strong> et v\u00e9rifiez que les<br \/>\nniveaux d\u2019<strong>HAP<\/strong> et d\u2019<strong>acrylamide<\/strong><br \/>\nsignal\u00e9s sont bas. En rayon, privil\u00e9giez les capsules dont le bilan<br \/>\nsanitaire est au vert, comme <strong>Auchan Bio<\/strong>, et gardez<br \/>\nun \u0153il sur le rapport qualit\u00e9-prix. Dernier r\u00e9flexe utile :<br \/>\nconsulter les comparatifs \u00e0 jour avant de remplir le panier.<\/p>\n","protected":false},"excerpt":{"rendered":"Capsules de caf\u00e9 en supermarch\u00e9 : l\u2019enqu\u00eate de 60 Millions de consommateurs Dans bien des cuisines, le r\u00e9veil&hellip;\n","protected":false},"author":2,"featured_media":656661,"comment_status":"","ping_status":"","sticky":false,"template":"","format":"standard","meta":{"footnotes":""},"categories":[6],"tags":[4934,35,4586,75916,75917,6409,1805,154,33,34,1011,27,4743,4657,13729,75915,75914,15298,6013],"class_list":{"0":"post-656660","1":"post","2":"type-post","3":"status-publish","4":"format-standard","5":"has-post-thumbnail","7":"category-economie","8":"tag-4934","9":"tag-business","10":"tag-cafe","11":"tag-cancerigenes","12":"tag-capsule","13":"tag-consommateurs","14":"tag-de","15":"tag-des","16":"tag-economie","17":"tag-economy","18":"tag-fr","19":"tag-france","20":"tag-la","21":"tag-millions","22":"tag-pire","23":"tag-potentiellement","24":"tag-residus","25":"tag-selon","26":"tag-voici"},"share_on_mastodon":{"url":"https:\/\/pubeurope.com\/@fr\/115877865321980380","error":""},"_links":{"self":[{"href":"https:\/\/www.europesays.com\/fr\/wp-json\/wp\/v2\/posts\/656660","targetHints":{"allow":["GET"]}}],"collection":[{"href":"https:\/\/www.europesays.com\/fr\/wp-json\/wp\/v2\/posts"}],"about":[{"href":"https:\/\/www.europesays.com\/fr\/wp-json\/wp\/v2\/types\/post"}],"author":[{"embeddable":true,"href":"https:\/\/www.europesays.com\/fr\/wp-json\/wp\/v2\/users\/2"}],"replies":[{"embeddable":true,"href":"https:\/\/www.europesays.com\/fr\/wp-json\/wp\/v2\/comments?post=656660"}],"version-history":[{"count":0,"href":"https:\/\/www.europesays.com\/fr\/wp-json\/wp\/v2\/posts\/656660\/revisions"}],"wp:featuredmedia":[{"embeddable":true,"href":"https:\/\/www.europesays.com\/fr\/wp-json\/wp\/v2\/media\/656661"}],"wp:attachment":[{"href":"https:\/\/www.europesays.com\/fr\/wp-json\/wp\/v2\/media?parent=656660"}],"wp:term":[{"taxonomy":"category","embeddable":true,"href":"https:\/\/www.europesays.com\/fr\/wp-json\/wp\/v2\/categories?post=656660"},{"taxonomy":"post_tag","embeddable":true,"href":"https:\/\/www.europesays.com\/fr\/wp-json\/wp\/v2\/tags?post=656660"}],"curies":[{"name":"wp","href":"https:\/\/api.w.org\/{rel}","templated":true}]}}