{"id":656662,"date":"2026-01-11T18:24:15","date_gmt":"2026-01-11T18:24:15","guid":{"rendered":"https:\/\/www.europesays.com\/fr\/656662\/"},"modified":"2026-01-11T18:24:15","modified_gmt":"2026-01-11T18:24:15","slug":"la-turquie-cherche-a-rejoindre-le-pacte-de-defense-signe-entre-larabie-saoudite-et-le-pakistan-le-monde-fr","status":"publish","type":"post","link":"https:\/\/www.europesays.com\/fr\/656662\/","title":{"rendered":"La Turquie cherche \u00e0 rejoindre le pacte de d\u00e9fense sign\u00e9 entre l\u2019Arabie saoudite et le Pakistan &#8211; Le Monde.fr"},"content":{"rendered":"<ol>\n<li><a href=\"https:\/\/news.google.com\/rss\/articles\/CBMi_gFBVV95cUxNbzRCY1hFQmVKX2o1LUlIVngxM3otbVZmNXdNVGdOYS0zNGM3a3BfbXhDTzdZSWt6aXJ6MDJxaHBodjdjM2wyTnFJTXRMcWEtMzNQU3ZnWTZzanl2LTBYYWhIRGhyLVl0dXZwcXY4S0VoU3R5bm9BYlJoREdhRnd5RDZ5akNwOFMwc1Iwb3B1Qlg4YWdwN1ppVnVhMGdPbVlOcmJOVUctYzZCcFpGd0J1STliekZwZFUzQXo1WnVmTHNGOThRZXgwcENrSG1LN3J5T0VDaDVTaUV6djFWUnp3MnI4YWY0dEkxWjlka0NSNm5OaTB6M21BNmJMQ2xoZw?oc=5\" target=\"_blank\" rel=\"noopener\">La Turquie cherche \u00e0 rejoindre le pacte de d\u00e9fense sign\u00e9 entre l\u2019Arabie saoudite et le Pakistan<\/a>&nbsp;&nbsp;Le Monde.fr<\/li>\n<li><a href=\"https:\/\/news.google.com\/rss\/articles\/CBMirwFBVV95cUxQZXN3RmdSUFhRb3BtQ09mZDM3WVowNHRRV1l5RmpkZEVVc0FodTdGb3BzS09DTHpRQkFZdDhNS3FJMjNUNUxaelpSbk1Va1ctcmJSWmZyMWZySXZaWDdYNGRvRnJ4VF9ubnFKLTdobG5xWkh0bEI3Q0FLM0ZLSHV3WmFPLVZFNUgweVZQTXRzMjVEUEEtR0tYMFdjTXkwcjJnclc4aHYwRlI1RGprZVBV?oc=5\" target=\"_blank\" rel=\"noopener\">L\u2019Arabie saoudite change de cap au Moyen-Orient, inqui\u00e9tudes \u00e0 J\u00e9rusalem<\/a>&nbsp;&nbsp;IsraJ<\/li>\n<li><a href=\"https:\/\/news.google.com\/rss\/articles\/CBMivAFBVV95cUxNeG1QVVREdjViYmJ6RDlSWGhLMXhENm5DMVJuQUNfbmNyM04tN0RIZk1XdjBLd3Y1aVdmWllUR1dVcnhxMmFTcGFTcTZkaVhQUk8xTG1pOXVNV1JVakRIR21FREJKaURzVUdoQVdsNTNycE40RFZHN0UzUnMzUWh5RTF6RTlQUWN6dmdISHJtMVpnZ0FtZW5SQ0F1aE9XbTBuOThtdWFqQmVSVTRnaEVTZGZOS2lESW01LTJvdg?oc=5\" target=\"_blank\" rel=\"noopener\">La Turquie sur le point de rejoindre le pacte de d\u00e9fense entre l&rsquo;Arabie saoudite et le Pakistan<\/a>&nbsp;&nbsp;Business AM<\/li>\n<li><a href=\"https:\/\/news.google.com\/rss\/articles\/CBMiVkFVX3lxTE9ySzVzZ0VmWTJpdGxoN3R4N3MxQUE4VkNxSWlIdS1IWExha0NXZS1vNG9ya0JJb1ZzVTNmWFQ2d3huQ3VrdlRKM1pZY181bHU2Z19BVlFn?oc=5\" target=\"_blank\" rel=\"noopener\">Bloomberg : La Turquie cherche \u00e0 rejoindre l&rsquo;accord de d\u00e9fense commun entre l&rsquo;Arabie Saoudite et le Pakistan<\/a>&nbsp;&nbsp;\u0648\u0643\u0627\u0644\u0629 \u0635\u062f\u0649 \u0646\u064a\u0648\u0632<\/li>\n<li><a href=\"https:\/\/news.google.com\/rss\/articles\/CBMijAJBVV95cUxOSndCNUNtVnpoWFJlcXNKbHQ2eXllOF9NUlJwRXAzX054VFBMMDFiaWEtbE42ZmFlVklXY190aDE1cU1HWHd2TnZ3aW9fOFA5OFJXNFBFSXVIblJ2RFk0WlI1V1RYWE5TTHhMbThaWDl0S205RzlUQjRJc0E0Y1pRcThHUmo4b0RyR1NZTUx1bEZVRENXcFVoX28wVnlaLVI5SW1mbDAtd2ltNGRTVlF1a3oyUkgybXFsemd2UGltakl3RVdBeXFoQ1k2N2lpVlJ5SVRIY0ItOXl1dTA4cWlnRm1KZWxObHdQN3VkWUpaeFIxeEVuTnFRS2Z5OHRfbzlWSDkzZUVWOUp4SG9L?oc=5\" target=\"_blank\" rel=\"noopener\">Pourquoi Isra\u00ebl observe-t-il avec inqui\u00e9tude l\u2019intention de la Turquie de rejoindre l\u2019accord de d\u00e9fense entre l\u2019Arabie saoudite et le Pakistan ?<\/a>&nbsp;&nbsp;IsraJ<\/li>\n<\/ol>\n","protected":false},"excerpt":{"rendered":"La Turquie cherche \u00e0 rejoindre le pacte de d\u00e9fense sign\u00e9 entre l\u2019Arabie saoudite et le Pakistan&nbsp;&nbsp;Le Monde.fr L\u2019Arabie&hellip;\n","protected":false},"author":2,"featured_media":395849,"comment_status":"","ping_status":"","sticky":false,"template":"","format":"standard","meta":{"footnotes":""},"categories":[5],"tags":[11,1011,27,14,12,28],"class_list":{"0":"post-656662","1":"post","2":"type-post","3":"status-publish","4":"format-standard","5":"has-post-thumbnail","7":"category-international","8":"tag-actualites","9":"tag-fr","10":"tag-france","11":"tag-international","12":"tag-news","13":"tag-world"},"share_on_mastodon":{"url":"https:\/\/pubeurope.com\/@fr\/115877869268695646","error":""},"_links":{"self":[{"href":"https:\/\/www.europesays.com\/fr\/wp-json\/wp\/v2\/posts\/656662","targetHints":{"allow":["GET"]}}],"collection":[{"href":"https:\/\/www.europesays.com\/fr\/wp-json\/wp\/v2\/posts"}],"about":[{"href":"https:\/\/www.europesays.com\/fr\/wp-json\/wp\/v2\/types\/post"}],"author":[{"embeddable":true,"href":"https:\/\/www.europesays.com\/fr\/wp-json\/wp\/v2\/users\/2"}],"replies":[{"embeddable":true,"href":"https:\/\/www.europesays.com\/fr\/wp-json\/wp\/v2\/comments?post=656662"}],"version-history":[{"count":0,"href":"https:\/\/www.europesays.com\/fr\/wp-json\/wp\/v2\/posts\/656662\/revisions"}],"wp:featuredmedia":[{"embeddable":true,"href":"https:\/\/www.europesays.com\/fr\/wp-json\/wp\/v2\/media\/395849"}],"wp:attachment":[{"href":"https:\/\/www.europesays.com\/fr\/wp-json\/wp\/v2\/media?parent=656662"}],"wp:term":[{"taxonomy":"category","embeddable":true,"href":"https:\/\/www.europesays.com\/fr\/wp-json\/wp\/v2\/categories?post=656662"},{"taxonomy":"post_tag","embeddable":true,"href":"https:\/\/www.europesays.com\/fr\/wp-json\/wp\/v2\/tags?post=656662"}],"curies":[{"name":"wp","href":"https:\/\/api.w.org\/{rel}","templated":true}]}}