{"id":656663,"date":"2026-01-11T18:25:42","date_gmt":"2026-01-11T18:25:42","guid":{"rendered":"https:\/\/www.europesays.com\/fr\/656663\/"},"modified":"2026-01-11T18:25:42","modified_gmt":"2026-01-11T18:25:42","slug":"trois-skieurs-sont-morts-dans-des-avalanches-en-savoie-et-en-haute-savoie-ce-dimanche","status":"publish","type":"post","link":"https:\/\/www.europesays.com\/fr\/656663\/","title":{"rendered":"Trois skieurs sont morts dans des avalanches en Savoie et en Haute-Savoie ce dimanche"},"content":{"rendered":"<p>Trois nouveaux skieurs sont morts dimanche dans des avalanches \u00e0 Courchevel, La Plagne et Vallorcine. La veille, trois hommes avaient d\u00e9j\u00e0 \u00e9t\u00e9 emport\u00e9s alors qu&rsquo;ils pratiquaient le hors-piste dans les massifs savoyards class\u00e9s \u00e0 fort risque tout le week-end.<\/p>\n<p>Une nouvelle journ\u00e9e noire dans les massifs savoyards. Alors que le risque avalanche est toujours de 4 sur 5 ce dimanche, de nouvelles coul\u00e9es de neige ont eu lieu en Savoie et en Haute-Savoie, faisant trois morts, au lendemain d&rsquo;<a class=\"IciLink ici-link IciArticleLink g-ici-body-regular-1 underline brand svelte-1chfe2s\" href=\"https:\/\/www.francebleu.fr\/infos\/faits-divers-justice\/avalanche-mort-de-deux-skieurs-francais-en-hors-piste-a-val-d-isere-3424556\" target=\"_blank\" rel=\"noopener\">une journ\u00e9e tout aussi meurtri\u00e8re<\/a>. Ce dimanche, trois skieurs hors-piste ont p\u00e9ri apr\u00e8s avoir \u00e9t\u00e9 emport\u00e9s par des avalanches\u00a0\u00e0 Courchevel, La Plagne et Vallorcine, a appris ICI Pays de Savoie aupr\u00e8s des stations et de la gendarmerie.<\/p>\n<p>Trois morts \u00e0 Courchevel, La Plagne et Vallorcine<\/p>\n<p><strong>\u00c0 Courchevel, un skieur est mort<\/strong>, enseveli sous une avalanche dans le secteur hors-piste de Roche Grise. Les pisteurs de la station ont \u00e9t\u00e9 alert\u00e9s vers 11h38, indique la station sans plus de pr\u00e9cisions.<\/p>\n<p>Une autre coul\u00e9e est \u00e0 l&rsquo;origine de <strong>la mort d&rsquo;un skieur anglais d&rsquo;environ 50 ans dans un secteur hors-piste de La Plagne<\/strong>. L&rsquo;alerte a \u00e9t\u00e9 donn\u00e9e un peu avant 14h. De gros moyens ont \u00e9t\u00e9 engag\u00e9s pour tenter de localiser la victime\u00a0: 52 personnes, dont des pisteurs, des gendarmes du peloton de gendarmerie de haute montagne (PGHM) de Courchevel et des moniteurs de la station. Le skieur a malheureusement \u00e9t\u00e9 localis\u00e9 au bout de 50 minutes, enseveli sous 2,50 m\u00e8tres de neige, pr\u00e9cise la station de La Plagne.<\/p>\n<p>En fin d&rsquo;apr\u00e8s-midi, <strong>un skieur hors-piste a \u00e9t\u00e9 emport\u00e9 par une avalanche \u00e0 Vallorcine<\/strong> (Haute-Savoie) dans le secteur des Posettes, a annonc\u00e9 le peloton de gendarmerie de haute montagne (PGHM) de Chamonix. Cet homme de 32 ans a \u00e9t\u00e9 pr\u00e9cipit\u00e9 contre un arbre sans \u00eatre enseveli. Il n&rsquo;a pas surv\u00e9cu \u00e0 ses blessures.<\/p>\n<p>Un snowboardeur et un skieur bless\u00e9s<\/p>\n<p><strong>Deux autres avalanches ont eu lieu ce dimanche dans des secteurs hors-piste d&rsquo;Orelle et de Tignes<\/strong>, un skieur et un snowboardeur ont \u00e9t\u00e9 bless\u00e9s et emmen\u00e9s \u00e0 l&rsquo;h\u00f4pital. La premi\u00e8re a eu lieu vers 9h30 \u00e0 Tignes. <strong>Un snowboardeur a \u00e9t\u00e9 emport\u00e9<\/strong> et a\u00a0\u00e9t\u00e9 retrouv\u00e9 par les pisteurs \u00e0 moiti\u00e9 enseveli. Ils l&rsquo;ont d\u00e9gag\u00e9 puis \u00e9vacu\u00e9 vers l&rsquo;h\u00f4pital de Bourg-Saint-Maurice, en situation d&rsquo;hypothermie.<\/p>\n<p>\u00c0 Orelle, les pisteurs ont \u00e9t\u00e9 alert\u00e9s vers 10h30.\u00a0<strong>Deux skieurs hors-piste ont \u00e9t\u00e9 emport\u00e9s par une coul\u00e9e.<\/strong> Ils\u00a0n&rsquo;\u00e9taient pas \u00e9quip\u00e9s de d\u00e9tecteurs de victimes d&rsquo;avalanches.\u00a0L&rsquo;un des deux skieurs a \u00e9t\u00e9 enseveli, mais rapidement sorti de la neige\u00a0par les pisteurs-secouristes. Bless\u00e9, mais conscient, il a \u00e9t\u00e9 transport\u00e9 par h\u00e9licopt\u00e8re \u00e0 l&rsquo;h\u00f4pital de Bourg-Saint-Maurice. L&rsquo;autre skieur est indemne.<\/p>\n<p><strong>Une autre avalanche a \u00e9t\u00e9 signal\u00e9e en Maurienne<\/strong>, sur le domaine skiable du Corbier \/ Les Sybelles. Un perchman a alert\u00e9 le service des pistes vers 10h18 suite au d\u00e9clenchement d&rsquo;une grosse avalanche en secteur hors-piste d&rsquo;environ 300 m\u00e8tres de long et 80 m\u00e8tres de large. Des pisteurs, aid\u00e9s d&rsquo;un chien, se sont rendus sur place et ont d\u00e9couvert un ski. Finalement, plus de peur que de mal\u00a0: deux skieurs se sont pr\u00e9sent\u00e9s plus tard au centre de r\u00e9gulation en indiquant qu&rsquo;ils \u00e9taient \u00e0 l&rsquo;origine du d\u00e9clenchement de l&rsquo;avalanche. L&rsquo;un d&rsquo;eux a termin\u00e9 sa descente sur un seul ski.<\/p>\n<p> <img decoding=\"async\" src=\"https:\/\/www.europesays.com\/fr\/wp-content\/uploads\/2026\/01\/1768155940_367_1280.jpeg\" alt=\"illustration agrandir l'image\" style=\"--_image-preview:url('data:image\/jpeg;base64,\/9j\/2wBDACgcHiMeGSgjISMtKygwPGRBPDc3PHtYXUlkkYCZlo+AjIqgtObDoKrarYqMyP\/L2u71\/\/\/\/m8H\/\/\/\/6\/+b9\/\/j\/2wBDASstLTw1PHZBQXb4pYyl+Pj4+Pj4+Pj4+Pj4+Pj4+Pj4+Pj4+Pj4+Pj4+Pj4+Pj4+Pj4+Pj4+Pj4+Pj4+Pj4+Pj\/wAARCAAqABcDASIAAhEBAxEB\/8QAGAABAQEBAQAAAAAAAAAAAAAAAAIEAQP\/xAAXEAEBAQEAAAAAAAAAAAAAAAAAEgER\/8QAFgEBAQEAAAAAAAAAAAAAAAAAAAIB\/8QAFREBAQAAAAAAAAAAAAAAAAAAABH\/2gAMAwEAAhEDEQA\/AMcENEOwpLPA0QNo95JW4lqOCgFanVa5oJAB\/9k=');\" loading=\"lazy\" fetchpriority=\"low\" class=\"svelte-1cksh76 rounded\" onload=\"this.__e=event\" onerror=\"this.__e=event\"\/> La coul\u00e9e \u00e0 Orelle a emport\u00e9 deux skieurs en hors-piste, ce dimanche matin. \u00a9 Aucun(e) &#8211; Services des pistes d&rsquo;Orelle  La pr\u00e9fecture appelle \u00e0 la plus grande prudence<\/p>\n<p>\u00ab\u00a0\u00c0 12h30, les services de secours sont d\u00e9j\u00e0 intervenus sur <strong>six avalanches sur diff\u00e9rents massifs<\/strong> aujourd&rsquo;hui\u00a0\u00bb, \u00e9crit la pr\u00e9fecture de Savoie ce dimanche \u00e0 la mi-journ\u00e9e sur le r\u00e9seau social X. \u00ab\u00a0Le manteau neigeux est instable et le risque d\u2019avalanche est majeur sur l\u2019ensemble des massifs, aujourd&rsquo;hui et dans les prochains jours\u00a0\u00bb, rappelle la pr\u00e9fecture, soulignant les dangers du ski hors-piste dans de telles conditions.<\/p>\n<p> Trois morts samedi d\u00e9j\u00e0<\/p>\n<p>Depuis vendredi, M\u00e9t\u00e9o-France et la pr\u00e9fecture de Savoie avaient alert\u00e9 que le risque d&rsquo;avalanche dans quasiment tous les massifs alpins \u00e9tait \u00ab\u00a0fort\u00a0\u00bb durant tout le week-end et probablement jusqu&rsquo;\u00e0 mardi. Les autorit\u00e9s avaient recommand\u00e9 une \u00ab\u00a0extr\u00eame vigilance\u00a0\u00bb. Malgr\u00e9 ces alertes, trois skieurs \u00e9voluant en hors-piste avaient d\u00e9j\u00e0 p\u00e9ri samedi dans deux coul\u00e9es de neige distinctes en Savoie, deux \u00e0 Val d&rsquo;Is\u00e8re et un \u00e0 Ar\u00eaches-Beaufort.<\/p>\n<p>Les deux premiers, deux hommes, qui n&rsquo;\u00e9taient pas \u00e9quip\u00e9s de d\u00e9tecteurs de victime d&rsquo;avalanche, n&rsquo;ont pu \u00eatre localis\u00e9s que gr\u00e2ce \u00e0 leurs t\u00e9l\u00e9phones portables, ensevelis sous 2,5 m de neige mais trop tard pour pouvoir les r\u00e9animer. \u00c0 Ar\u00eaches-Beaufort, une autre personne qui accompagnait le skieur d\u00e9c\u00e9d\u00e9 n&rsquo;a eu la vie sauve que gr\u00e2ce \u00e0 la pr\u00e9sence d&rsquo;un pisteur qui l&rsquo;a entendue crier. Elle a \u00e9t\u00e9 hospitalis\u00e9e dans un \u00e9tat grave.<\/p>\n<p>\u00c0 lire aussi   <img decoding=\"async\" src=\"https:\/\/www.europesays.com\/fr\/wp-content\/uploads\/2026\/01\/1768155942_473_400x400.jpeg\" alt=\"\" style=\"--_image-preview:url('data:image\/jpeg;base64,\/9j\/2wBDACgcHiMeGSgjISMtKygwPGRBPDc3PHtYXUlkkYCZlo+AjIqgtObDoKrarYqMyP\/L2u71\/\/\/\/m8H\/\/\/\/6\/+b9\/\/j\/2wBDASstLTw1PHZBQXb4pYyl+Pj4+Pj4+Pj4+Pj4+Pj4+Pj4+Pj4+Pj4+Pj4+Pj4+Pj4+Pj4+Pj4+Pj4+Pj4+Pj4+Pj\/wAARCAAXACoDASIAAhEBAxEB\/8QAFgABAQEAAAAAAAAAAAAAAAAAAAEC\/8QAFhABAQEAAAAAAAAAAAAAAAAAAAER\/8QAFwEBAQEBAAAAAAAAAAAAAAAAAAECA\/\/EABYRAQEBAAAAAAAAAAAAAAAAAAABEf\/aAAwDAQACEQMRAD8A1KusSmulrEi2s2lrNZ1oQEG4oAlYoIIoKP\/Z');\" loading=\"lazy\" fetchpriority=\"low\" aria-hidden=\"true\" class=\"svelte-1cksh76 rounded\" onload=\"this.__e=event\" onerror=\"this.__e=event\"\/><\/p>\n","protected":false},"excerpt":{"rendered":"Trois nouveaux skieurs sont morts dimanche dans des avalanches \u00e0 Courchevel, La Plagne et Vallorcine. La veille, trois&hellip;\n","protected":false},"author":2,"featured_media":656664,"comment_status":"","ping_status":"","sticky":false,"template":"","format":"standard","meta":{"footnotes":""},"categories":[4],"tags":[11,1011,27,12,25],"class_list":{"0":"post-656663","1":"post","2":"type-post","3":"status-publish","4":"format-standard","5":"has-post-thumbnail","7":"category-france","8":"tag-actualites","9":"tag-fr","10":"tag-france","11":"tag-news","12":"tag-republique-francaise"},"share_on_mastodon":{"url":"https:\/\/pubeurope.com\/@fr\/115877873285668395","error":""},"_links":{"self":[{"href":"https:\/\/www.europesays.com\/fr\/wp-json\/wp\/v2\/posts\/656663","targetHints":{"allow":["GET"]}}],"collection":[{"href":"https:\/\/www.europesays.com\/fr\/wp-json\/wp\/v2\/posts"}],"about":[{"href":"https:\/\/www.europesays.com\/fr\/wp-json\/wp\/v2\/types\/post"}],"author":[{"embeddable":true,"href":"https:\/\/www.europesays.com\/fr\/wp-json\/wp\/v2\/users\/2"}],"replies":[{"embeddable":true,"href":"https:\/\/www.europesays.com\/fr\/wp-json\/wp\/v2\/comments?post=656663"}],"version-history":[{"count":0,"href":"https:\/\/www.europesays.com\/fr\/wp-json\/wp\/v2\/posts\/656663\/revisions"}],"wp:featuredmedia":[{"embeddable":true,"href":"https:\/\/www.europesays.com\/fr\/wp-json\/wp\/v2\/media\/656664"}],"wp:attachment":[{"href":"https:\/\/www.europesays.com\/fr\/wp-json\/wp\/v2\/media?parent=656663"}],"wp:term":[{"taxonomy":"category","embeddable":true,"href":"https:\/\/www.europesays.com\/fr\/wp-json\/wp\/v2\/categories?post=656663"},{"taxonomy":"post_tag","embeddable":true,"href":"https:\/\/www.europesays.com\/fr\/wp-json\/wp\/v2\/tags?post=656663"}],"curies":[{"name":"wp","href":"https:\/\/api.w.org\/{rel}","templated":true}]}}