{"id":656667,"date":"2026-01-11T18:27:26","date_gmt":"2026-01-11T18:27:26","guid":{"rendered":"https:\/\/www.europesays.com\/fr\/656667\/"},"modified":"2026-01-11T18:27:26","modified_gmt":"2026-01-11T18:27:26","slug":"loire-il-refuse-dobtemperer-prend-la-fuite-et-menace-un-automobiliste-avec-un-couteau","status":"publish","type":"post","link":"https:\/\/www.europesays.com\/fr\/656667\/","title":{"rendered":"Loire. Il refuse d\u2019obtemp\u00e9rer, prend la fuite et menace un automobiliste avec un couteau"},"content":{"rendered":"<p>Un automobiliste roule \u00e0 tr\u00e8s vive allure dans les rues de Saint-\u00c9tienne lorsque les policiers tentent de le contr\u00f4ler, en vain, ce vendredi 9\u00a0janvier.<\/p>\n<p>Le St\u00e9phanois de 28 ans <a href=\"https:\/\/www.leprogres.fr\/faits-divers-justice\/2026\/01\/03\/refus-d-obtemperer-et-course-poursuite-sur-15-km-un-homme-interpelle\" target=\"_blank\" rel=\"noopener\">refuse d\u2019obtemp\u00e9rer et prend la fuite<\/a> en voiture de mani\u00e8re dangereuse. Son v\u00e9hicule est stopp\u00e9 par un deuxi\u00e8me \u00e9quipage de police sur le boulevard Jules-Janin vers 16\u00a0h\u00a040. Mais l\u2019homme prend la fuite \u00e0 pied. Il se pr\u00e9cipite vers le parking du concessionnaire Honda et prend \u00e0 partie une personne qui \u00e9tait au volant de son automobile. Il la menace avec un couteau pour tenter de substituer le v\u00e9hicule et est interpell\u00e9 \u00e0 ce moment.<\/p>\n<p>  D\u00e9j\u00e0 condamn\u00e9 pour des d\u00e9lits routiers<\/p>\n<p>Le St\u00e9phanois se rebelle et violente les policiers avant d\u2019\u00eatre plac\u00e9 en garde \u00e0 vue. Apr\u00e8s v\u00e9rification, il roulait sans permis de conduire, sous stup\u00e9fiants et avec un v\u00e9hicule qui faisait l\u2019objet d\u2019une immobilisation.<\/p>\n<p>Pourtant, l\u2019homme a d\u00e9j\u00e0 \u00e9t\u00e9 condamn\u00e9 par le tribunal de M\u00e2con pour un refus d\u2019obtemp\u00e9rer et <a href=\"https:\/\/www.leprogres.fr\/faits-divers-justice\/2025\/10\/13\/de-nombreux-delits-routiers-dans-l-agglomeration-stephanoise-ces-derniers-jours\" target=\"_blank\" rel=\"noopener\">des d\u00e9lits routiers<\/a>. Il avait \u00e9cop\u00e9 de cinq mois de prison qu\u2019il n\u2019a toujours pas ex\u00e9cut\u00e9s.<\/p>\n<p>L\u2019individu est pr\u00e9sent\u00e9 ce dimanche devant le parquet de Saint-\u00c9tienne pour ex\u00e9cuter cette peine et compara\u00eetra devant le tribunal judiciaire st\u00e9phanois le 27\u00a0mars pour r\u00e9pondre de ses nouveaux d\u00e9lits.<\/p>\n","protected":false},"excerpt":{"rendered":"Un automobiliste roule \u00e0 tr\u00e8s vive allure dans les rues de Saint-\u00c9tienne lorsque les policiers tentent de le&hellip;\n","protected":false},"author":2,"featured_media":656668,"comment_status":"","ping_status":"","sticky":false,"template":"","format":"standard","meta":{"footnotes":""},"categories":[9653],"tags":[1111,11,2430,271,272,7539,1777,674,274,107,1011,27,3367,12,25,4001,7538],"class_list":{"0":"post-656667","1":"post","2":"type-post","3":"status-publish","4":"format-standard","5":"has-post-thumbnail","7":"category-saint-etienne","8":"tag-actu","9":"tag-actualites","10":"tag-auvergne-rhone-alpes","11":"tag-crime","12":"tag-delit-et-contravention","13":"tag-edition-loire-sud","14":"tag-eu","15":"tag-europe","16":"tag-faits-divers-justice","17":"tag-fil-info","18":"tag-fr","19":"tag-france","20":"tag-loire","21":"tag-news","22":"tag-republique-francaise","23":"tag-saint-etienne","24":"tag-saint-etienne-ville"},"share_on_mastodon":{"url":"https:\/\/pubeurope.com\/@fr\/115877881051533051","error":""},"_links":{"self":[{"href":"https:\/\/www.europesays.com\/fr\/wp-json\/wp\/v2\/posts\/656667","targetHints":{"allow":["GET"]}}],"collection":[{"href":"https:\/\/www.europesays.com\/fr\/wp-json\/wp\/v2\/posts"}],"about":[{"href":"https:\/\/www.europesays.com\/fr\/wp-json\/wp\/v2\/types\/post"}],"author":[{"embeddable":true,"href":"https:\/\/www.europesays.com\/fr\/wp-json\/wp\/v2\/users\/2"}],"replies":[{"embeddable":true,"href":"https:\/\/www.europesays.com\/fr\/wp-json\/wp\/v2\/comments?post=656667"}],"version-history":[{"count":0,"href":"https:\/\/www.europesays.com\/fr\/wp-json\/wp\/v2\/posts\/656667\/revisions"}],"wp:featuredmedia":[{"embeddable":true,"href":"https:\/\/www.europesays.com\/fr\/wp-json\/wp\/v2\/media\/656668"}],"wp:attachment":[{"href":"https:\/\/www.europesays.com\/fr\/wp-json\/wp\/v2\/media?parent=656667"}],"wp:term":[{"taxonomy":"category","embeddable":true,"href":"https:\/\/www.europesays.com\/fr\/wp-json\/wp\/v2\/categories?post=656667"},{"taxonomy":"post_tag","embeddable":true,"href":"https:\/\/www.europesays.com\/fr\/wp-json\/wp\/v2\/tags?post=656667"}],"curies":[{"name":"wp","href":"https:\/\/api.w.org\/{rel}","templated":true}]}}